{"id":38789,"date":"2025-11-03T11:33:08","date_gmt":"2025-11-03T11:33:08","guid":{"rendered":"https:\/\/www.europesays.com\/lv\/38789\/"},"modified":"2025-11-03T11:33:08","modified_gmt":"2025-11-03T11:33:08","slug":"ukrainu-lidroboti-uzbrukusi-saratovas-naftas-bazei-tvnet","status":"publish","type":"post","link":"https:\/\/www.europesays.com\/lv\/38789\/","title":{"rendered":"Ukrai\u0146u lidroboti uzbruku\u0161i Saratovas naftas b\u0101zei &#8211; TVNET"},"content":{"rendered":"<ol>\n<li><a href=\"https:\/\/news.google.com\/rss\/articles\/CBMihgFBVV95cUxPZUtCal9RbHhQUWFJX01OenZaM1UyUXRKUXVmR1Z1VkpJeWxRLVRMWEtnUTNjMDBvTWRleGUtR0U3bmM5UkFyZzN3amEtN1lGWEJSNWpRdnhYLV85YWhVZjY1WkxFLUpySWFURlkzQ2FTV2hGNzFhWUxXVjM4ZUwwdlMtX0tBdw?oc=5\" target=\"_blank\" rel=\"nofollow noopener\">Ukrai\u0146u lidroboti uzbruku\u0161i Saratovas naftas b\u0101zei<\/a>&nbsp;&nbsp;TVNET<\/li>\n<li><a href=\"https:\/\/news.google.com\/rss\/articles\/CBMiuwFBVV95cUxON1hWdlJoMHlwZEx0UVBNb0FORHdHTGk5QkVhaDRPZ2RadTRESHRNUjBqZTBOZUlfdUQ3cEVMZEZSVG5CNWVfaVlCOXZDc1Z0Z0dGc2FULW85cUdCUlVMMmN4c0d2TG9QeHE4YTAxZGNvVVBSUWZNNDR4OVdUWnh4SFhudmYzb0JxV2NucGtHNTV1bGs3VjYtbmlNWlFHOHotZU44SUIyZ1pQVjJyLU9HMGdZUkNKa1FfdVVZ?oc=5\" target=\"_blank\" rel=\"nofollow noopener\">Ukraina uzspridzin\u0101jusi naftas cauru\u013cvadu Maskavas apgabal\u0101 \/ Raksts<\/a>&nbsp;&nbsp;LSM<\/li>\n<li><a href=\"https:\/\/news.google.com\/rss\/articles\/CBMiwgFBVV95cUxQd3hxTjR5ZmJjTzd6NVMzeHhJU1VLRWMweFFZNzJCekptanZNdG1KcFRDcVIzbTB3aU9CUUNoaWtqZ28xYnJOeGRhNGdYZzl1S1RpSGR2b3pvWG1hRTJWRU5qeXpPRG05cTIxeHYwcm9NZVpMcWV5NjY3ZGpwRm9lczNDTTlzN1VGLVQ1bzNYeGEwV0ZNMXR4Ri1sb2wwRFM0Wkk0bnI1ZzZwekNkUW9idHV0bWdaQXVibnlYLXBYc19sQQ?oc=5\" target=\"_blank\" rel=\"nofollow noopener\">D\u016bmi, spr\u0101dzieni un panika: \u012bsta elles nakts pa\u0161\u0101 Krievijas sird\u012b, Ukrainas uzbrukums paraliz\u0113 elektrostaciju<\/a>&nbsp;&nbsp;LA.LV<\/li>\n<li><a href=\"https:\/\/news.google.com\/rss\/articles\/CBMiswFBVV95cUxPRXRFX01ZcGR0dzlYdkVPMVBGYUhoUmlSdHVYQllBR3NYNmcxdXJIQnZsbHQxQ1ZiOGlpbXlaUFpoWXBWSFBmN0RDNHZMNWFlUlNVLTU4UXh2QTNmZFRNUnQ2al9TaEZpT0hLWkpkdnFjQTllYVJPTVFNd193YUFCb1IyVWFWeElfdzR1SzM5ZFZXNm5JN1pveVEwc201dEQwcWZWNWxhajU4QThhU0hZU0llQQ?oc=5\" target=\"_blank\" rel=\"nofollow noopener\">Tuapses ost\u0101 Ukrainas dronu uzbrukum\u0101 boj\u0101ts naftas termin\u0101lis, aizdedzies tankku\u0123is<\/a>&nbsp;&nbsp;Apollo.lv<\/li>\n<li><a href=\"https:\/\/news.google.com\/rss\/articles\/CBMipgFBVV95cUxQeWNGUUY2LXdyT3JlOU1vSzNOb2t3SF8xOUs3SjVILV9nRjBtRDlqdk91TWJMYUxqR3I4d0xhZll6WTl6WTVCX1JHWlNhdDNPNGd3NGJDbFNtZ2JIZGdLckhLTy03Q3BKcDZkUFNVc3RQajRPeXdySnQ1SE5fbTZMLTVJbk9MbkxxWUR3NnFaWFZJd0NCYVBUa3hXN3F3WGlMSnZlSlh3?oc=5\" target=\"_blank\" rel=\"nofollow noopener\">Ukraina uzspridzina naftas cauru\u013cvadu Maskavas apgabal\u0101<\/a>&nbsp;&nbsp;Delfi<\/li>\n<\/ol>\n","protected":false},"excerpt":{"rendered":"Ukrai\u0146u lidroboti uzbruku\u0161i Saratovas naftas b\u0101zei&nbsp;&nbsp;TVNET Ukraina uzspridzin\u0101jusi naftas cauru\u013cvadu Maskavas apgabal\u0101 \/ Raksts&nbsp;&nbsp;LSM D\u016bmi, spr\u0101dzieni un panika:&hellip;\n","protected":false},"author":2,"featured_media":38790,"comment_status":"","ping_status":"","sticky":false,"template":"","format":"standard","meta":{"footnotes":""},"categories":[14],"tags":[23,57,28,29,32,33,22,234,74,30,31,35,39,38,36,37,34,40,20,26,27,24,25,276,54,55,56,21,58],"class_list":{"0":"post-38789","1":"post","2":"type-post","3":"status-publish","4":"format-standard","5":"has-post-thumbnail","7":"category-zinas-no-arvalstim","8":"tag-aktualitates","9":"tag-arvalstim","10":"tag-breaking-news","11":"tag-breakingnews","12":"tag-featured-news","13":"tag-featurednews","14":"tag-headlines","15":"tag-krievija","16":"tag-krievijas-iebrukums-ukraina","17":"tag-latest-news","18":"tag-latestnews","19":"tag-latvia","20":"tag-latvian","21":"tag-latviesu","22":"tag-latviesu-valoda","23":"tag-latviesuvaloda","24":"tag-latvija","25":"tag-lv","26":"tag-news","27":"tag-popularakas-zinas","28":"tag-popularakaszinas","29":"tag-top-stories","30":"tag-topstories","31":"tag-ukraina","32":"tag-world","33":"tag-world-news","34":"tag-worldnews","35":"tag-zinas","36":"tag-zinas-no-arvalstim"},"share_on_mastodon":{"url":"https:\/\/pubeurope.com\/@lv\/115485553722779620","error":""},"_links":{"self":[{"href":"https:\/\/www.europesays.com\/lv\/wp-json\/wp\/v2\/posts\/38789","targetHints":{"allow":["GET"]}}],"collection":[{"href":"https:\/\/www.europesays.com\/lv\/wp-json\/wp\/v2\/posts"}],"about":[{"href":"https:\/\/www.europesays.com\/lv\/wp-json\/wp\/v2\/types\/post"}],"author":[{"embeddable":true,"href":"https:\/\/www.europesays.com\/lv\/wp-json\/wp\/v2\/users\/2"}],"replies":[{"embeddable":true,"href":"https:\/\/www.europesays.com\/lv\/wp-json\/wp\/v2\/comments?post=38789"}],"version-history":[{"count":0,"href":"https:\/\/www.europesays.com\/lv\/wp-json\/wp\/v2\/posts\/38789\/revisions"}],"wp:featuredmedia":[{"embeddable":true,"href":"https:\/\/www.europesays.com\/lv\/wp-json\/wp\/v2\/media\/38790"}],"wp:attachment":[{"href":"https:\/\/www.europesays.com\/lv\/wp-json\/wp\/v2\/media?parent=38789"}],"wp:term":[{"taxonomy":"category","embeddable":true,"href":"https:\/\/www.europesays.com\/lv\/wp-json\/wp\/v2\/categories?post=38789"},{"taxonomy":"post_tag","embeddable":true,"href":"https:\/\/www.europesays.com\/lv\/wp-json\/wp\/v2\/tags?post=38789"}],"curies":[{"name":"wp","href":"https:\/\/api.w.org\/{rel}","templated":true}]}}