{"id":38803,"date":"2025-11-03T11:45:07","date_gmt":"2025-11-03T11:45:07","guid":{"rendered":"https:\/\/www.europesays.com\/lv\/38803\/"},"modified":"2025-11-03T11:45:07","modified_gmt":"2025-11-03T11:45:07","slug":"krievi-macas-turklat-macas-visos-trijos-galvenajos-komandvadibas-limenos-ukrainas-spekiem-radusas-jaunas-problemas","status":"publish","type":"post","link":"https:\/\/www.europesays.com\/lv\/38803\/","title":{"rendered":"\u201cKrievi m\u0101c\u0101s, turkl\u0101t m\u0101c\u0101s visos trijos galvenajos komandvad\u012bbas l\u012bme\u0146os!\u201d Ukrainas sp\u0113kiem radu\u0161\u0101s jaunas probl\u0113mas"},"content":{"rendered":"<p>K\u0101 \u0161obr\u012bd situ\u0101ciju front\u0113 raksturo pati Ukrainas puse? T\u0101, ka krievi m\u0101c\u0101s, turkl\u0101t m\u0101c\u0101s visos trijos galvenajos komandvad\u012bbas l\u012bme\u0146os \u2014 gan taktiskaj\u0101, operat\u012bvaj\u0101, gan strat\u0113\u0123iskaj\u0101. Krievijas uzbrukumus \u0161obr\u012bd nevar sal\u012bdzin\u0101t ar to, k\u0101di tie bija Bahmut\u0101, Avdijivk\u0101, jo taktisk\u0101 l\u012bmen\u012b krievi ir sp\u0113ru\u0161i \u013coti lielu soli. \u0160\u0101du faktu atkl\u0101j J\u0101nis Slaidi\u0146\u0161, NBS majors, Zemessardzes \u0161t\u0101ba virsnieks. <\/p>\n<p>        Las\u012bt\u0101kie<br \/>\n        <a data-imagesrc=\"{&quot;300&quot;:&quot;https:\\\/\\\/lastatic.ams3.cdn.digitaloceanspaces.com\\\/2021\\\/11\\\/kakis6-300x199.jpg&quot;,&quot;1024&quot;:&quot;https:\\\/\\\/lastatic.ams3.cdn.digitaloceanspaces.com\\\/2021\\\/11\\\/kakis6-1024x680.jpg&quot;,&quot;768&quot;:&quot;https:\\\/\\\/lastatic.ams3.cdn.digitaloceanspaces.com\\\/2021\\\/11\\\/kakis6-768x510.jpg&quot;,&quot;200&quot;:&quot;https:\\\/\\\/lastatic.ams3.cdn.digitaloceanspaces.com\\\/2021\\\/11\\\/kakis6-200x133.jpg&quot;,&quot;400&quot;:&quot;https:\\\/\\\/lastatic.ams3.cdn.digitaloceanspaces.com\\\/2021\\\/11\\\/kakis6-400x265.jpg&quot;,&quot;500&quot;:&quot;https:\\\/\\\/lastatic.ams3.cdn.digitaloceanspaces.com\\\/2021\\\/11\\\/kakis6-500x332.jpg&quot;,&quot;800&quot;:&quot;https:\\\/\\\/lastatic.ams3.cdn.digitaloceanspaces.com\\\/2021\\\/11\\\/kakis6-800x531.jpg&quot;,&quot;1000&quot;:&quot;https:\\\/\\\/lastatic.ams3.cdn.digitaloceanspaces.com\\\/2021\\\/11\\\/kakis6-1000x664.jpg&quot;,&quot;1252&quot;:&quot;https:\\\/\\\/lastatic.ams3.cdn.digitaloceanspaces.com\\\/2021\\\/11\\\/kakis6.jpg&quot;}\" data-focuspoint=\"&quot;&quot;\" data-p=\"2459691\" href=\"https:\/\/www.la.lv\/berzesanas-gar-kajam-gulesana-virsu-astes-kustinasana-iemacies-saprast-ko-kakis-tev-sadi-saka\" class=\"content-item lazy-load\" wp_automatic_readability=\"28\" rel=\"nofollow noopener\" target=\"_blank\"><\/p>\n<p>                                <img decoding=\"async\" src=\"\" alt=\"\" style=\"\" data-imageid=\"\"\/><\/p>\n<p>                                M\u0101jas<\/p>\n<p>\n                                                Berz\u0113\u0161an\u0101s gar k\u0101j\u0101m, gul\u0113\u0161ana virs\u016b, astes kustin\u0101\u0161ana \u2013 iem\u0101cies saprast, ko ka\u0137is tev \u0161\u0101di \u201csaka\u201d\n                            <\/p>\n<p><\/a><a data-imagesrc=\"{&quot;300&quot;:&quot;https:\\\/\\\/lastatic.ams3.cdn.digitaloceanspaces.com\\\/2019\\\/09\\\/shutterstock_1394650529-300x200.jpg&quot;,&quot;768&quot;:&quot;https:\\\/\\\/lastatic.ams3.cdn.digitaloceanspaces.com\\\/2019\\\/09\\\/shutterstock_1394650529-768x513.jpg&quot;,&quot;200&quot;:&quot;https:\\\/\\\/lastatic.ams3.cdn.digitaloceanspaces.com\\\/2019\\\/09\\\/shutterstock_1394650529-200x134.jpg&quot;,&quot;400&quot;:&quot;https:\\\/\\\/lastatic.ams3.cdn.digitaloceanspaces.com\\\/2019\\\/09\\\/shutterstock_1394650529-400x267.jpg&quot;,&quot;500&quot;:&quot;https:\\\/\\\/lastatic.ams3.cdn.digitaloceanspaces.com\\\/2019\\\/09\\\/shutterstock_1394650529-500x334.jpg&quot;,&quot;800&quot;:&quot;https:\\\/\\\/lastatic.ams3.cdn.digitaloceanspaces.com\\\/2019\\\/09\\\/shutterstock_1394650529.jpg&quot;}\" data-focuspoint=\"&quot;&quot;\" data-p=\"2455909\" href=\"https:\/\/www.la.lv\/7-produkti-kurus-ieklaujot-uztura-katru-dienu-sanemsiet-teju-visas-organismam-nepieciesamas-baribas-vielas\" class=\"content-item lazy-load\" wp_automatic_readability=\"27.5\" rel=\"nofollow noopener\" target=\"_blank\"><\/p>\n<p>                                <img decoding=\"async\" src=\"\" alt=\"\" style=\"\" data-imageid=\"\"\/><\/p>\n<p>                                Veselam<\/p>\n<p>\n                                                7 produkti, kurus iek\u013caujot uztur\u0101 katru dienu, sa\u0146emsiet teju visas organismam nepiecie\u0161am\u0101s bar\u012bbas vielas\n                            <\/p>\n<p><\/a><a data-imagesrc=\"{&quot;300&quot;:&quot;https:\\\/\\\/lastatic.ams3.cdn.digitaloceanspaces.com\\\/2025\\\/11\\\/LET_24849343-300x196.jpg&quot;,&quot;1024&quot;:&quot;https:\\\/\\\/lastatic.ams3.cdn.digitaloceanspaces.com\\\/2025\\\/11\\\/LET_24849343-1024x670.jpg&quot;,&quot;1536&quot;:&quot;https:\\\/\\\/lastatic.ams3.cdn.digitaloceanspaces.com\\\/2025\\\/11\\\/LET_24849343-1536x1006.jpg&quot;,&quot;500&quot;:&quot;https:\\\/\\\/lastatic.ams3.cdn.digitaloceanspaces.com\\\/2025\\\/11\\\/LET_24849343-500x327.jpg&quot;,&quot;800&quot;:&quot;https:\\\/\\\/lastatic.ams3.cdn.digitaloceanspaces.com\\\/2025\\\/11\\\/LET_24849343-800x524.jpg&quot;,&quot;2560&quot;:&quot;https:\\\/\\\/lastatic.ams3.cdn.digitaloceanspaces.com\\\/2025\\\/11\\\/LET_24849343-scaled.jpg&quot;}\" data-focuspoint=\"&quot;&quot;\" data-p=\"2459703\" href=\"https:\/\/www.la.lv\/atrasts-vainigais-kurs-tiek-apsudzets-nelegala-elektribas-piesleguma-ierikosana-andreja-elksnina-ipasuma\" class=\"content-item lazy-load\" wp_automatic_readability=\"27\" rel=\"nofollow noopener\" target=\"_blank\"><\/p>\n<p>                                <img decoding=\"async\" src=\"\" alt=\"\" style=\"\" data-imageid=\"\"\/><\/p>\n<p>\n                                                Atrasts vain\u012bgais, kur\u0161 tiek aps\u016bdz\u0113ts neleg\u0101l\u0101 elektr\u012bbas piesl\u0113guma ier\u012bko\u0161an\u0101 Andreja Elksni\u0146a \u012bpa\u0161um\u0101\n                            <\/p>\n<p><\/a><br \/>\n        <a class=\"read-more\" href=\"https:\/\/www.la.lv\/top\" rel=\"nofollow noopener\" target=\"_blank\">Las\u012bt citas zi\u0146as<\/a><\/p>\n<p>K\u0101 TV24 raid\u012bjum\u0101 \u201cAktu\u0101lais par karadarb\u012bbu Ukrain\u0101\u201d vi\u0146\u0161 sac\u012bja: \u201cTe galvenais ir tas, ka vi\u0146i ir apguvu\u0161i iefiltr\u0113\u0161anos un slepenas iek\u013c\u016b\u0161anas metodes, nevis trieku\u0161ies virs\u016b front\u0101li pils\u0113t\u0101m. J\u0101, bija pie Prokovskas, kad front\u0101li uzbruka, bet vi\u0146i to sp\u0113ja main\u012bt. \u0160\u0101d\u0101m oper\u0101cij\u0101m j\u0101b\u016bt labai koordin\u0101cijai, stabilai vad\u012bbai un kontrolei.\u201d <\/p>\n<p>Tie\u0161i iefiltr\u0113\u0161an\u0101s taktika ir p\u0101rsteigusi Ukrainas bru\u0146otos sp\u0113kus un rad\u012bjusi diezgan pamat\u012bgas probl\u0113mas aizsardz\u012bb\u0101, to nevar noliegt \u2014 krievi reiz\u0113m p\u0101rsteidz, nor\u0101da Slaidi\u0146\u0161, piebilstot, ka t\u0101pat bija ar cietumniekiem, kurus dzina vienk\u0101r\u0161i vi\u013c\u0146os uzbrukum\u0101. \u201cTas nostr\u0101d\u0101ja taj\u0101 br\u012bd\u012b. P\u0113c tam jau t\u0101 vairs nevar\u0113ja.\u201d<\/p>\n<p>    Kas main\u012bsies, kad iest\u0101sies ziema?<br \/>\n    CITI \u0160OBR\u012aD LASA<\/p>\n<p>Debes\u012bs, noteikti, b\u016bs maz\u0101k dronu, bet vair\u0101k iesp\u0113ju kaujas tehnikai p\u0101rvietoties pa ce\u013ciem. \u0160is dronu izmanto\u0161anas tr\u016bkums var pamudin\u0101t krievus izmantot vair\u0101k tanku un, protams, k\u0101jnieku kaujas ma\u0161\u012bnas. <\/p>\n<p>Ukrai\u0146iem apg\u0101des ce\u013ci l\u012bdz ar to var k\u013c\u016bt nedaudz dro\u0161\u0101ki, sprie\u017e majors. \u201cIr skaidrs, ka dronu darb\u012bba b\u016bs ierobe\u017eot\u0101ka visiem laika apst\u0101k\u013cu d\u0113\u013c. Ta\u010du, ja laika apst\u0101k\u013ci ir slikti, var izmantot mas\u012bvu kaujas tehnikas triecienu \u2014 tas noz\u012bm\u0113, ka uzsvars b\u016bs uz artil\u0113riju,\u201d br\u012bdina Slaidi\u0146\u0161. <\/p>\n<p>\u201cTiesa gan, artil\u0113riju var izmantot tad, ja ir \u2018acis aug\u0161\u0101\u2019 \u2014 t\u0101 k\u0101 to neb\u016bs, tad, visticam\u0101k, tiks iedarbin\u0101ti vecie, labi d\u017eevel\u012bni. L\u012bdz ar rudens iest\u0101\u0161anos krievi s\u0101k vair\u0101k meh\u0101niz\u0113tos uzbrukumus, jo tanki vi\u0146iem ir daudz sapulcin\u0101ti, t\u0101pat ar\u012b cita kaujas tehnika, kas gaida, kad zeme sasals un var\u0113s izv\u0113rst uzbrukumus. T\u0101 k\u0101 laiks ir miglains, ar\u012b ukrai\u0146iem neizdodas no gaisa laikus konstat\u0113t un noteikt vietas, kur pulc\u0113jas krievu kaujas tehnika,\u201d rezum\u0113 Slaidi\u0146\u0161.<\/p>\n<p>T\u0113mas<\/p>\n<p>    SAIST\u012aTIE RAKSTI<\/p>\n","protected":false},"excerpt":{"rendered":"K\u0101 \u0161obr\u012bd situ\u0101ciju front\u0113 raksturo pati Ukrainas puse? T\u0101, ka krievi m\u0101c\u0101s, turkl\u0101t m\u0101c\u0101s visos trijos galvenajos komandvad\u012bbas&hellip;\n","protected":false},"author":2,"featured_media":38804,"comment_status":"","ping_status":"","sticky":false,"template":"","format":"standard","meta":{"footnotes":""},"categories":[14],"tags":[23,57,28,29,32,33,22,30,31,35,39,38,36,37,34,40,20,26,27,24,25,54,55,56,21,58],"class_list":{"0":"post-38803","1":"post","2":"type-post","3":"status-publish","4":"format-standard","5":"has-post-thumbnail","7":"category-zinas-no-arvalstim","8":"tag-aktualitates","9":"tag-arvalstim","10":"tag-breaking-news","11":"tag-breakingnews","12":"tag-featured-news","13":"tag-featurednews","14":"tag-headlines","15":"tag-latest-news","16":"tag-latestnews","17":"tag-latvia","18":"tag-latvian","19":"tag-latviesu","20":"tag-latviesu-valoda","21":"tag-latviesuvaloda","22":"tag-latvija","23":"tag-lv","24":"tag-news","25":"tag-popularakas-zinas","26":"tag-popularakaszinas","27":"tag-top-stories","28":"tag-topstories","29":"tag-world","30":"tag-world-news","31":"tag-worldnews","32":"tag-zinas","33":"tag-zinas-no-arvalstim"},"share_on_mastodon":{"url":"https:\/\/pubeurope.com\/@lv\/115485600888997532","error":""},"_links":{"self":[{"href":"https:\/\/www.europesays.com\/lv\/wp-json\/wp\/v2\/posts\/38803","targetHints":{"allow":["GET"]}}],"collection":[{"href":"https:\/\/www.europesays.com\/lv\/wp-json\/wp\/v2\/posts"}],"about":[{"href":"https:\/\/www.europesays.com\/lv\/wp-json\/wp\/v2\/types\/post"}],"author":[{"embeddable":true,"href":"https:\/\/www.europesays.com\/lv\/wp-json\/wp\/v2\/users\/2"}],"replies":[{"embeddable":true,"href":"https:\/\/www.europesays.com\/lv\/wp-json\/wp\/v2\/comments?post=38803"}],"version-history":[{"count":0,"href":"https:\/\/www.europesays.com\/lv\/wp-json\/wp\/v2\/posts\/38803\/revisions"}],"wp:featuredmedia":[{"embeddable":true,"href":"https:\/\/www.europesays.com\/lv\/wp-json\/wp\/v2\/media\/38804"}],"wp:attachment":[{"href":"https:\/\/www.europesays.com\/lv\/wp-json\/wp\/v2\/media?parent=38803"}],"wp:term":[{"taxonomy":"category","embeddable":true,"href":"https:\/\/www.europesays.com\/lv\/wp-json\/wp\/v2\/categories?post=38803"},{"taxonomy":"post_tag","embeddable":true,"href":"https:\/\/www.europesays.com\/lv\/wp-json\/wp\/v2\/tags?post=38803"}],"curies":[{"name":"wp","href":"https:\/\/api.w.org\/{rel}","templated":true}]}}