{"id":38815,"date":"2025-11-03T11:54:17","date_gmt":"2025-11-03T11:54:17","guid":{"rendered":"https:\/\/www.europesays.com\/lv\/38815\/"},"modified":"2025-11-03T11:54:17","modified_gmt":"2025-11-03T11:54:17","slug":"ar-verienigu-koncertu-klatiene-un-tiesraide-10-jubileju-svines-lielais-dzintars","status":"publish","type":"post","link":"https:\/\/www.europesays.com\/lv\/38815\/","title":{"rendered":"Ar v\u0113rien\u012bgu koncertu kl\u0101tien\u0113 un tie\u0161raid\u0113 10. jubileju svin\u0113s &#8220;Lielais dzintars&#8221;"},"content":{"rendered":"<p>Piektdien, 7. novembr\u012b, ar vok\u0101li simfonisko \u0161edevru &#8220;Gurres dziesmas&#8221; v\u0113rien\u012bg\u0101 koncert\u0101 10. jubileju svin\u0113s Liep\u0101jas koncertz\u0101le &#8220;<a rel=\"noopener nofollow\" target=\"_blank\" href=\"https:\/\/www.delfi.lv\/temas\/41958740\/lielais-dzintars\" tag-id=\"41958740\">Lielais dzintars<\/a>&#8220;.<\/p>\n<p>Koncerts b\u016bs skat\u0101ms ar\u012b tie\u0161raid\u0113 gan &#8220;Liel\u0101 dzintara&#8221; m\u0101jaslap\u0101, gan ar\u012b port\u0101l\u0101 &#8220;Delfi&#8221;.<\/p>\n<p>K\u0101 nor\u0101da koncerta r\u012bkot\u0101ji, Liep\u0101jas koncertz\u0101le &#8220;Lielais dzintars&#8221; ir viena no piem\u0113rot\u0101kaj\u0101m \u0161\u0101du ska\u0146darbu atska\u0146o\u0161anai un par tik v\u0113rien\u012bga projekta k\u0101 Arnolda \u0160\u0113nberga &#8220;Gurres dziesmas&#8221; realiz\u0101ciju sap\u0146ots jau sen. Uz &#8220;Liel\u0101 dzintara&#8221; skatuves apvienosies vair\u0101k nek\u0101 250 profesion\u0101lu m\u016bzi\u0137u \u2013 pieci solisti, liels jauktais koris, tr\u012bs v\u012bru kori un grandiozs or\u0137estris. <\/p>\n<p>&#8220;Gurres dziesmas&#8221; ir pasaul\u0113 reti atska\u0146ots opuss, viens no v\u0113l\u012bn\u0101 romantisma laikmeta monument\u0101l\u0101kajiem m\u012blasst\u0101stiem, kas Latvij\u0101 l\u012bdz \u0161im skan\u0113jis tikai divas reizes t\u0101 kolos\u0101l\u0101 m\u0113roga d\u0113\u013c. Ska\u0146darbs balst\u012bts uz viduslaiku le\u0123endu par kara\u013ca Valdem\u0101ra un vi\u0146a m\u012b\u013cot\u0101s Toves skaisto m\u012blest\u012bbu, kurai pien\u0101k tra\u0123iskas beigas. Karaliene Helviga, greizsird\u012bbas apm\u0101ta, pas\u016bta Toves n\u0101vi. Valdem\u0101rs izmisuma l\u0113km\u0113 nol\u0101d Dievu, izraisot p\u0101rdabisku izr\u0113\u0137in\u0101\u0161anos, jo pats tiek nol\u0101d\u0113ts klejot kop\u0101 ar spoku armiju. R\u012btausmai austot, visu vainago elpu aizraujo\u0161s un atpest\u012bjo\u0161s kora un simfonisk\u0101 or\u0137estra saull\u0113kts, skaist\u0101kais k\u0101ds vien iesp\u0113jams. <\/p>\n<p>Desmitgadi koncertz\u0101le v\u0113las nosvin\u0113t ar m\u012blest\u012bbas oreolu, jo \u012bsteni cilv\u0113cisku sai\u0161u mums palaikam pietr\u016bkst steigas, neieciet\u012bbas un aprobe\u017eot\u012bbas laikmet\u0101, un &#8220;Gurres dziesmas&#8221; ir sp\u0113c\u012bgs, aizkustino\u0161s v\u0113st\u012bjums par to, ko iesp\u0113j dzi\u013ca m\u0101ksla un kv\u0113las j\u016btas, raksta &#8220;Liel\u0101 dzintara&#8221; p\u0101rst\u0101vji. <\/p>\n<p>Koncert\u0101 pie diri\u0123enta pults st\u0101sies <a rel=\"noopener nofollow\" target=\"_blank\" href=\"https:\/\/www.delfi.lv\/temas\/42041600\/modests-pitrens\" tag-id=\"42041600\">Modests Pitrens<\/a>. K\u0101 nor\u0101da organizatori, vi\u0146\u0161 ir ide\u0101ls diri\u0123ents \u0161\u0101dai m\u016bzikai, kas prasa emocion\u0101lu iedzi\u013cin\u0101\u0161anos, cilv\u0113ka balss labu sapra\u0161anu un izju\u0161anu, operiskas dramatur\u0123ijas b\u016bv\u0113\u0161anu. Vi\u0146a vad\u012bb\u0101 uz Liel\u0101s z\u0101les skatuves apvienosies Valsts akad\u0113miskais koris &#8220;Latvija&#8221;, <a rel=\"noopener nofollow\" target=\"_blank\" href=\"https:\/\/www.delfi.lv\/temas\/51136017\/rigas-projektu-koris\" tag-id=\"51136017\">R\u012bgas Projektu koris<\/a>, Igaunijas Nacion\u0101lais v\u012bru koris, <a rel=\"noopener nofollow\" target=\"_blank\" href=\"https:\/\/www.delfi.lv\/temas\/42138450\/liepajas-simfoniskais-orkestris\" tag-id=\"42138450\">Liep\u0101jas Simfoniskais or\u0137estris<\/a> un Latvijas Nacion\u0101lais simfoniskais or\u0137estris.<\/p>\n<p>M\u012blasst\u0101sta emocion\u0101li sp\u0113c\u012bgo v\u0113st\u012bjumu klaus\u012bt\u0101jiem uztic\u0113ts nodot Magdal\u0113nai Annai Hofmanei un Latvijas publikai paz\u012bstamajam amerik\u0101\u0146u operdzied\u0101t\u0101jam Korbijam Vel\u010dam. Vi\u0146iem pievienosies viens no vado\u0161ajiem Latvijas Nacion\u0101l\u0101s operas solistiem Mihails \u010cu\u013cpajevs, Frankfurtes operas soliste Zanda \u0160v\u0113de un V\u0101cij\u0101 un Latvij\u0101 iev\u0113rojamus pan\u0101kumus guvu\u0161ais basbaritons Olivers Cvargs.<\/p>\n<p>Bi\u013cetes uz jubilejas koncertu kl\u0101tien\u0113 nop\u0113rkamas &#8220;Bi\u013ce\u0161u parad\u012bzes&#8221; kas\u0113s un <a rel=\"noopener nofollow\" target=\"_blank\" href=\"https:\/\/www.bilesuparadize.lv\/lv\/performance\/34488\" data-rel-date-range=\"[]\">internet\u0101<\/a>. <\/p>\n<p class=\"m-0\">Seko &#8220;Delfi&#8221; ar\u012b  <a target=\"_blank\" href=\"https:\/\/www.instagram.com\/delfi.lv\/\" rel=\"nofollow noopener\">Instagram<\/a>  un <a target=\"_blank\" href=\"https:\/\/www.youtube.com\/channel\/UCw5foWtcJvAbUm64rv7jwUQ\" rel=\"nofollow noopener\">YouTube<\/a>  profil\u0101 \u2013 pievienojies, lai uzzin\u0101tu svar\u012bg\u0101ko un interesant\u0101ko pirmais!<\/p>\n<p>Publik\u0101cijas saturs vai t\u0101s jebk\u0101da apjoma da\u013ca ir aizsarg\u0101ts autorties\u012bbu objekts Autorties\u012bbu likuma izpratn\u0113, un t\u0101 izmanto\u0161ana bez izdev\u0113ja at\u013caujas ir aizliegta. Vair\u0101k lasi  <a target=\"_blank\" href=\"https:\/\/www.delfi.lv\/noteikumi#autortiesibas\" rel=\"nofollow noopener\">\u0161eit<\/a><script async src=\"\/\/www.instagram.com\/embed.js\"><\/script><\/p>\n","protected":false},"excerpt":{"rendered":"Piektdien, 7. novembr\u012b, ar vok\u0101li simfonisko \u0161edevru &#8220;Gurres dziesmas&#8221; v\u0113rien\u012bg\u0101 koncert\u0101 10. jubileju svin\u0113s Liep\u0101jas koncertz\u0101le &#8220;Lielais dzintars&#8220;.&hellip;\n","protected":false},"author":2,"featured_media":38816,"comment_status":"","ping_status":"","sticky":false,"template":"","format":"standard","meta":{"footnotes":""},"categories":[19],"tags":[677,89,90,10377,35,39,38,36,37,34,1392,40,11287,11288],"class_list":{"0":"post-38815","1":"post","2":"type-post","3":"status-publish","4":"format-standard","5":"has-post-thumbnail","7":"category-izklaide","8":"tag-lielais-dzintars","9":"tag-entertainment","10":"tag-izklaide","11":"tag-koris-latvija","12":"tag-latvia","13":"tag-latvian","14":"tag-latviesu","15":"tag-latviesu-valoda","16":"tag-latviesuvaloda","17":"tag-latvija","18":"tag-liepajas-simfoniskais-orkestris","19":"tag-lv","20":"tag-modests-pitrens","21":"tag-rigas-projektu-koris"},"share_on_mastodon":{"url":"https:\/\/pubeurope.com\/@lv\/115485636361726256","error":""},"_links":{"self":[{"href":"https:\/\/www.europesays.com\/lv\/wp-json\/wp\/v2\/posts\/38815","targetHints":{"allow":["GET"]}}],"collection":[{"href":"https:\/\/www.europesays.com\/lv\/wp-json\/wp\/v2\/posts"}],"about":[{"href":"https:\/\/www.europesays.com\/lv\/wp-json\/wp\/v2\/types\/post"}],"author":[{"embeddable":true,"href":"https:\/\/www.europesays.com\/lv\/wp-json\/wp\/v2\/users\/2"}],"replies":[{"embeddable":true,"href":"https:\/\/www.europesays.com\/lv\/wp-json\/wp\/v2\/comments?post=38815"}],"version-history":[{"count":0,"href":"https:\/\/www.europesays.com\/lv\/wp-json\/wp\/v2\/posts\/38815\/revisions"}],"wp:featuredmedia":[{"embeddable":true,"href":"https:\/\/www.europesays.com\/lv\/wp-json\/wp\/v2\/media\/38816"}],"wp:attachment":[{"href":"https:\/\/www.europesays.com\/lv\/wp-json\/wp\/v2\/media?parent=38815"}],"wp:term":[{"taxonomy":"category","embeddable":true,"href":"https:\/\/www.europesays.com\/lv\/wp-json\/wp\/v2\/categories?post=38815"},{"taxonomy":"post_tag","embeddable":true,"href":"https:\/\/www.europesays.com\/lv\/wp-json\/wp\/v2\/tags?post=38815"}],"curies":[{"name":"wp","href":"https:\/\/api.w.org\/{rel}","templated":true}]}}