{"id":38821,"date":"2025-11-03T12:05:07","date_gmt":"2025-11-03T12:05:07","guid":{"rendered":"https:\/\/www.europesays.com\/lv\/38821\/"},"modified":"2025-11-03T12:05:07","modified_gmt":"2025-11-03T12:05:07","slug":"aiztur-aizdomas-par-spiegosanu-krievijas-militara-izlukdienesta-uzdevuma","status":"publish","type":"post","link":"https:\/\/www.europesays.com\/lv\/38821\/","title":{"rendered":"Aiztur aizdom\u0101s par spiego\u0161anu Krievijas milit\u0101r\u0101 izl\u016bkdienesta uzdevum\u0101"},"content":{"rendered":"<p>Valsts dro\u0161\u012bbas dienests (VDD) sadarb\u012bb\u0101 ar Milit\u0101r\u0101s izl\u016bko\u0161anas un dro\u0161\u012bbas dienestu (MIDD) oktobra vid\u016b aiztur\u0113jis k\u0101du personu aizdom\u0101s par nelikum\u012bgu zi\u0146u v\u0101k\u0161anu par Latvijas aizsardz\u012bbas nozari Krievijas bru\u0146oto sp\u0113ku \u0122ener\u0101l\u0161t\u0101ba galven\u0101s p\u0101rvaldes (GRU) uzdevum\u0101.<\/p>\n<p>Pamatojoties uz MIDD sniegto inform\u0101ciju, krimin\u0101lprocess pret \u0161o personu s\u0101kts 14. oktobr\u012b saska\u0146\u0101 ar Krimin\u0101llikuma panta par spiego\u0161anu.<\/p>\n<p>Izmekl\u0113\u0161an\u0101 noskaidrots, ka Latvijas pilsonis ir ieguvis un nodevis Krievijas milit\u0101rajam izl\u016bkdienestam zi\u0146as par avi\u0101cijai izmantojamu priv\u0101tu infrastrukt\u016bru Latvijas teritorij\u0101, NATO sabiedroto sp\u0113ku kl\u0101tb\u016btni valst\u012b un da\u017e\u0101d\u0101m aizsardz\u012bbas nozares aktualit\u0101t\u0113m.<\/p>\n<p>T\u0101pat aizdom\u0101s tur\u0113tais v\u012brietis Krievijas specdienesta uzdevum\u0101 ieguva inform\u0101ciju par mobilo sakaru priek\u0161apmaksas kar\u0161u ieg\u0101des nosac\u012bjumiem Latvij\u0101, k\u0101 ar\u012b citas zi\u0146as.<\/p>\n<p>VDD sadarb\u012bb\u0101 ar MIDD divos ar personu saist\u012btos objektos Ventspil\u012b nakt\u012b uz 18. oktobri veica krimin\u0101lprocesu\u0101las darb\u012bbas. Patlaban tiek veikta krat\u012b\u0161anas laik\u0101 iz\u0146emto datu nes\u0113ju satura padzi\u013cin\u0101ta izp\u0113te.<\/p>\n<p>Aizdom\u0101s tur\u0113tajai personai k\u0101 dro\u0161\u012bbas l\u012bdzeklis ir piem\u0113rots apcietin\u0101jums.<\/p>\n<p>VDD turpina izmekl\u0113\u0161anu sadarb\u012bb\u0101 ar MIDD.<\/p>\n","protected":false},"excerpt":{"rendered":"Valsts dro\u0161\u012bbas dienests (VDD) sadarb\u012bb\u0101 ar Milit\u0101r\u0101s izl\u016bko\u0161anas un dro\u0161\u012bbas dienestu (MIDD) oktobra vid\u016b aiztur\u0113jis k\u0101du personu aizdom\u0101s&hellip;\n","protected":false},"author":2,"featured_media":38822,"comment_status":"","ping_status":"","sticky":false,"template":"","format":"standard","meta":{"footnotes":""},"categories":[5],"tags":[23,28,29,32,33,22,30,31,35,39,38,36,37,34,40,20,26,27,24,25,21],"class_list":{"0":"post-38821","1":"post","2":"type-post","3":"status-publish","4":"format-standard","5":"has-post-thumbnail","7":"category-aktualitates","8":"tag-aktualitates","9":"tag-breaking-news","10":"tag-breakingnews","11":"tag-featured-news","12":"tag-featurednews","13":"tag-headlines","14":"tag-latest-news","15":"tag-latestnews","16":"tag-latvia","17":"tag-latvian","18":"tag-latviesu","19":"tag-latviesu-valoda","20":"tag-latviesuvaloda","21":"tag-latvija","22":"tag-lv","23":"tag-news","24":"tag-popularakas-zinas","25":"tag-popularakaszinas","26":"tag-top-stories","27":"tag-topstories","28":"tag-zinas"},"share_on_mastodon":{"url":"https:\/\/pubeurope.com\/@lv\/115485679493028361","error":""},"_links":{"self":[{"href":"https:\/\/www.europesays.com\/lv\/wp-json\/wp\/v2\/posts\/38821","targetHints":{"allow":["GET"]}}],"collection":[{"href":"https:\/\/www.europesays.com\/lv\/wp-json\/wp\/v2\/posts"}],"about":[{"href":"https:\/\/www.europesays.com\/lv\/wp-json\/wp\/v2\/types\/post"}],"author":[{"embeddable":true,"href":"https:\/\/www.europesays.com\/lv\/wp-json\/wp\/v2\/users\/2"}],"replies":[{"embeddable":true,"href":"https:\/\/www.europesays.com\/lv\/wp-json\/wp\/v2\/comments?post=38821"}],"version-history":[{"count":0,"href":"https:\/\/www.europesays.com\/lv\/wp-json\/wp\/v2\/posts\/38821\/revisions"}],"wp:featuredmedia":[{"embeddable":true,"href":"https:\/\/www.europesays.com\/lv\/wp-json\/wp\/v2\/media\/38822"}],"wp:attachment":[{"href":"https:\/\/www.europesays.com\/lv\/wp-json\/wp\/v2\/media?parent=38821"}],"wp:term":[{"taxonomy":"category","embeddable":true,"href":"https:\/\/www.europesays.com\/lv\/wp-json\/wp\/v2\/categories?post=38821"},{"taxonomy":"post_tag","embeddable":true,"href":"https:\/\/www.europesays.com\/lv\/wp-json\/wp\/v2\/tags?post=38821"}],"curies":[{"name":"wp","href":"https:\/\/api.w.org\/{rel}","templated":true}]}}