{"id":38825,"date":"2025-11-03T12:10:12","date_gmt":"2025-11-03T12:10:12","guid":{"rendered":"https:\/\/www.europesays.com\/lv\/38825\/"},"modified":"2025-11-03T12:10:12","modified_gmt":"2025-11-03T12:10:12","slug":"izdevnieciba-strava-izdod-ausmas-perons-debijas-gramatu-ta-beidzot-tu-diena","status":"publish","type":"post","link":"https:\/\/www.europesays.com\/lv\/38825\/","title":{"rendered":"Izdevniec\u012bba Str\u0101va izdod Ausmas Perons debijas gr\u0101matu T\u0101 beidzot Tu \/ Diena"},"content":{"rendered":"<p>Gr\u0101mat\u0101 \u201cT\u0101 beidzot Tu\u201d apvienota laikmet\u012bga forma, skaudra izteiksme un aktu\u0101la tematika \u2013 Perons dzejo\u013ci reprezent\u0113 v\u0113rojumus, kas piefiks\u0113ti, autorei str\u0101d\u0101jot soci\u0101laj\u0101 jom\u0101 \u2013 tajos par\u0101d\u0101s gan ukrai\u0146u b\u0113g\u013cu, gan cietum\u0101 ieslodz\u012bto, gan vecuma vientul\u012bbas izol\u0113to balsis. \u201cLirisk\u0101s \u201ces\u201d person\u012bg\u0101 pieredze sapl\u016bst kop\u0101 ar citiem skatupunktiem, jaucot robe\u017eas starp soci\u0101laj\u0101m lom\u0101m un statusiem.<\/p>\n<p>&#13;<br \/>\n&#13;<\/p>\n<p>\u201cAusma Perons iesp\u012bdina gaismu tur, kur citi vair\u0101s ieskat\u012bties, un, tums\u0101 kl\u0101tesot ar va\u013c\u0113ju sirdi, padara to gai\u0161\u0101ku,\u201d raksta gr\u0101matas redaktors Henriks Eliass Z\u0113gners.<\/p>\n<p>&#13;<br \/>\n&#13;<\/p>\n<p>Dzejas kr\u0101jums pieejams gr\u0101matn\u012bc\u0101s \u201cJ\u0101nis Roze\u201d, \u201cGlobuss\u201d un galerij\u0101 \u201cIstaba\u201d. Gr\u0101matas izdo\u0161anu atbalst\u012bjis Valsts kult\u016brkapit\u0101la fonds.<\/p>\n<p>&#13;<br \/>\n&#13;<\/p>\n<p>L\u012bdz\u0101s gr\u0101mat\u0101m izdevniec\u012bba \u201cStr\u0101va\u201d public\u0113 literat\u016bras \u017eurn\u0101lu \u201cStr\u0101va\u201d, kas izn\u0101k \u010detras reizes gad\u0101 un ir laikmet\u012bgs druk\u0101ts izdevums, kura las\u012bt\u0101jiem ir iesp\u0113ja sekot l\u012bdzi aktualit\u0101t\u0113m latvie\u0161u literat\u016br\u0101, uzzin\u0101t par \u0101rzemju literat\u016bras procesiem un las\u012bt noz\u012bm\u012bgus teorijas tulkojumus latvie\u0161u valod\u0101.<\/p>\n<p>&#13;<\/p>\n","protected":false},"excerpt":{"rendered":"Gr\u0101mat\u0101 \u201cT\u0101 beidzot Tu\u201d apvienota laikmet\u012bga forma, skaudra izteiksme un aktu\u0101la tematika \u2013 Perons dzejo\u013ci reprezent\u0113 v\u0113rojumus, kas&hellip;\n","protected":false},"author":2,"featured_media":38826,"comment_status":"","ping_status":"","sticky":false,"template":"","format":"standard","meta":{"footnotes":""},"categories":[12],"tags":[23,28,29,32,33,22,30,31,35,39,38,36,37,34,40,20,26,27,24,25,21],"class_list":{"0":"post-38825","1":"post","2":"type-post","3":"status-publish","4":"format-standard","5":"has-post-thumbnail","7":"category-latvija","8":"tag-aktualitates","9":"tag-breaking-news","10":"tag-breakingnews","11":"tag-featured-news","12":"tag-featurednews","13":"tag-headlines","14":"tag-latest-news","15":"tag-latestnews","16":"tag-latvia","17":"tag-latvian","18":"tag-latviesu","19":"tag-latviesu-valoda","20":"tag-latviesuvaloda","21":"tag-latvija","22":"tag-lv","23":"tag-news","24":"tag-popularakas-zinas","25":"tag-popularakaszinas","26":"tag-top-stories","27":"tag-topstories","28":"tag-zinas"},"share_on_mastodon":{"url":"https:\/\/pubeurope.com\/@lv\/115485699133111986","error":""},"_links":{"self":[{"href":"https:\/\/www.europesays.com\/lv\/wp-json\/wp\/v2\/posts\/38825","targetHints":{"allow":["GET"]}}],"collection":[{"href":"https:\/\/www.europesays.com\/lv\/wp-json\/wp\/v2\/posts"}],"about":[{"href":"https:\/\/www.europesays.com\/lv\/wp-json\/wp\/v2\/types\/post"}],"author":[{"embeddable":true,"href":"https:\/\/www.europesays.com\/lv\/wp-json\/wp\/v2\/users\/2"}],"replies":[{"embeddable":true,"href":"https:\/\/www.europesays.com\/lv\/wp-json\/wp\/v2\/comments?post=38825"}],"version-history":[{"count":0,"href":"https:\/\/www.europesays.com\/lv\/wp-json\/wp\/v2\/posts\/38825\/revisions"}],"wp:featuredmedia":[{"embeddable":true,"href":"https:\/\/www.europesays.com\/lv\/wp-json\/wp\/v2\/media\/38826"}],"wp:attachment":[{"href":"https:\/\/www.europesays.com\/lv\/wp-json\/wp\/v2\/media?parent=38825"}],"wp:term":[{"taxonomy":"category","embeddable":true,"href":"https:\/\/www.europesays.com\/lv\/wp-json\/wp\/v2\/categories?post=38825"},{"taxonomy":"post_tag","embeddable":true,"href":"https:\/\/www.europesays.com\/lv\/wp-json\/wp\/v2\/tags?post=38825"}],"curies":[{"name":"wp","href":"https:\/\/api.w.org\/{rel}","templated":true}]}}