{"id":38835,"date":"2025-11-03T12:20:14","date_gmt":"2025-11-03T12:20:14","guid":{"rendered":"https:\/\/www.europesays.com\/lv\/38835\/"},"modified":"2025-11-03T12:20:14","modified_gmt":"2025-11-03T12:20:14","slug":"ekspress-grupp-iecel-linu-livu-par-jauno-izpilddirektori","status":"publish","type":"post","link":"https:\/\/www.europesays.com\/lv\/38835\/","title":{"rendered":"&#8220;Ekspress Grupp&#8221; iece\u013c L\u012bnu L\u012bvu par jauno izpilddirektori"},"content":{"rendered":"<p>AS &#8220;Ekspress Grupp&#8221;, vado\u0161\u0101 mediju grupa Baltij\u0101, ir iec\u0113lusi L\u012bnu L\u012bvu (Liina Liiv) par jauno valdes locekli un izpilddirektori. Uz\u0146\u0113mumam vi\u0146a pievienojas ar iev\u0113rojamu starptautisku pieredzi biznesa att\u012bst\u012bb\u0101, m\u0101rketing\u0101 un komunik\u0101cijas vad\u012bb\u0101.<\/p>\n<p>L\u012bva darbu valdes locekles amat\u0101 s\u0101ks 2025. gada 1. decembr\u012b, uz piecu gadu termi\u0146u. Savuk\u0101rt no 2026. gada 1. janv\u0101ra vi\u0146a pild\u012bs ar\u012b izpilddirektores un valdes priek\u0161s\u0113d\u0113t\u0101jas pien\u0101kumus.<\/p>\n<p class=\"MsoNormal\">&#8220;Ekspress Grupp&#8221; ir Latvijas, Lietuvas un Igaunijas &#8220;Delfi&#8221; \u012bpa\u0161nieks.<\/p>\n<p class=\"MsoNormal\">L\u012bvai ir vair\u0101k nek\u0101 15 gadu pieredze biznesa att\u012bst\u012bb\u0101, strat\u0113\u0123iskaj\u0101 m\u0101rketing\u0101 un komunik\u0101cij\u0101, k\u0101 ar\u012b pla\u0161a pieredze starptautisku komandu vad\u012bb\u0101. Vi\u0146as profesion\u0101l\u0101 pieredze ietver darbu da\u017e\u0101dos amatos uz\u0146\u0113mum\u0101 &#8220;Tele2 Estonia&#8221;, k\u0101 ar\u012b &#8220;OlyBet Group&#8221; starptautisk\u0101s m\u0101rketinga komandas vad\u012bbu.<\/p>\n<p class=\"MsoNormal\">P\u0113d\u0113jos gados L\u012bva str\u0101d\u0101jusi \u010cehij\u0101, kur starptautiskaj\u0101 inov\u0101ciju un biznesa izaugsmes uz\u0146\u0113mum\u0101 &#8220;Creative Dock Group&#8221; vad\u012bja m\u0101rketinga, p\u0101rdo\u0161anas un biznesa att\u012bst\u012bbas komandas Eirop\u0101 un Tuvajos Austrumos. V\u0113l\u0101k vi\u0146a uz\u0146\u0113mum\u0101 bija atbild\u012bga par kop\u0113jo rezult\u0101tu sasnieg\u0161anu, galveno darb\u012bbas rezult\u0101tu r\u0101d\u012bt\u0101ju (KPI) sist\u0113mu att\u012bst\u012bbu un darb\u012bbas efektivit\u0101ti.<\/p>\n<p class=\"MsoNormal\">L\u012bva ieguvusi komunik\u0101cijas vad\u012bbas ma\u0123istra gr\u0101du Tartu Universit\u0101t\u0113.<\/p>\n<p class=\"MsoNormal\">&#8220;L\u012bnas L\u012bvas daudzpus\u012bg\u0101 pieredze gan Igaunijas, gan starptautiskaj\u0101 biznesa vid\u0113 sniegs b\u016btisku pievienoto v\u0113rt\u012bbu &#8220;Ekspress Grupp&#8221; att\u012bst\u012bbai,&#8221; sac\u012bja &#8220;Ekspress Grupp&#8221; padomes priek\u0161s\u0113d\u0113t\u0101js Ilars Maapalu (\u00dclars Maapalu).<\/p>\n<p class=\"MsoNormal\">Pa\u0161reiz\u0113j\u0101 izpilddirektore un valdes priek\u0161s\u0113d\u0113t\u0101ja Mari-L\u012bsa R\u012btsalu (Mari-Liis R\u00fc\u00fctsalu) amata pien\u0101kumus beigs pild\u012bt 2025. gada 31. decembr\u012b, nosl\u0113dzot savu ceturto termi\u0146u. R\u012btsalu str\u0101d\u0101ja &#8220;Ekspress Grupp&#8221; kopum\u0101 13 gadus, no kuriem p\u0113d\u0113jos devi\u0146us \u2013 k\u0101 valdes priek\u0161s\u0113d\u0113t\u0101ja.<\/p>\n<p class=\"MsoNormal\">No 2026. gada 1. janv\u0101ra AS &#8220;Ekspress Grupp&#8221; valde darbu turpin\u0101s \u0161\u0101d\u0101 sast\u0101v\u0101: valdes priek\u0161s\u0113d\u0113t\u0101ja un izpilddirektore L\u012bna L\u012bva, att\u012bst\u012bbas direktors Karls Antons (Karl Anton) un finan\u0161u direktors Rains Sarap\u016b (Rain Sarapuu).<\/p>\n<p class=\"MsoNormal\">AS &#8220;Ekspress Grupp&#8221; ir vado\u0161\u0101 mediju grupa Baltij\u0101. T\u0101s darb\u012bba aptver tie\u0161saistes mediju satura veido\u0161anu, k\u0101 ar\u012b laikrakstu, \u017eurn\u0101lu un gr\u0101matu izdo\u0161anu. Grupa p\u0101rvalda elektronisko bi\u013ce\u0161u tirdzniec\u012bbas platformu un fiziskos bi\u013ce\u0161u tirdzniec\u012bbas punktus, k\u0101 ar\u012b nodro\u0161ina digit\u0101lo \u0101ra ekr\u0101nu pakalpojumus Igaunij\u0101 un Latvij\u0101. Turkl\u0101t uz\u0146\u0113mums organiz\u0113 konferences, apm\u0101c\u012bbas un da\u017e\u0101dus pas\u0101kumus \u2013 galvenok\u0101rt Igaunij\u0101 un Lietuv\u0101, bet ar\u012b Latvij\u0101. &#8220;Ekspress Grupp&#8221; darb\u012bbu uzs\u0101ka 1989. gad\u0101, un taj\u0101 \u0161obr\u012bd str\u0101d\u0101 aptuveni t\u016bkstotis darbinieku.<\/p>\n<p class=\"m-0\">Seko &#8220;Delfi&#8221; ar\u012b  <a target=\"_blank\" href=\"https:\/\/www.instagram.com\/delfi.lv\/\" rel=\"nofollow noopener\">Instagram<\/a>  un <a target=\"_blank\" href=\"https:\/\/www.youtube.com\/channel\/UCw5foWtcJvAbUm64rv7jwUQ\" rel=\"nofollow noopener\">YouTube<\/a>  profil\u0101 \u2013 pievienojies, lai uzzin\u0101tu svar\u012bg\u0101ko un interesant\u0101ko pirmais!<\/p>\n<p>Publik\u0101cijas saturs vai t\u0101s jebk\u0101da apjoma da\u013ca ir aizsarg\u0101ts autorties\u012bbu objekts Autorties\u012bbu likuma izpratn\u0113, un t\u0101 izmanto\u0161ana bez izdev\u0113ja at\u013caujas ir aizliegta. Vair\u0101k lasi  <a target=\"_blank\" href=\"https:\/\/www.delfi.lv\/noteikumi#autortiesibas\" rel=\"nofollow noopener\">\u0161eit<\/a><script async src=\"\/\/www.instagram.com\/embed.js\"><\/script><\/p>\n","protected":false},"excerpt":{"rendered":"AS &#8220;Ekspress Grupp&#8221;, vado\u0161\u0101 mediju grupa Baltij\u0101, ir iec\u0113lusi L\u012bnu L\u012bvu (Liina Liiv) par jauno valdes locekli un&hellip;\n","protected":false},"author":2,"featured_media":38836,"comment_status":"","ping_status":"","sticky":false,"template":"","format":"standard","meta":{"footnotes":""},"categories":[16],"tags":[77,76,7105,7104,35,39,38,36,37,34,40],"class_list":{"0":"post-38835","1":"post","2":"type-post","3":"status-publish","4":"format-standard","5":"has-post-thumbnail","7":"category-bizness","8":"tag-bizness","9":"tag-business","10":"tag-delfi","11":"tag-ekspress-grupp","12":"tag-latvia","13":"tag-latvian","14":"tag-latviesu","15":"tag-latviesu-valoda","16":"tag-latviesuvaloda","17":"tag-latvija","18":"tag-lv"},"share_on_mastodon":{"url":"https:\/\/pubeurope.com\/@lv\/115485738514020213","error":""},"_links":{"self":[{"href":"https:\/\/www.europesays.com\/lv\/wp-json\/wp\/v2\/posts\/38835","targetHints":{"allow":["GET"]}}],"collection":[{"href":"https:\/\/www.europesays.com\/lv\/wp-json\/wp\/v2\/posts"}],"about":[{"href":"https:\/\/www.europesays.com\/lv\/wp-json\/wp\/v2\/types\/post"}],"author":[{"embeddable":true,"href":"https:\/\/www.europesays.com\/lv\/wp-json\/wp\/v2\/users\/2"}],"replies":[{"embeddable":true,"href":"https:\/\/www.europesays.com\/lv\/wp-json\/wp\/v2\/comments?post=38835"}],"version-history":[{"count":0,"href":"https:\/\/www.europesays.com\/lv\/wp-json\/wp\/v2\/posts\/38835\/revisions"}],"wp:featuredmedia":[{"embeddable":true,"href":"https:\/\/www.europesays.com\/lv\/wp-json\/wp\/v2\/media\/38836"}],"wp:attachment":[{"href":"https:\/\/www.europesays.com\/lv\/wp-json\/wp\/v2\/media?parent=38835"}],"wp:term":[{"taxonomy":"category","embeddable":true,"href":"https:\/\/www.europesays.com\/lv\/wp-json\/wp\/v2\/categories?post=38835"},{"taxonomy":"post_tag","embeddable":true,"href":"https:\/\/www.europesays.com\/lv\/wp-json\/wp\/v2\/tags?post=38835"}],"curies":[{"name":"wp","href":"https:\/\/api.w.org\/{rel}","templated":true}]}}