{"id":38839,"date":"2025-11-03T12:30:17","date_gmt":"2025-11-03T12:30:17","guid":{"rendered":"https:\/\/www.europesays.com\/lv\/38839\/"},"modified":"2025-11-03T12:30:17","modified_gmt":"2025-11-03T12:30:17","slug":"jauna-uzveduma-atgriezisies-imanta-kalnina-rokopera-ei-jus-tur","status":"publish","type":"post","link":"https:\/\/www.europesays.com\/lv\/38839\/","title":{"rendered":"Jaun\u0101 uzvedum\u0101 atgriez\u012bsies Imanta Kalni\u0146a rokopera &#8220;Ei, j\u016bs tur&#8221;"},"content":{"rendered":"<p>Kult\u016bras pil\u012b &#8220;Zieme\u013cbl\u0101zma&#8221; 21. novembr\u012b pulksten 19 pirmizr\u0101di piedz\u012bvos jauns Imanta Kalni\u0146a rokoperas &#8220;Ei, j\u016bs tur&#8221; uzvedums.<\/p>\n<p>Jaun\u0101 iestud\u0113juma re\u017esiore ir <a rel=\"noopener nofollow\" target=\"_blank\" href=\"https:\/\/www.delfi.lv\/temas\/40362823\/rezija-kalnina\" tag-id=\"40362823\">R\u0113zija Kalni\u0146a<\/a>. Galvenaj\u0101s lom\u0101s b\u016bs dzied\u0101t\u0101ji <a rel=\"noopener nofollow\" target=\"_blank\" href=\"https:\/\/www.delfi.lv\/temas\/53756493\/atis-zviedris\" tag-id=\"53756493\">Atis Zviedris<\/a> un Viktorija Majore. Uzvedum\u0101 piedal\u012bsies &#8220;Jasm\u012bnas koris&#8221; diri\u0123entes Agitas Rim\u0161\u0113vi\u010das vad\u012bb\u0101.<\/p>\n<p>K\u0101 atg\u0101dina iestud\u0113juma veidot\u0101ji, rokopera &#8220;Ei, j\u016bs tur!&#8221; 1971. gad\u0101 bija drosm\u012bgs sapnis par izlau\u0161anos \u2014 no re\u017e\u012bma, no sien\u0101m, no klus\u0113\u0161anas. T\u0101 k\u013cuva par br\u012bv\u012bbas simbolu, par iesp\u0113ju dom\u0101s aizlidot l\u012bdz Sanfrancisko, pat ja realit\u0101t\u0113 priek\u0161\u0101 bija dzelzs priek\u0161kars. &#8220;\u0160odien v\u0113st\u012bjums atgrie\u017eas ar jaunu sp\u0113ku, jo ar\u012b m\u016bsdien\u0101s br\u012bv\u012bba nav pa\u0161saprotama. Ne tikai valsts robe\u017e\u0101s, bet ar\u012b m\u016bsu pa\u0161u galv\u0101s \u2014 vai sp\u0113jam b\u016bt drosm\u012bgi, run\u0101t, iest\u0101ties par paties\u012bbu, skaistumu un cilv\u0113c\u012bgumu? Klus\u0113\u0161ana par b\u016btisko ir smag\u0101ka nek\u0101 cietuma siena,&#8221; v\u0113sta iestud\u0113juma komanda.<\/p>\n<p>Rokoper\u0101 &#8220;Ei, j\u016bs tur!&#8221; sastopas tr\u012bs balsis. Vi\u0146\u0161 un Vi\u0146a ir divi sap\u0146ot\u0101ji, kas mekl\u0113 ce\u013cu uz br\u012bv\u012bbu. Koris bie\u017ei att\u0113lo baru, kas run\u0101 vien\u0101 bals\u012b, pak\u013caujas masu dom\u0101\u0161anai un ideolo\u0123ijai. Koris nav tikai fons \u2014 tas ir &#8220;meinstr\u012bms&#8221;, kas bez dom\u0101\u0161anas atk\u0101rto ieprogramm\u0113tas fr\u0101zes, k\u013c\u016bstot par sp\u0113ku, kas nosl\u0101p\u0113 individu\u0101lo. Ar\u012b \u0161odien m\u0113s bie\u017ei pak\u013caujamies \u0161im &#8220;korim&#8221; \u2014 \u013caujamies ne\u012bstai pasaulei, kas aizst\u0101j patieso. Rokopera atkl\u0101j, ka liel\u0101k\u0101 cietuma siena nav \u0101rpus\u0113, bet m\u016bsos pa\u0161os \u2014 br\u012bd\u012b, kad izv\u0113lamies klus\u0113t un nerun\u0101t par b\u016btisko.<\/p>\n<p>Pirm\u0101 latvie\u0161u rokopera &#8220;Ei, j\u016bs tur!&#8221; uzrakst\u012bta 1971. gad\u0101. Libreta autors ir dzejnieks Viks (Viktors Kalni\u0146\u0161), un tas veidots p\u0113c arm\u0113\u0146u izcelsmes amerik\u0101\u0146u rakstnieka Viljama Sarojana lugas &#8220;Hello Out There!&#8221; mot\u012bviem. Lugas pirmizr\u0101de notika 1941. gad\u0101 Kalifornij\u0101, v\u0113l\u0101k t\u0101 uzvesta Brodvej\u0101, ekraniz\u0113ta un ar\u012b p\u0101rtapusi operas versij\u0101.<\/p>\n<p>St\u0101sts ir par m\u012blest\u012bbu un alk\u0101m p\u0113c br\u012bv\u012bbas. Padomju laik\u0101 \u0161is darbs tika uzskat\u012bts par pretvalstisku, operas pirmizr\u0101de notika tikai 1977. gad\u0101 Liep\u0101jas te\u0101tr\u012b. Re\u017eisors bija M\u0101ris Putni\u0146\u0161, ta\u010du vi\u0146\u0161 k\u013cuva par nev\u0113lamu personu, un iestud\u0113jumu p\u0101r\u0146\u0113ma O\u013c\u0123erts Kroders. Lom\u0101s toreiz bija Indra Bri\u0137e, Ieva Akuratere, Juris Bartkevi\u010ds. V\u0113sturiskaj\u0101 iestud\u0113jum\u0101 piedal\u012bj\u0101s grupa &#8220;L\u012bvi&#8221; ar Juri Pav\u012btolu.<\/p>\n<p>Kop\u0161 t\u0101 laika darbs vair\u0101kk\u0101rt uzvests un ierakst\u012bts: 1984., 1986., 1992., 1996., 2011. gad\u0101, k\u0101 ar\u012b turpin\u0101jis dz\u012bvot audioierakstos.<\/p>\n<p>Jaun\u0101 iestud\u0113juma rado\u0161aj\u0101 komand\u0101 darbojas ar\u012b m\u016bzi\u0137i: Rom\u0101ns Vendi\u0146\u0161 \u2013 tausti\u0146i, P\u0113teris Liepi\u0146\u0161 \u2013 bass, Raitis Auk\u0161muksts \u2013 bungas, J\u0101nis Kalni\u0146\u0161 \u2013 \u0123it\u0101ra, Rolands Majors \u2013 \u0123it\u0101ra, Eduards Raubi\u0161ko \u2013 klarnete, Andis Kul\u010dnieks \u2013 flauta, viesiem kop\u0101 pie\u0161\u0137irot izr\u0101dei autentisku un emocion\u0101li pies\u0101tin\u0101tu skan\u0113jumu. Horeogr\u0101fe \u2013 El\u012bna Gaitjuk\u0113vi\u010da. Scenogr\u0101fs \u2013 Art\u016brs Virtmanis. Gaismu m\u0101kslinieks \u2013 \u0122ederts Sili\u0146\u0161.<\/p>\n<p>M\u016bzikas apskatnieks \u2013 Orests Silabriedis un filosofs Kaspars Eihmanis dal\u012bsies p\u0101rdom\u0101s par rokoperas v\u0113sturisko kontekstu, t\u0101s simbolisko noz\u012bmi, un k\u0101 t\u0101 sp\u0113j uzrun\u0101t m\u016bsdienu klaus\u012bt\u0101ju.&#8221;<\/p>\n<p>Bi\u013cetes uz izr\u0101di nop\u0113rkamas &#8220;Bi\u013ce\u0161u parad\u012bzes&#8221; kas\u0113s un <a rel=\"noopener nofollow\" target=\"_blank\" href=\"https:\/\/www.bilesuparadize.lv\/lv\/event\/157584\" data-rel-date-range=\"[]\">internet\u0101<\/a>.<\/p>\n<p class=\"m-0\">Seko &#8220;Delfi&#8221; ar\u012b  <a target=\"_blank\" href=\"https:\/\/www.instagram.com\/delfi.lv\/\" rel=\"nofollow noopener\">Instagram<\/a>  un <a target=\"_blank\" href=\"https:\/\/www.youtube.com\/channel\/UCw5foWtcJvAbUm64rv7jwUQ\" rel=\"nofollow noopener\">YouTube<\/a>  profil\u0101 \u2013 pievienojies, lai uzzin\u0101tu svar\u012bg\u0101ko un interesant\u0101ko pirmais!<\/p>\n<p>Publik\u0101cijas saturs vai t\u0101s jebk\u0101da apjoma da\u013ca ir aizsarg\u0101ts autorties\u012bbu objekts Autorties\u012bbu likuma izpratn\u0113, un t\u0101 izmanto\u0161ana bez izdev\u0113ja at\u013caujas ir aizliegta. Vair\u0101k lasi  <a target=\"_blank\" href=\"https:\/\/www.delfi.lv\/noteikumi#autortiesibas\" rel=\"nofollow noopener\">\u0161eit<\/a><script async src=\"\/\/www.instagram.com\/embed.js\"><\/script><\/p>\n","protected":false},"excerpt":{"rendered":"Kult\u016bras pil\u012b &#8220;Zieme\u013cbl\u0101zma&#8221; 21. novembr\u012b pulksten 19 pirmizr\u0101di piedz\u012bvos jauns Imanta Kalni\u0146a rokoperas &#8220;Ei, j\u016bs tur&#8221; uzvedums. Jaun\u0101&hellip;\n","protected":false},"author":2,"featured_media":38840,"comment_status":"","ping_status":"","sticky":false,"template":"","format":"standard","meta":{"footnotes":""},"categories":[19],"tags":[11295,11294,89,6853,90,11293,35,39,38,36,37,34,40,8318],"class_list":{"0":"post-38839","1":"post","2":"type-post","3":"status-publish","4":"format-standard","5":"has-post-thumbnail","7":"category-izklaide","8":"tag-agita-rimsevica","9":"tag-atis-zviedris","10":"tag-entertainment","11":"tag-imants-kalnins","12":"tag-izklaide","13":"tag-kulturas-pils-ziemelblazma","14":"tag-latvia","15":"tag-latvian","16":"tag-latviesu","17":"tag-latviesu-valoda","18":"tag-latviesuvaloda","19":"tag-latvija","20":"tag-lv","21":"tag-rezija-kalnina"},"share_on_mastodon":{"url":"https:\/\/pubeurope.com\/@lv\/115485777809178349","error":""},"_links":{"self":[{"href":"https:\/\/www.europesays.com\/lv\/wp-json\/wp\/v2\/posts\/38839","targetHints":{"allow":["GET"]}}],"collection":[{"href":"https:\/\/www.europesays.com\/lv\/wp-json\/wp\/v2\/posts"}],"about":[{"href":"https:\/\/www.europesays.com\/lv\/wp-json\/wp\/v2\/types\/post"}],"author":[{"embeddable":true,"href":"https:\/\/www.europesays.com\/lv\/wp-json\/wp\/v2\/users\/2"}],"replies":[{"embeddable":true,"href":"https:\/\/www.europesays.com\/lv\/wp-json\/wp\/v2\/comments?post=38839"}],"version-history":[{"count":0,"href":"https:\/\/www.europesays.com\/lv\/wp-json\/wp\/v2\/posts\/38839\/revisions"}],"wp:featuredmedia":[{"embeddable":true,"href":"https:\/\/www.europesays.com\/lv\/wp-json\/wp\/v2\/media\/38840"}],"wp:attachment":[{"href":"https:\/\/www.europesays.com\/lv\/wp-json\/wp\/v2\/media?parent=38839"}],"wp:term":[{"taxonomy":"category","embeddable":true,"href":"https:\/\/www.europesays.com\/lv\/wp-json\/wp\/v2\/categories?post=38839"},{"taxonomy":"post_tag","embeddable":true,"href":"https:\/\/www.europesays.com\/lv\/wp-json\/wp\/v2\/tags?post=38839"}],"curies":[{"name":"wp","href":"https:\/\/api.w.org\/{rel}","templated":true}]}}