{"id":38845,"date":"2025-11-03T12:40:08","date_gmt":"2025-11-03T12:40:08","guid":{"rendered":"https:\/\/www.europesays.com\/lv\/38845\/"},"modified":"2025-11-03T12:40:08","modified_gmt":"2025-11-03T12:40:08","slug":"atklatas-jaunas-detalas-par-ogre-nelikumigi-nomedito-laci-santa","status":"publish","type":"post","link":"https:\/\/www.europesays.com\/lv\/38845\/","title":{"rendered":"Atkl\u0101tas jaunas deta\u013cas par Ogr\u0113 nelikum\u012bgi nomed\u012bto l\u0101ci \u2014 Santa"},"content":{"rendered":"<p>Policija ir noskaidrojusi iesp\u0113jam\u0101s vain\u012bg\u0101s personas un veikusi nepiecie\u0161am\u0101s izmekl\u0113\u0161anas darb\u012bbas. Nelikum\u012bgi nomed\u012btais dz\u012bvnieks un med\u012bbu iero\u010di ir iz\u0146emti. Policij\u0101 s\u0101kts krimin\u0101lprocess p\u0113c Krimin\u0101llikuma panta par \u012bpa\u0161i aizsarg\u0101jamo dz\u012bvnieku izn\u012bcin\u0101\u0161anu. Liet\u0101 noz\u012bm\u0113tas ekspert\u012bzes.<\/p>\n<p>Valsts me\u017ea dienesta (VMD) Med\u012bbu da\u013cas vad\u012bt\u0101js Valters L\u016bsis pirmdien \u017eurn\u0101listiem sac\u012bja, ka piektdien, 31. oktobr\u012b, VMD veica pl\u0101nveida med\u012bbu kontroli Zaubes, Taurupes un \u0136eipenes apk\u0101rtn\u0113, un,<\/p>\n<blockquote><p>&#13;<\/p>\n<p>beidzoties med\u012bb\u0101m, tika konstat\u0113ts, ka ir no\u0161auts br\u016bnais l\u0101cis.<\/p>\n<p>&#13;\n<\/p><\/blockquote>\n<p>Lietas apst\u0101k\u013ci liecina, ka <a data-id=\"122864\" href=\"https:\/\/www.santa.lv\/tema\/122864\/lacis?utm_source=internal&amp;utm_medium=article&amp;utm_campaign=theme_link\" target=\"_blank\" rel=\"nofollow noopener\">l\u0101cis<\/a> nav sajaukts ar k\u0101du citu dz\u012bvnieku, k\u0101 ar\u012b nav noticis l\u0101\u010da uzbrukums cilv\u0113kam, teica L\u016bsis. <a data-id=\"123325\" href=\"https:\/\/www.santa.lv\/tema\/123325\/medibas?utm_source=internal&amp;utm_medium=article&amp;utm_campaign=theme_link\" target=\"_blank\" rel=\"nofollow noopener\">Med\u012bbas<\/a> bija med\u012bbu iecirkn\u012b ofici\u0101li saska\u0146otas, t\u0101s notika diennakts tum\u0161aj\u0101 laik\u0101, kad ir at\u013cauts med\u012bt me\u017eac\u016bkas, jenotsu\u0146us, lapsas. Med\u012bb\u0101s izmantots ierocis ar term\u0101lo t\u0113m\u0113kli.<\/p>\n<p>P\u0113c L\u016b\u0161a teikt\u0101, mednieks med\u012bb\u0101s bijis viens pats un atradies uz paaugstin\u0101juma pie med\u012bjamo dz\u012bvnieku piebaro\u0161anas vietas. L\u016bsis sac\u012bja, ka \u0161\u0101das p\u0101rsvar\u0101 me\u017eac\u016bku piebaro\u0161anai izveidot\u0101s vietas ir iecien\u012bju\u0161i ar\u012b l\u0101\u010di.<\/p>\n<p>L\u016bsis inform\u0113ja, ka p\u0113c l\u0101\u010da no\u0161au\u0161anas medniekam ieradies pal\u012bgs, lai l\u0101ci iekrautu piekab\u0113. \u0160aj\u0101 br\u012bd\u012b, kad l\u0101cis ticis iekrauts piekab\u0113, VMD inspektori ar\u012b konstat\u0113ja l\u0101\u010da no\u0161au\u0161anas faktu.<\/p>\n<p>\u00abApst\u0101k\u013ci liecin\u0101ja, ka nekas nav sajaukts un mednieks ir apzin\u0101jis, ko vi\u0146\u0161 dara,\u00bb teica L\u016bsis.<\/p>\n<p>Vi\u0146\u0161 atzina, ka med\u012bbas biju\u0161as likum\u012bgas, ta\u010du vair\u0101kas darb\u012bbas rad\u012bju\u0161as VMD inspektoru aizdomas, kas ar\u012b licis piev\u0113rst uzman\u012bbu tie\u0161i \u0161\u012b med\u012bb\u0101m. Vienlaikus L\u016bsis atzina, ka konkr\u0113tais mednieks jau iepriek\u0161 bijis sod\u012bts par k\u0101diem p\u0101rk\u0101pumiem dro\u0161\u012bbas pras\u012bb\u0101s, ta\u010du tas noticis pirms daudziem gadiem.<\/p>\n<p>T\u0101pat L\u016bsis sac\u012bja ka<\/p>\n<blockquote><p>&#13;<\/p>\n<p>\u0161is ir pirmais gad\u012bjums, kad atkl\u0101ta l\u0101\u010da no\u0161au\u0161ana un ar\u012b t\u0101 no\u0161\u0101v\u0113js.<\/p>\n<p>&#13;\n<\/p><\/blockquote>\n<p>Iepriek\u0161 ir biju\u0161i fiks\u0113ti fakti par l\u0101\u010da no\u0161au\u0161anu, bet Valsts policijai nav izdevies atkl\u0101t vain\u012bgos. VMD iepriek\u0161 medijiem inform\u0113ja, ka VMD med\u012bbu inspektori nelikum\u012bg\u0101s med\u012bbas konstat\u0113ju\u0161i, veicot pl\u0101nveida med\u012bbu p\u0101rbaudi.<\/p>\n<p>Dienests atg\u0101dina, ka l\u0101\u010du med\u012bbas Latvij\u0101 nav at\u013cautas \u2013 \u0161is dz\u012bvnieks ir \u012bpa\u0161i aizsarg\u0101jams.<\/p>\n<p>Br\u016bnais l\u0101cis ir Eiropas m\u0113rog\u0101 apdraud\u0113ta suga, kuras aizsardz\u012bbu Latvij\u0101 paredz Eiropas Padomes direkt\u012bva par dabisko dz\u012bvot\u0146u, savva\u013cas faunas un floras aizsardz\u012bbu. Br\u016bn\u0101 l\u0101\u010da sugas aizsardz\u012bbas pl\u0101ns Latvij\u0101 pirmo reizi tika izstr\u0101d\u0101ts un apstiprin\u0101ts 2003. gad\u0101. \u0160\u012b pl\u0101na m\u0113r\u0137is ir sekm\u0113t br\u016bn\u0101 l\u0101\u010da labv\u0113l\u012bga st\u0101vok\u013ca saglab\u0101\u0161anu Baltijas popul\u0101cij\u0101 neierobe\u017eot\u0101 laik\u0101 un t\u0101 sasnieg\u0161anu Latvijas teritorij\u0101, nenosakot termi\u0146u, minim\u0101lo vai maksim\u0101li pie\u013caujamo dz\u012bvnieku skaitu.<\/p>\n<p>Patlaban Latvij\u0101 v\u0113rojama stabila br\u016bn\u0101 l\u0101\u010da popul\u0101cijas atjauno\u0161an\u0101s, sasniedzot 120 \u012bpat\u0146us. Sal\u012bdzino\u0161i Igaunij\u0101 m\u012bt vair\u0101k nek\u0101 1000 l\u0101\u010du.<\/p>\n<p>Br\u016bnais l\u0101cis ir liel\u0101kais no Latvijas pl\u0113s\u0113jiem. L\u0101\u010du m\u0101t\u012btes svar\u0101 var sasniegt 150 kilogramus, bet l\u0101\u010du t\u0113vi\u0146u svars var sasniegt 300 kilogramus. Br\u016bn\u0101 l\u0101\u010da dz\u012bves ilgums var p\u0101rsniegt pat 30 gadus, un tam Latvij\u0101 nav dabisko ienaidnieku.<\/p>\n<p>\u00a0<\/p>\n","protected":false},"excerpt":{"rendered":"Policija ir noskaidrojusi iesp\u0113jam\u0101s vain\u012bg\u0101s personas un veikusi nepiecie\u0161am\u0101s izmekl\u0113\u0161anas darb\u012bbas. Nelikum\u012bgi nomed\u012btais dz\u012bvnieks un med\u012bbu iero\u010di ir&hellip;\n","protected":false},"author":2,"featured_media":38846,"comment_status":"","ping_status":"","sticky":false,"template":"","format":"standard","meta":{"footnotes":""},"categories":[12],"tags":[23,28,29,32,33,22,30,31,35,39,38,36,37,34,40,20,26,27,24,25,21],"class_list":{"0":"post-38845","1":"post","2":"type-post","3":"status-publish","4":"format-standard","5":"has-post-thumbnail","7":"category-latvija","8":"tag-aktualitates","9":"tag-breaking-news","10":"tag-breakingnews","11":"tag-featured-news","12":"tag-featurednews","13":"tag-headlines","14":"tag-latest-news","15":"tag-latestnews","16":"tag-latvia","17":"tag-latvian","18":"tag-latviesu","19":"tag-latviesu-valoda","20":"tag-latviesuvaloda","21":"tag-latvija","22":"tag-lv","23":"tag-news","24":"tag-popularakas-zinas","25":"tag-popularakaszinas","26":"tag-top-stories","27":"tag-topstories","28":"tag-zinas"},"share_on_mastodon":{"url":"https:\/\/pubeurope.com\/@lv\/115485817114406579","error":""},"_links":{"self":[{"href":"https:\/\/www.europesays.com\/lv\/wp-json\/wp\/v2\/posts\/38845","targetHints":{"allow":["GET"]}}],"collection":[{"href":"https:\/\/www.europesays.com\/lv\/wp-json\/wp\/v2\/posts"}],"about":[{"href":"https:\/\/www.europesays.com\/lv\/wp-json\/wp\/v2\/types\/post"}],"author":[{"embeddable":true,"href":"https:\/\/www.europesays.com\/lv\/wp-json\/wp\/v2\/users\/2"}],"replies":[{"embeddable":true,"href":"https:\/\/www.europesays.com\/lv\/wp-json\/wp\/v2\/comments?post=38845"}],"version-history":[{"count":0,"href":"https:\/\/www.europesays.com\/lv\/wp-json\/wp\/v2\/posts\/38845\/revisions"}],"wp:featuredmedia":[{"embeddable":true,"href":"https:\/\/www.europesays.com\/lv\/wp-json\/wp\/v2\/media\/38846"}],"wp:attachment":[{"href":"https:\/\/www.europesays.com\/lv\/wp-json\/wp\/v2\/media?parent=38845"}],"wp:term":[{"taxonomy":"category","embeddable":true,"href":"https:\/\/www.europesays.com\/lv\/wp-json\/wp\/v2\/categories?post=38845"},{"taxonomy":"post_tag","embeddable":true,"href":"https:\/\/www.europesays.com\/lv\/wp-json\/wp\/v2\/tags?post=38845"}],"curies":[{"name":"wp","href":"https:\/\/api.w.org\/{rel}","templated":true}]}}