{"id":38893,"date":"2025-11-03T13:21:12","date_gmt":"2025-11-03T13:21:12","guid":{"rendered":"https:\/\/www.europesays.com\/lv\/38893\/"},"modified":"2025-11-03T13:21:12","modified_gmt":"2025-11-03T13:21:12","slug":"euronews-pulce-es-un-kandidatvalstu-liderus-vesturiska-paplasinasanas-samita-brisele-lente-lv","status":"publish","type":"post","link":"https:\/\/www.europesays.com\/lv\/38893\/","title":{"rendered":"Euronews pulc\u0113 ES un kandid\u0101tvalstu l\u012bderus v\u0113sturisk\u0101 papla\u0161in\u0101\u0161an\u0101s samit\u0101 Brisel\u0113\u00a0\u2014\u00a0Lente.lv"},"content":{"rendered":"<p>Gatav\u012bba Eiropas Savien\u012bbas papla\u0161in\u0101\u0161an\u0101s samitam<\/p>\n<p>Tuvum\u0101 ir v\u0113sturiska Eiropas Savien\u012bbas (ES) papla\u0161in\u0101\u0161an\u0101s samita norise, ko r\u012bko Euronews. \u0160is pirmais \u0161\u0101da veida telev\u012bzijas tie\u0161raides pas\u0101kums, kas pulc\u0113s ES un kandid\u0101tvalstu l\u012bderus, notiks Brisel\u0113 4. novembr\u012b. Tiek pl\u0101notas dzi\u013cas un b\u016btiskas sarunas par Eiropas integr\u0101cijas n\u0101kotni, iez\u012bm\u0113jot pagrieziena punktu ES papla\u0161in\u0101\u0161an\u0101s politik\u0101.<\/p>\n<p>Augsta l\u012bme\u0146a dal\u012bbnieki un Eiropas v\u012bzija<\/p>\n<p>Pas\u0101kums pulc\u0113s Eiropas politisko smagsvari\u0146us, lai p\u0101rrun\u0101tu 27 dal\u012bbvalstu bloka papla\u0161in\u0101\u0161anos virzien\u0101 uz austrumiem un dienvidrietumiem. Savu dal\u012bbu apstiprin\u0101jis Eiropas Padomes prezidents Antoniu Ko\u0161ta, pievienojoties iev\u0113rojamai l\u012bderu asamblejai. Starp gaid\u012btajiem dal\u012bbniekiem ir Moldovas un Serbijas prezidentes Maia Sandu un Aleksandars Vu\u010di\u010ds, k\u0101 ar\u012b tr\u012bs Rietumbalk\u0101nu premjerministri: Alb\u0101nijas Edijs Rama, Melnkalnes Milojko Spaji\u010ds un Zieme\u013cma\u0137edonijas Hristijans Mickovskis. Vi\u0146iem pievienosies ar\u012b Eiropas Komisijas papla\u0161in\u0101\u0161an\u0101s lietu komis\u0101re Marta Kos. \u0160\u012b Euronews iniciat\u012bva ir rad\u012bta, lai dotu balsi kandid\u0101tvalst\u012bm laik\u0101, kad Eiropas Komisijas prezidente Urzula fon der Leiena ir atjaunojusi papla\u0161in\u0101\u0161an\u0101s procesu, d\u0113v\u0113jot to par &#8220;Eiropas atkalapvieno\u0161anos&#8221;.<\/p>\n<p>Kandid\u0101tvalstu Perspekt\u012bvas un cer\u012bbas<\/p>\n<p>Samits sniegs unik\u0101lu platformu kandid\u0101tvalstu vad\u012bt\u0101jiem paust savus skat\u012bjumus uz papla\u0161in\u0101\u0161an\u0101s ce\u013cu. Moldovas nelok\u0101m\u012bba, st\u0101vot pret\u012b kara \u0113nai Ukrain\u0101, un Rietumbalk\u0101nu gadiem ilgu\u0161\u0101s dal\u012bbas gaidas \u2013 katrs l\u012bderis dal\u012bsies sav\u0101s atzi\u0146\u0101s par to, k\u0101 vi\u0146u valstis uztver papla\u0161in\u0101\u0161anos un ko sola turpm\u0101kais ce\u013c\u0161. \u0160is jaut\u0101jums nav abstrakt, bet gan skar miljoniem cilv\u0113ku likte\u0146us, t\u0101p\u0113c l\u012bderu perspekt\u012bvas atspogu\u013cos vi\u0146u tautu cer\u012bbas, sap\u0146us un balsis.<\/p>\n<p>Izaicin\u0101jumi ce\u013c\u0101 uz integr\u0101ciju<\/p>\n<p>P\u0113c Krievijas pilna m\u0113roga kara Ukrain\u0101 un straujaj\u0101m \u0123eopolitiskaj\u0101m p\u0101rmai\u0146\u0101m Brisele ir iepludin\u0101jusi jaunu dinamiku papla\u0161in\u0101\u0161an\u0101s diskusij\u0101s, uzskatot \u0161o procesu par b\u016btisku Eiropas dro\u0161\u012bbai, ekonomiskajai stipr\u012bbai un demokr\u0101tiskaj\u0101m v\u0113rt\u012bb\u0101m. Tom\u0113r katra ES kandid\u0101tvalsts saskaras ar sav\u0101m unik\u0101laj\u0101m probl\u0113m\u0101m. Ukraina, pieteikusi dal\u012bbu tikai \u010detras dienas p\u0113c Krievijas inv\u0101zijas 2022. gada febru\u0101r\u012b, sasniedza kandid\u0101tvalsts statusu nepieredz\u0113ti \u0101tri \u2013 \u010detros m\u0113ne\u0161os, vienlaikus cen\u0161oties \u012bstenot ES reformas un aizst\u0101voties pret agresiju. Moldovas situ\u0101cija ir l\u012bdz\u012bga \u2013 pieteikums iesniegts ned\u0113\u013cu v\u0113l\u0101k, un ar\u012b t\u0101 sa\u0146\u0113ma kandid\u0101tvalsts statusu. Eiropas Komisija paredz, ka Moldova var\u0113tu pabeigt sarunas l\u012bdz 2027. gadam, virzoties &#8220;iesp\u0113jams, divreiz \u0101tr\u0101k&#8221; nek\u0101 parasti kandid\u0101ti. Prezidente Maia Sandu akt\u012bvi atbalsta valsts ES ce\u013cu, neskatoties uz Krievijas hibr\u012bdu iejauk\u0161anos un m\u0113\u0123in\u0101jumiem manipul\u0113t v\u0113l\u0113\u0161an\u0101s.<\/p>\n<p>Serbija jau kop\u0161 2014. gada ir sarunu proces\u0101 p\u0113c pieteikuma 2009. gad\u0101, tom\u0113r ir piedz\u012bvojusi sabiedr\u012bbas atbalsta kritumu no vair\u0101k nek\u0101 70% 2000. gadu s\u0101kum\u0101 l\u012bdz aptuveni 40% \u0161obr\u012bd. Neskatoties uz to, gan Belgrada, gan Brisele ir apliecin\u0101ju\u0161as, ka Serbijas vieta ir blok\u0101.<\/p>\n<p>Alb\u0101nijas premjerministrs Edijs Rama, kur\u0161 septembr\u012b pazi\u0146oja, ka &#8220;pirmo reizi v\u0113stur\u0113 m\u0113s varam br\u012bvi izv\u0113l\u0113ties, par kuru imp\u0113riju m\u0113s v\u0113lamies b\u016bt da\u013ca &#8230; ties\u012bbu, v\u0113rt\u012bbu, dro\u0161\u012bbas un aizsardz\u012bbas imp\u0113riju&#8221;, ir guvis iev\u0113rojamu progresu. P\u0113c dal\u012bbas pieteikuma iesnieg\u0161anas 2009. gad\u0101, Alb\u0101nija tagad ir viens no l\u012bderiem, ofici\u0101li m\u0113r\u0137\u0113jot pievienoties l\u012bdz 2030. gadam.<\/p>\n<p>Melnkalne \u0161obr\u012bd apsteidz visus citus kandid\u0101tus, atv\u0113rot visas 33 noda\u013cas un provizoriski nosl\u0113dzot septi\u0146as kop\u0161 sarunu s\u0101kuma 2012. gad\u0101. Premjerministra Spaji\u010da vald\u012bba pl\u0101no pabeigt sarunas l\u012bdz 2026. gadam un sasniegt ES dal\u012bbvalsts statusu l\u012bdz 2028. gadam.<\/p>\n<p>Zieme\u013cma\u0137edonija ir gaid\u012bjusi visilg\u0101k, iesniedzot pieteikumu 2004. gad\u0101, bet p\u0113c tam saskaroties ar \u0161\u0137\u0113r\u0161\u013ciem kaimi\u0146valstu str\u012bdu d\u0113\u013c. P\u0113c v\u0101rda jaut\u0101juma atrisin\u0101\u0161anas ar Grie\u0137iju ar 2019. gada Prespas l\u012bgumu, Bulg\u0101rija blo\u0137\u0113ja sarunas par minorit\u0101tes atz\u012b\u0161anu, valodas un kop\u012bg\u0101s v\u0113stures interpret\u0101ciju \u2013 tas ir b\u016btisks \u0161\u0137\u0113rslis, kas v\u0113l nav p\u0101rvar\u0113ts, un sabiedr\u012bbas atbalsts pievieno\u0161anai ES ar\u012b ir mazin\u0101jies.<\/p>\n<p>Samits \u2013 atsl\u0113ga Eiropas n\u0101kotnei<\/p>\n<p>Euronews samita norise sakr\u012bt ar Eiropas Komisijas 2025. gada papla\u0161in\u0101\u0161an\u0101s paketes prezent\u0101ciju \u2013 ikgad\u0113ju kandid\u0101tvalstu progresa nov\u0113rt\u0113jumu, kas noteiks n\u0101kam\u0101 gada toni. Pas\u0101kums notiek laik\u0101, kad vairums eiropie\u0161u atbalsta bloka papla\u0161in\u0101\u0161anos: nesens Eurobarometer aptaujas rezult\u0101ts liecina, ka 56% ES pilso\u0146u atbalsta papla\u0161in\u0101\u0161anos, \u012bpa\u0161i jaunie\u0161i izr\u0101da sp\u0113c\u012bgu atbalstu. Samits izp\u0113t\u012bs ES papla\u0161in\u0101\u0161an\u0101s ieguvumus: jaunu tirgu atv\u0113r\u0161anu miljoniem pat\u0113r\u0113t\u0101ju, ES politisk\u0101s ietekmes glob\u0101lu papla\u0161in\u0101\u0161anu un demokr\u0101tijas un Eiropas v\u0113rt\u012bbu stiprin\u0101\u0161anu vis\u0101 kontinent\u0101.<\/p>\n<p>Kas padara Euronews samitu \u012bpa\u0161u, ir t\u0101 ap\u0146em\u0161an\u0101s veicin\u0101t tie\u0161u dialogu starp kandid\u0101tvalstu l\u012bderiem un ES l\u0113mumu pie\u0146\u0113m\u0113jiem. Telev\u012bzijas form\u0101ts \u013caus visiem eiropie\u0161iem visur b\u016bt lieciniekiem atkl\u0101tai un god\u012bgai diskusijai par papla\u0161in\u0101\u0161an\u0101s izaicin\u0101jumiem, cer\u012bb\u0101m un iesp\u0113j\u0101m. Euronews p\u0101rraid\u012bs savu Eiropas papla\u0161in\u0101\u0161an\u0101s samitu tie\u0161raid\u0113 vis\u0101s sav\u0101s telev\u012bzijas un digit\u0101laj\u0101s platform\u0101s, tostarp YouTube, no plkst. 14:00 l\u012bdz 17:00 p\u0113c Centr\u0101leiropas laika otrdien, 4. novembr\u012b.<\/p>\n","protected":false},"excerpt":{"rendered":"Gatav\u012bba Eiropas Savien\u012bbas papla\u0161in\u0101\u0161an\u0101s samitam Tuvum\u0101 ir v\u0113sturiska Eiropas Savien\u012bbas (ES) papla\u0161in\u0101\u0161an\u0101s samita norise, ko r\u012bko Euronews. \u0160is&hellip;\n","protected":false},"author":2,"featured_media":38894,"comment_status":"","ping_status":"","sticky":false,"template":"","format":"standard","meta":{"footnotes":""},"categories":[14],"tags":[23,57,28,29,6775,11318,11316,11317,32,33,22,11319,30,31,35,39,38,36,37,34,40,20,26,27,24,25,54,55,56,21,58],"class_list":{"0":"post-38893","1":"post","2":"type-post","3":"status-publish","4":"format-standard","5":"has-post-thumbnail","7":"category-zinas-no-arvalstim","8":"tag-aktualitates","9":"tag-arvalstim","10":"tag-breaking-news","11":"tag-breakingnews","12":"tag-brisele","13":"tag-eiropas-integracija","14":"tag-es-paplasinasanas-samits","15":"tag-euronews","16":"tag-featured-news","17":"tag-featurednews","18":"tag-headlines","19":"tag-kandidatvalstu-lideri","20":"tag-latest-news","21":"tag-latestnews","22":"tag-latvia","23":"tag-latvian","24":"tag-latviesu","25":"tag-latviesu-valoda","26":"tag-latviesuvaloda","27":"tag-latvija","28":"tag-lv","29":"tag-news","30":"tag-popularakas-zinas","31":"tag-popularakaszinas","32":"tag-top-stories","33":"tag-topstories","34":"tag-world","35":"tag-world-news","36":"tag-worldnews","37":"tag-zinas","38":"tag-zinas-no-arvalstim"},"share_on_mastodon":{"url":"","error":"Validation failed: Text character limit of 500 exceeded"},"_links":{"self":[{"href":"https:\/\/www.europesays.com\/lv\/wp-json\/wp\/v2\/posts\/38893","targetHints":{"allow":["GET"]}}],"collection":[{"href":"https:\/\/www.europesays.com\/lv\/wp-json\/wp\/v2\/posts"}],"about":[{"href":"https:\/\/www.europesays.com\/lv\/wp-json\/wp\/v2\/types\/post"}],"author":[{"embeddable":true,"href":"https:\/\/www.europesays.com\/lv\/wp-json\/wp\/v2\/users\/2"}],"replies":[{"embeddable":true,"href":"https:\/\/www.europesays.com\/lv\/wp-json\/wp\/v2\/comments?post=38893"}],"version-history":[{"count":0,"href":"https:\/\/www.europesays.com\/lv\/wp-json\/wp\/v2\/posts\/38893\/revisions"}],"wp:featuredmedia":[{"embeddable":true,"href":"https:\/\/www.europesays.com\/lv\/wp-json\/wp\/v2\/media\/38894"}],"wp:attachment":[{"href":"https:\/\/www.europesays.com\/lv\/wp-json\/wp\/v2\/media?parent=38893"}],"wp:term":[{"taxonomy":"category","embeddable":true,"href":"https:\/\/www.europesays.com\/lv\/wp-json\/wp\/v2\/categories?post=38893"},{"taxonomy":"post_tag","embeddable":true,"href":"https:\/\/www.europesays.com\/lv\/wp-json\/wp\/v2\/tags?post=38893"}],"curies":[{"name":"wp","href":"https:\/\/api.w.org\/{rel}","templated":true}]}}