{"id":38901,"date":"2025-11-03T13:29:08","date_gmt":"2025-11-03T13:29:08","guid":{"rendered":"https:\/\/www.europesays.com\/lv\/38901\/"},"modified":"2025-11-03T13:29:08","modified_gmt":"2025-11-03T13:29:08","slug":"protestos-serbija-pret-valdoso-rezimu-aiztur-bijuso-basketbolistu-vladimiru-stimacu-kurs-spelejis-ari-latvija-jauns-lv","status":"publish","type":"post","link":"https:\/\/www.europesays.com\/lv\/38901\/","title":{"rendered":"Protestos Serbij\u0101 pret valdo\u0161o re\u017e\u012bmu aiztur biju\u0161o basketbolistu Vladimiru \u0160timacu, kur\u0161 sp\u0113l\u0113jis ar\u012b Latvij\u0101 &#8211; Jauns.lv"},"content":{"rendered":"<ol>\n<li><a href=\"https:\/\/news.google.com\/rss\/articles\/CBMi4AFBVV95cUxQNFFKakZXQTJmeEVxSHZEa3IxTlJhTUdXekJZMkFhV25KZXhWMGFvazQ0WlZEVEh0TE1fX2tFdUM1TlpyUVRlUUdqZHpMUW41WF9jVk5GMEQ0Sk93UGVudjVPWkstb2ExaTcwQXk3cllFRGc3ZHJjSkJnRzZlaXZNY2JHSXFWTTFTZ0NWZEFoT0kweGFPZU9wbzhmZXRUR05CcEVtc3RYNDBhVnNnMnNKbWIxdWdpblROMkVaS243SnltdW9ZbjRRLU5SMHVJWFlTSmp1Q3JwdFJ1dnljMjZMQQ?oc=5\" target=\"_blank\" rel=\"nofollow noopener\">Protestos Serbij\u0101 pret valdo\u0161o re\u017e\u012bmu aiztur biju\u0161o basketbolistu Vladimiru \u0160timacu, kur\u0161 sp\u0113l\u0113jis ar\u012b Latvij\u0101<\/a>&nbsp;&nbsp;Jauns.lv<\/li>\n<li><a href=\"https:\/\/news.google.com\/rss\/articles\/CBMi4wFBVV95cUxQWFBkQ051SEhFenQ2NHFaSGljVkZMV3FWWmp6dVlGZTA3Z1lmUEZUc1pyY0xHUEVvSC1VRGgtemYta2hhaHdqelhlQkxWWWdldEItTy1vWGJZOF9kMkU1QThBTS01a2dXN2xyd1FxbnVwMTJBSjVfT3dDdU9qV3MzSTJmaERfRXdKNjRJbE9meDZtQm5nOWNWM3RYUXJhOC1mdVlTY2Nrb2lEM2N5ZUwxaE1hdk1oTV9jdm4zcVVWOFRMVGZIb1duZXhRWnl3S3VGR01rUHNFSjcteXBKSFlkbWNlOA?oc=5\" target=\"_blank\" rel=\"nofollow noopener\">Serbij\u0101 turpin\u0101s pla\u0161i protesti pret vald\u012bbu \/ 03.11.2025 \/ Ieraksts<\/a>&nbsp;&nbsp;REplay.lv<\/li>\n<li><a href=\"https:\/\/news.google.com\/rss\/articles\/CBMiqAFBVV95cUxPMEpwWmh5elBmakxBdGhwTS1FVWJJUHBCdXAtTXZoQVUweWt0VlU0bG1RMWNNcmt1bXBieHdKdzF2aWNMakVLVGR6N1dMRUdFemNkZW1GTzVwUW5Dd05FTU9pSk45bWM0NEhLX2I5Q3lEajFibjRfLXJndU5iVUV1UnQzUDBEeU1oOGhFdTRjajg0M2t5M2NEcFAxZVpqV0JMeHBnUS00NE0?oc=5\" target=\"_blank\" rel=\"nofollow noopener\">FOTO \u27e9 Serbij\u0101 vair\u0101ki t\u016bksto\u0161i cilv\u0113ku piemin Novisadas tra\u0123\u0113dijas gadadienu<\/a>&nbsp;&nbsp;Apollo.lv<\/li>\n<li><a href=\"https:\/\/news.google.com\/rss\/articles\/CBMiowFBVV95cUxQNjZOdnhtMVFvVWE3bHRvNWNOMlNYV1huR1BEcVlQV3Q0cE5YdDlUQi1LY3NPVTZISjNIWmxqUjczR2pURjIxZHVOSmJMVkFMdUVaZHhjTUx0Z1dWX0pJVTJBSXp2WXNuTjh0WHFWaDZJYWhzWlpKN1RMa2Qta25IRVFpOEdReEdLRThrTFJCM0dnNGVEZEZISWJ6Y0hwdkdxNlVZ?oc=5\" target=\"_blank\" rel=\"nofollow noopener\">VIDEO: Nog\u0101zts uz zemes un aiztur\u0113ts&#8230; Serbijas protestu epicentr\u0101 &#8211; Latvij\u0101 sp\u0113l\u0113ju\u0161ais basketbolists \u0160timacs<\/a>&nbsp;&nbsp;tv3.lv<\/li>\n<li><a href=\"https:\/\/news.google.com\/rss\/articles\/CBMitgFBVV95cUxPZUlYUzlPbEhZem1pS0k2UjJ5eXE5R1E5VUR2UFFIRXZrazhZeVQwZDY4RU9rTUdlb05aemZTVkR2ZUg1cVkwbWRmbDJIOXJOd1B5R1dxTFdISGtSVjR6aGNQNlNrTjFLdFh0eWo2dm5SRnExaFB4NFBUMjhCek50cFBuaTd0WXBHRTRaVFZMa3A2UGRjWm43aFRMbXJFd2x0VzJwV0ZQUWxnQzk3dFVJNUwwNDZyZw?oc=5\" target=\"_blank\" rel=\"nofollow noopener\">Policija Belgrad\u0101 no\u0161\u0137ir Vu\u010di\u010da pretiniekus un atbalst\u012bt\u0101jus<\/a>&nbsp;&nbsp;liepajniekiem.lv<\/li>\n<\/ol>\n","protected":false},"excerpt":{"rendered":"Protestos Serbij\u0101 pret valdo\u0161o re\u017e\u012bmu aiztur biju\u0161o basketbolistu Vladimiru \u0160timacu, kur\u0161 sp\u0113l\u0113jis ar\u012b Latvij\u0101&nbsp;&nbsp;Jauns.lv Serbij\u0101 turpin\u0101s pla\u0161i protesti&hellip;\n","protected":false},"author":2,"featured_media":38902,"comment_status":"","ping_status":"","sticky":false,"template":"","format":"standard","meta":{"footnotes":""},"categories":[5],"tags":[23,28,29,32,33,22,30,31,35,39,38,36,37,34,40,20,26,27,24,25,21],"class_list":{"0":"post-38901","1":"post","2":"type-post","3":"status-publish","4":"format-standard","5":"has-post-thumbnail","7":"category-aktualitates","8":"tag-aktualitates","9":"tag-breaking-news","10":"tag-breakingnews","11":"tag-featured-news","12":"tag-featurednews","13":"tag-headlines","14":"tag-latest-news","15":"tag-latestnews","16":"tag-latvia","17":"tag-latvian","18":"tag-latviesu","19":"tag-latviesu-valoda","20":"tag-latviesuvaloda","21":"tag-latvija","22":"tag-lv","23":"tag-news","24":"tag-popularakas-zinas","25":"tag-popularakaszinas","26":"tag-top-stories","27":"tag-topstories","28":"tag-zinas"},"share_on_mastodon":{"url":"https:\/\/pubeurope.com\/@lv\/115486009759246854","error":""},"_links":{"self":[{"href":"https:\/\/www.europesays.com\/lv\/wp-json\/wp\/v2\/posts\/38901","targetHints":{"allow":["GET"]}}],"collection":[{"href":"https:\/\/www.europesays.com\/lv\/wp-json\/wp\/v2\/posts"}],"about":[{"href":"https:\/\/www.europesays.com\/lv\/wp-json\/wp\/v2\/types\/post"}],"author":[{"embeddable":true,"href":"https:\/\/www.europesays.com\/lv\/wp-json\/wp\/v2\/users\/2"}],"replies":[{"embeddable":true,"href":"https:\/\/www.europesays.com\/lv\/wp-json\/wp\/v2\/comments?post=38901"}],"version-history":[{"count":0,"href":"https:\/\/www.europesays.com\/lv\/wp-json\/wp\/v2\/posts\/38901\/revisions"}],"wp:featuredmedia":[{"embeddable":true,"href":"https:\/\/www.europesays.com\/lv\/wp-json\/wp\/v2\/media\/38902"}],"wp:attachment":[{"href":"https:\/\/www.europesays.com\/lv\/wp-json\/wp\/v2\/media?parent=38901"}],"wp:term":[{"taxonomy":"category","embeddable":true,"href":"https:\/\/www.europesays.com\/lv\/wp-json\/wp\/v2\/categories?post=38901"},{"taxonomy":"post_tag","embeddable":true,"href":"https:\/\/www.europesays.com\/lv\/wp-json\/wp\/v2\/tags?post=38901"}],"curies":[{"name":"wp","href":"https:\/\/api.w.org\/{rel}","templated":true}]}}