{"id":38911,"date":"2025-11-03T13:39:10","date_gmt":"2025-11-03T13:39:10","guid":{"rendered":"https:\/\/www.europesays.com\/lv\/38911\/"},"modified":"2025-11-03T13:39:10","modified_gmt":"2025-11-03T13:39:10","slug":"riga-notiks-20-baltijas-dermatovenerologu-asociacijas-kongress","status":"publish","type":"post","link":"https:\/\/www.europesays.com\/lv\/38911\/","title":{"rendered":"R\u012bg\u0101 notiks 20. Baltijas Dermatovenerologu asoci\u0101cijas kongress"},"content":{"rendered":"<p>Viesn\u012bc\u0101 \u201cRiga Islande Hotel\u201d, \u0136\u012bpsalas iel\u0101 2, no 6. novembra l\u012bdz 7. novembrim notiks 20. Baltijas Dermatovenerologu asoci\u0101cijas kongress, a\u0123ent\u016bru LETA inform\u0113ja Latvijas un Baltijas Dermatovenerologu asoci\u0101cijas prezidents Andris Rubins.<\/p>\n<p>Paredz\u0113ts, ka kongres\u0101 lekcijas las\u012bs Slov\u0113nijas, It\u0101lijas, Austrijas, ASV, V\u0101cijas, N\u012bderlandes, Taiv\u0101nas un citu valstu, k\u0101 ar\u012b Baltijas valstu vado\u0161ie profesori un \u0101rsti.<\/p>\n<p>Starp kongres\u0101 apskat\u0101maj\u0101m t\u0113m\u0101m b\u016bs aktu\u0101l\u0101kie sasniegumi dermatolo\u0123ij\u0101 un venerolo\u0123ij\u0101 \u2013 s\u0101kot no \u0101das audz\u0113ju diagnostikas un \u0101rst\u0113\u0161anas l\u012bdz jaun\u0101kaj\u0101m pieej\u0101m psori\u0101zes, atopisk\u0101 dermat\u012bta un roz\u0101cijas terapij\u0101.<\/p>\n<p>Pas\u0101kum\u0101 tiks analiz\u0113ta ar\u012b m\u0101ksl\u012bg\u0101 intelekta izmanto\u0161ana dermatolo\u0123ij\u0101, retas un iedzimtas \u0101das slim\u012bbas, to \u0123en\u0113tiskie un imunolo\u0123iskie aspekti, k\u0101 ar\u012b est\u0113tisk\u0101s dermatolo\u0123ijas tehnolo\u0123isk\u0101s inov\u0101cijas, tostarp l\u0101zerterapijas un citas metodes.<\/p>\n<p>\u012apa\u0161a uzman\u012bba tiks piev\u0113rsta seksu\u0101li transmis\u012bvo infekciju aktualit\u0101t\u0113m, tai skait\u0101 neirosifilisa un gonokoku infekciju diagnostikas un \u0101rst\u0113\u0161anas jaut\u0101jumiem, k\u0101 ar\u012b HIV\/AIDS un migr\u0101cijas ietekmei uz vesel\u012bbas apr\u016bpes sist\u0113mu Baltijas re\u0123ion\u0101.<\/p>\n<p>Tiks apl\u016bkotas ar\u012b starpdisciplin\u0101ras t\u0113mas \u2013 dermatolo\u0123ijas un gastroenterolo\u0123ijas mijiedarb\u012bba, sist\u0113misku slim\u012bbu \u0101das izpausmes un vesel\u012bbas politikas loma sabiedr\u012bbas vesel\u012bbas uzlabo\u0161an\u0101.<\/p>\n<p>Jaunajiem \u0101rstiem un rezidentiem velt\u012btaj\u0101 sada\u013c\u0101 paredz\u0113tas kl\u012bnisko gad\u012bjumu prezent\u0101cijas, kas aptvers retas diagnozes un sare\u017e\u0123\u012btus diferenci\u0101ldiagnostikas piem\u0113rus.<\/p>\n<p>Kongress iecer\u0113ts k\u0101 platforma Baltijas un starptautisko ekspertu pieredzes apmai\u0146ai, izce\u013cot vienotas vesel\u012bbas apr\u016bpes pieejas noz\u012bmi re\u0123ion\u0101 un glob\u0101laj\u0101 kontekst\u0101.<\/p>\n<p>Iepriek\u0161 re\u0123istr\u0113joties t\u012bmek\u013cvietn\u0113, kongresam bez maksas var\u0113s sekot l\u012bdzi ar\u012b att\u0101lin\u0101ti, platform\u0101 \u201cZoom\u201d.<\/p>\n<p>Pas\u0101kums notiks gan ang\u013cu, gan latvie\u0161u valod\u0101, bet bez sinhrona tulkojuma ab\u0101s valod\u0101s.<\/p>\n<p>Avots: LETA<\/p>\n","protected":false},"excerpt":{"rendered":"Viesn\u012bc\u0101 \u201cRiga Islande Hotel\u201d, \u0136\u012bpsalas iel\u0101 2, no 6. novembra l\u012bdz 7. novembrim notiks 20. Baltijas Dermatovenerologu asoci\u0101cijas&hellip;\n","protected":false},"author":2,"featured_media":38912,"comment_status":"","ping_status":"","sticky":false,"template":"","format":"standard","meta":{"footnotes":""},"categories":[14],"tags":[23,57,28,29,32,33,22,30,31,35,39,38,36,37,34,40,20,26,27,24,25,54,55,56,21,58],"class_list":{"0":"post-38911","1":"post","2":"type-post","3":"status-publish","4":"format-standard","5":"has-post-thumbnail","7":"category-zinas-no-arvalstim","8":"tag-aktualitates","9":"tag-arvalstim","10":"tag-breaking-news","11":"tag-breakingnews","12":"tag-featured-news","13":"tag-featurednews","14":"tag-headlines","15":"tag-latest-news","16":"tag-latestnews","17":"tag-latvia","18":"tag-latvian","19":"tag-latviesu","20":"tag-latviesu-valoda","21":"tag-latviesuvaloda","22":"tag-latvija","23":"tag-lv","24":"tag-news","25":"tag-popularakas-zinas","26":"tag-popularakaszinas","27":"tag-top-stories","28":"tag-topstories","29":"tag-world","30":"tag-world-news","31":"tag-worldnews","32":"tag-zinas","33":"tag-zinas-no-arvalstim"},"share_on_mastodon":{"url":"https:\/\/pubeurope.com\/@lv\/115486049067823701","error":""},"_links":{"self":[{"href":"https:\/\/www.europesays.com\/lv\/wp-json\/wp\/v2\/posts\/38911","targetHints":{"allow":["GET"]}}],"collection":[{"href":"https:\/\/www.europesays.com\/lv\/wp-json\/wp\/v2\/posts"}],"about":[{"href":"https:\/\/www.europesays.com\/lv\/wp-json\/wp\/v2\/types\/post"}],"author":[{"embeddable":true,"href":"https:\/\/www.europesays.com\/lv\/wp-json\/wp\/v2\/users\/2"}],"replies":[{"embeddable":true,"href":"https:\/\/www.europesays.com\/lv\/wp-json\/wp\/v2\/comments?post=38911"}],"version-history":[{"count":0,"href":"https:\/\/www.europesays.com\/lv\/wp-json\/wp\/v2\/posts\/38911\/revisions"}],"wp:featuredmedia":[{"embeddable":true,"href":"https:\/\/www.europesays.com\/lv\/wp-json\/wp\/v2\/media\/38912"}],"wp:attachment":[{"href":"https:\/\/www.europesays.com\/lv\/wp-json\/wp\/v2\/media?parent=38911"}],"wp:term":[{"taxonomy":"category","embeddable":true,"href":"https:\/\/www.europesays.com\/lv\/wp-json\/wp\/v2\/categories?post=38911"},{"taxonomy":"post_tag","embeddable":true,"href":"https:\/\/www.europesays.com\/lv\/wp-json\/wp\/v2\/tags?post=38911"}],"curies":[{"name":"wp","href":"https:\/\/api.w.org\/{rel}","templated":true}]}}