{"id":38913,"date":"2025-11-03T13:41:08","date_gmt":"2025-11-03T13:41:08","guid":{"rendered":"https:\/\/www.europesays.com\/lv\/38913\/"},"modified":"2025-11-03T13:41:08","modified_gmt":"2025-11-03T13:41:08","slug":"cik-vina-pudeles-izdzeri-valdis-valters-skarbi-uzbrauc-vilim-kristopanam-kurs-iegrimis-atminas-par-savas-valdibas-laiku","status":"publish","type":"post","link":"https:\/\/www.europesays.com\/lv\/38913\/","title":{"rendered":"\u201cCik v\u012bna pudeles izdz\u0113ri?\u201d Valdis Valters skarbi \u201cuzbrauc\u201d Vilim Kri\u0161topanam, kur\u0161 iegrimis atmi\u0146\u0101s par savas vald\u012bbas laiku"},"content":{"rendered":"<p>    <img decoding=\"async\" src=\"https:\/\/www.europesays.com\/lv\/wp-content\/uploads\/2025\/11\/FotoJet-1-1-1024x768.jpg\" alt=\"&#10;\"\/><\/p>\n<p>Latvijas politikas un sabiedr\u012bbas burbu\u013cos \u0161oned\u0113\u013c dzirkste\u013co soci\u0101lo t\u012bklu v\u0113tras. Ar\u012b biju\u0161\u0101 Ministru prezidenta, \u0161obr\u012bd Saeimas deput\u0101ta (LPV) Vi\u013ca Kri\u0161topana ieraksts soci\u0101laj\u0101 platform\u0101 \u201cX\u201d, kur\u0101 vi\u0146\u0161 ar ironiju un pa\u0161apzi\u0146u atskat\u0101s uz savu vald\u012b\u0161anas laiku un izsaka pretrun\u012bgi v\u0113rt\u0113jamu attieksmi pret \u0101rvalstu investoru ba\u017e\u0101m.<\/p>\n<p>        Las\u012bt\u0101kie<br \/>\n        <a data-imagesrc=\"{&quot;300&quot;:&quot;https:\\\/\\\/lastatic.ams3.cdn.digitaloceanspaces.com\\\/2021\\\/11\\\/kakis6-300x199.jpg&quot;,&quot;1024&quot;:&quot;https:\\\/\\\/lastatic.ams3.cdn.digitaloceanspaces.com\\\/2021\\\/11\\\/kakis6-1024x680.jpg&quot;,&quot;768&quot;:&quot;https:\\\/\\\/lastatic.ams3.cdn.digitaloceanspaces.com\\\/2021\\\/11\\\/kakis6-768x510.jpg&quot;,&quot;200&quot;:&quot;https:\\\/\\\/lastatic.ams3.cdn.digitaloceanspaces.com\\\/2021\\\/11\\\/kakis6-200x133.jpg&quot;,&quot;400&quot;:&quot;https:\\\/\\\/lastatic.ams3.cdn.digitaloceanspaces.com\\\/2021\\\/11\\\/kakis6-400x265.jpg&quot;,&quot;500&quot;:&quot;https:\\\/\\\/lastatic.ams3.cdn.digitaloceanspaces.com\\\/2021\\\/11\\\/kakis6-500x332.jpg&quot;,&quot;800&quot;:&quot;https:\\\/\\\/lastatic.ams3.cdn.digitaloceanspaces.com\\\/2021\\\/11\\\/kakis6-800x531.jpg&quot;,&quot;1000&quot;:&quot;https:\\\/\\\/lastatic.ams3.cdn.digitaloceanspaces.com\\\/2021\\\/11\\\/kakis6-1000x664.jpg&quot;,&quot;1252&quot;:&quot;https:\\\/\\\/lastatic.ams3.cdn.digitaloceanspaces.com\\\/2021\\\/11\\\/kakis6.jpg&quot;}\" data-focuspoint=\"&quot;&quot;\" data-p=\"2459691\" href=\"https:\/\/www.la.lv\/berzesanas-gar-kajam-gulesana-virsu-astes-kustinasana-iemacies-saprast-ko-kakis-tev-sadi-saka\" class=\"content-item lazy-load\" wp_automatic_readability=\"3\" rel=\"nofollow noopener\" target=\"_blank\"><\/p>\n<p>                                <img decoding=\"async\" src=\"\" alt=\"\" style=\"\" data-imageid=\"\"\/><\/p>\n<p>                                M\u0101jas<\/p>\n<p>\n                                                Berz\u0113\u0161an\u0101s gar k\u0101j\u0101m, gul\u0113\u0161ana virs\u016b, astes kustin\u0101\u0161ana \u2013 iem\u0101cies saprast, ko ka\u0137is tev \u0161\u0101di \u201csaka\u201d\n                            <\/p>\n<p><\/a><a data-imagesrc=\"{&quot;300&quot;:&quot;https:\\\/\\\/lastatic.ams3.cdn.digitaloceanspaces.com\\\/2019\\\/09\\\/shutterstock_1394650529-300x200.jpg&quot;,&quot;768&quot;:&quot;https:\\\/\\\/lastatic.ams3.cdn.digitaloceanspaces.com\\\/2019\\\/09\\\/shutterstock_1394650529-768x513.jpg&quot;,&quot;200&quot;:&quot;https:\\\/\\\/lastatic.ams3.cdn.digitaloceanspaces.com\\\/2019\\\/09\\\/shutterstock_1394650529-200x134.jpg&quot;,&quot;400&quot;:&quot;https:\\\/\\\/lastatic.ams3.cdn.digitaloceanspaces.com\\\/2019\\\/09\\\/shutterstock_1394650529-400x267.jpg&quot;,&quot;500&quot;:&quot;https:\\\/\\\/lastatic.ams3.cdn.digitaloceanspaces.com\\\/2019\\\/09\\\/shutterstock_1394650529-500x334.jpg&quot;,&quot;800&quot;:&quot;https:\\\/\\\/lastatic.ams3.cdn.digitaloceanspaces.com\\\/2019\\\/09\\\/shutterstock_1394650529.jpg&quot;}\" data-focuspoint=\"&quot;&quot;\" data-p=\"2455909\" href=\"https:\/\/www.la.lv\/7-produkti-kurus-ieklaujot-uztura-katru-dienu-sanemsiet-teju-visas-organismam-nepieciesamas-baribas-vielas\" class=\"content-item lazy-load\" wp_automatic_readability=\"2.5\" rel=\"nofollow noopener\" target=\"_blank\"><\/p>\n<p>                                <img decoding=\"async\" src=\"\" alt=\"\" style=\"\" data-imageid=\"\"\/><\/p>\n<p>                                Veselam<\/p>\n<p>\n                                                7 produkti, kurus iek\u013caujot uztur\u0101 katru dienu, sa\u0146emsiet teju visas organismam nepiecie\u0161am\u0101s bar\u012bbas vielas\n                            <\/p>\n<p><\/a><a data-imagesrc=\"{&quot;300&quot;:&quot;https:\\\/\\\/lastatic.ams3.cdn.digitaloceanspaces.com\\\/2019\\\/09\\\/LET_22175967-1-300x221.jpg&quot;,&quot;768&quot;:&quot;https:\\\/\\\/lastatic.ams3.cdn.digitaloceanspaces.com\\\/2019\\\/09\\\/LET_22175967-1-768x567.jpg&quot;,&quot;200&quot;:&quot;https:\\\/\\\/lastatic.ams3.cdn.digitaloceanspaces.com\\\/2019\\\/09\\\/LET_22175967-1-200x148.jpg&quot;,&quot;400&quot;:&quot;https:\\\/\\\/lastatic.ams3.cdn.digitaloceanspaces.com\\\/2019\\\/09\\\/LET_22175967-1-400x295.jpg&quot;,&quot;500&quot;:&quot;https:\\\/\\\/lastatic.ams3.cdn.digitaloceanspaces.com\\\/2019\\\/09\\\/LET_22175967-1-500x369.jpg&quot;,&quot;800&quot;:&quot;https:\\\/\\\/lastatic.ams3.cdn.digitaloceanspaces.com\\\/2019\\\/09\\\/LET_22175967-1-800x590.jpg&quot;,&quot;1000&quot;:&quot;https:\\\/\\\/lastatic.ams3.cdn.digitaloceanspaces.com\\\/2019\\\/09\\\/LET_22175967-1.jpg&quot;}\" data-focuspoint=\"&quot;&quot;\" data-p=\"2459716\" href=\"https:\/\/www.la.lv\/tas-ir-noticis-atbildot-uz-jautajumu-kapec-latvijai-jaizstajas-no-stambulas-konvencijas-ingmars-lidaka-parspejis-pats-savu-aizver-muti\" class=\"content-item lazy-load\" wp_automatic_readability=\"2.5\" rel=\"nofollow noopener\" target=\"_blank\"><\/p>\n<p>                                <img decoding=\"async\" src=\"\" alt=\"\" style=\"\" data-imageid=\"\"\/><\/p>\n<p>\n                                                Tas ir noticis! Atbildot uz jaut\u0101jumu, k\u0101p\u0113c Latvijai j\u0101izst\u0101jas no Stambulas konvencijas, Ingm\u0101rs L\u012bdaka p\u0101rsp\u0113jis pats savu \u201cAizver muti!\u201d\n                            <\/p>\n<p><\/a><br \/>\n        <a class=\"read-more\" href=\"https:\/\/www.la.lv\/top\" rel=\"nofollow noopener\" target=\"_blank\">Las\u012bt citas zi\u0146as<\/a><\/p>\n<p>Kri\u0161topans raksta: \u201c1998. gad\u0101, manas vald\u012bbas laik\u0101, tika izveidota \u0101rvalstu investoru padome. Ja k\u0101dam investoram nepat\u012bk m\u016bsu iek\u0161politika, kura balst\u012bta uz cilv\u0113cisk\u0101m v\u0113rt\u012bb\u0101m, var sapakot koferus. P\u0113c 11 m\u0113ne\u0161iem m\u0113s uzvar\u0113sim v\u0113l\u0113\u0161an\u0101s un pal\u012bdz\u0113sim tiem gudrajiem mekl\u0113t jaunas valstis invest\u012bcij\u0101m.\u201d<\/p>\n<p>\u0160o ierakstu vi\u0146\u0161 pievienojis k\u0101 atbildi uz TV3 zi\u0146u publik\u0101ciju par to, ka \u0101rvalstu investoru padome paudusi ba\u017eas par Latvijas uz\u0146emto politisko kursu.<\/p>\n<p>    CITI \u0160OBR\u012aD LASA<\/p>\n<p>Ta\u010du Kri\u0161topana brav\u016br\u012bg\u0101 nost\u0101ja nav palikusi bez koment\u0101riem. Ar\u012b biju\u0161ais basketbolists un sabiedr\u012bb\u0101 paz\u012bstams viedok\u013cu l\u012bderis Valdis Valters Kri\u0161topanam, saist\u012bb\u0101 ar \u0161o ierakstu, uzdevis jaut\u0101jumu: \u201cInteresanti, cik Vilis v\u012bna pudeles ir izdz\u0113ris?\u201d<\/p>\n<blockquote class=\"twitter-tweet\" wp_automatic_readability=\"6.192\">\n<p lang=\"lv\" dir=\"ltr\">Interesanti, cik Vilis v\u012bna pudeles ir izdz\u0113ris? <a href=\"https:\/\/t.co\/7PqLrsHY5Q\" rel=\"nofollow\">https:\/\/t.co\/7PqLrsHY5Q<\/a><\/p>\n<p>\u2014 \u0122ener\u0101lis AI (@GeneralisAi) <a href=\"https:\/\/twitter.com\/GeneralisAi\/status\/1985081227943002442?ref_src=twsrc%5Etfw\" rel=\"nofollow noopener\" target=\"_blank\">November 2, 2025<\/a><\/p>\n<\/blockquote>\n<p>T\u0113mas<\/p>\n<p>    SAIST\u012aTIE RAKSTI<\/p>\n<p>                            <script async src=\"https:\/\/platform.twitter.com\/widgets.js\" charset=\"utf-8\"><\/script><\/p>\n","protected":false},"excerpt":{"rendered":"Latvijas politikas un sabiedr\u012bbas burbu\u013cos \u0161oned\u0113\u013c dzirkste\u013co soci\u0101lo t\u012bklu v\u0113tras. Ar\u012b biju\u0161\u0101 Ministru prezidenta, \u0161obr\u012bd Saeimas deput\u0101ta (LPV)&hellip;\n","protected":false},"author":2,"featured_media":38914,"comment_status":"","ping_status":"","sticky":false,"template":"","format":"standard","meta":{"footnotes":""},"categories":[5],"tags":[23,28,29,32,33,22,30,31,35,39,38,36,37,34,40,20,26,27,24,25,21],"class_list":{"0":"post-38913","1":"post","2":"type-post","3":"status-publish","4":"format-standard","5":"has-post-thumbnail","7":"category-aktualitates","8":"tag-aktualitates","9":"tag-breaking-news","10":"tag-breakingnews","11":"tag-featured-news","12":"tag-featurednews","13":"tag-headlines","14":"tag-latest-news","15":"tag-latestnews","16":"tag-latvia","17":"tag-latvian","18":"tag-latviesu","19":"tag-latviesu-valoda","20":"tag-latviesuvaloda","21":"tag-latvija","22":"tag-lv","23":"tag-news","24":"tag-popularakas-zinas","25":"tag-popularakaszinas","26":"tag-top-stories","27":"tag-topstories","28":"tag-zinas"},"share_on_mastodon":{"url":"https:\/\/pubeurope.com\/@lv\/115486056994947284","error":""},"_links":{"self":[{"href":"https:\/\/www.europesays.com\/lv\/wp-json\/wp\/v2\/posts\/38913","targetHints":{"allow":["GET"]}}],"collection":[{"href":"https:\/\/www.europesays.com\/lv\/wp-json\/wp\/v2\/posts"}],"about":[{"href":"https:\/\/www.europesays.com\/lv\/wp-json\/wp\/v2\/types\/post"}],"author":[{"embeddable":true,"href":"https:\/\/www.europesays.com\/lv\/wp-json\/wp\/v2\/users\/2"}],"replies":[{"embeddable":true,"href":"https:\/\/www.europesays.com\/lv\/wp-json\/wp\/v2\/comments?post=38913"}],"version-history":[{"count":0,"href":"https:\/\/www.europesays.com\/lv\/wp-json\/wp\/v2\/posts\/38913\/revisions"}],"wp:featuredmedia":[{"embeddable":true,"href":"https:\/\/www.europesays.com\/lv\/wp-json\/wp\/v2\/media\/38914"}],"wp:attachment":[{"href":"https:\/\/www.europesays.com\/lv\/wp-json\/wp\/v2\/media?parent=38913"}],"wp:term":[{"taxonomy":"category","embeddable":true,"href":"https:\/\/www.europesays.com\/lv\/wp-json\/wp\/v2\/categories?post=38913"},{"taxonomy":"post_tag","embeddable":true,"href":"https:\/\/www.europesays.com\/lv\/wp-json\/wp\/v2\/tags?post=38913"}],"curies":[{"name":"wp","href":"https:\/\/api.w.org\/{rel}","templated":true}]}}