{"id":38917,"date":"2025-11-03T13:45:06","date_gmt":"2025-11-03T13:45:06","guid":{"rendered":"https:\/\/www.europesays.com\/lv\/38917\/"},"modified":"2025-11-03T13:45:06","modified_gmt":"2025-11-03T13:45:06","slug":"vesturniece-tamara-eidelmana-var-tikt-notiesata-uz-15-gadiem-vina-slepjas-portugale","status":"publish","type":"post","link":"https:\/\/www.europesays.com\/lv\/38917\/","title":{"rendered":"V\u0113sturniece Tamara Eidelmana var tikt noties\u0101ta uz 15 gadiem, vi\u0146a sl\u0113pjas Portug\u0101l\u0113"},"content":{"rendered":"<p>Ties\u0101 vi\u0146ai tika inkrimin\u0113ta &#8220;negat\u012bva inform\u0101cija par PSRS r\u012bc\u012bbu Otr\u0101 pasaules kara gados, varo\u0146u dien\u0101m un Krievijas piemi\u0146as datumiem, kas saist\u012bti ar T\u0113vijas aizsardz\u012bbu, k\u0101 ar\u012b par Otr\u0101 pasaules kara veter\u0101niem.&#8221;<\/p>\n<p>Dorogomilovas tiesa Maskav\u0101 ir piem\u0113rojusi v\u0113sturniecei Tamarai Eidelmanai, kurai ir Krievijas Feder\u0101cijas nopelniem bag\u0101t\u0101 skolot\u0101ja tituls un kura 2022. gad\u0101 tika atz\u012bta par \u0101rvalstu a\u0123entu, dro\u0161\u012bbas l\u012bdzekli apcietin\u0101juma veid\u0101.<\/p>\n<p>K\u0101 nor\u0101d\u012bts iest\u0101des preses dienest\u0101, \u0146emot v\u0113r\u0101 Dorogomilovas starprajona prokurat\u016bras nost\u0101ju, Eidelmanai &#8220;saska\u0146\u0101 ar diviem epizodiem ir izvirz\u012bta aps\u016bdz\u012bba p\u0113c Krievijas Krimin\u0101lkodeksa 354.1 panta (nacisma rehabilit\u0101cija) un 207.3 panta 2. da\u013cas &#8220;d&#8221; punkta (publiska apzin\u0101ti nepatiesas inform\u0101cijas izplat\u012b\u0161ana par Krievijas Feder\u0101cijas Bru\u0146otajiem sp\u0113kiem)&#8221;.<\/p>\n<ol start=\"2022\">\n<li>gad\u0101, p\u0113c Krievijas milit\u0101r\u0101s oper\u0101cijas s\u0101kuma Ukrain\u0101, Eidelmana izteica nosod\u012bjumu Krievijas r\u012bc\u012bbai un pameta valsti. V\u0113l\u0101k, 2024. gada maij\u0101, saska\u0146\u0101 ar izmekl\u0113\u0161anas datiem, v\u0113sturniece public\u0113ja internet\u0101 videoklipu ar autorprogrammu, kur\u0101 bija &#8220;negat\u012bva inform\u0101cija par PSRS r\u012bc\u012bbu Otr\u0101 pasaules kara gados, varo\u0146u dien\u0101m un Krievijas piemi\u0146as datumiem, kas saist\u012bti ar T\u0113vijas aizsardz\u012bbu, k\u0101 ar\u012b par Otr\u0101 pasaules kara veter\u0101niem&#8221;. M\u0113nesi v\u0113l\u0101k pret pedagogu tika uzs\u0101kts krimin\u0101lprocess par nacisma rehabilit\u0101ciju.<\/li>\n<\/ol>\n<p>Attiec\u012bb\u0101 uz epizodu ar viltus zi\u0146\u0101m par Krievijas armijas r\u012bc\u012bbu, k\u0101 prokurat\u016bra atg\u0101din\u0101ja, tas notika 2024. gada 8. j\u016blij\u0101. 2025. gada maij\u0101 k\u013cuva zin\u0101ms, ka pret 65 gadus veco Eidelmani uzs\u0101kts attiec\u012bgs krimin\u0101lprocess. Krievijas Krimin\u0101lkodeksa 207.3 pants paredz maksim\u0101lo sodu 15 gadu br\u012bv\u012bbas at\u0146em\u0161anu.<\/p>\n<p>Iepriek\u0161 tika public\u0113ta Eidelmanes intervija ar Juri Dudu YouTube kan\u0101l\u0101 &#8220;VDud&#8221;. Taj\u0101 vi\u0146a pazi\u0146oja, ka dz\u012bvo pie meitas Lisabon\u0101 saist\u012bb\u0101 ar Krievijas milit\u0101ro iebrukumu Ukrain\u0101.<\/p>\n<p>V\u0113sturnieki O. V. Avdo\u0161kina un V. L. Kuzmins uzskata, ka Tamara Eidelmana pieder pie v\u0113stures populariz\u0113t\u0101jiem, kuri cen\u0161as sniegt savu versiju par noteiktiem v\u0113sturiskiem notikumiem &#8220;ar da\u017e\u0101du ticam\u012bbas pak\u0101pi vai ar noteiktiem akcentiem atkar\u012bb\u0101 no sav\u0101m person\u012bgaj\u0101m simp\u0101tij\u0101m&#8221;. Vi\u0146as kan\u0101ls piesaista skat\u012bt\u0101jus gan jaun\u0101, gan pieaugu\u0161a vecuma. T\u0113mas ir izv\u0113l\u0113tas, \u0146emot v\u0113r\u0101 auditorijas interesi un aktu\u0101lit\u0101ti, ta\u010du v\u0113sturisk\u0101 kontekst\u0101.<\/p>\n<p>Avdo\u0161kina un Kuzmina v\u0113rt\u0113jum\u0101 Tamara Eidelmana platform\u0101s YouTube, Telegram, Dzen un Arzamas. Akad\u0113mija rada saturu \u013coti augst\u0101 profesion\u0101l\u0101 l\u012bmen\u012b, balstoties uz da\u017e\u0101diem v\u0113sturiskiem avotiem un materi\u0101liem; nor\u0101da cit\u0101tu autorus un sniedz saites uz dokumentiem. Gandr\u012bz visos si\u017eetos, saska\u0146\u0101 ar pedago\u0123isko praksi, vi\u0146a uzdod skat\u012bt\u0101jiem jaut\u0101jumu, uz kuru atbildei nepiecie\u0161ams dom\u0101t.<\/p>\n","protected":false},"excerpt":{"rendered":"Ties\u0101 vi\u0146ai tika inkrimin\u0113ta &#8220;negat\u012bva inform\u0101cija par PSRS r\u012bc\u012bbu Otr\u0101 pasaules kara gados, varo\u0146u dien\u0101m un Krievijas piemi\u0146as&hellip;\n","protected":false},"author":2,"featured_media":38918,"comment_status":"","ping_status":"","sticky":false,"template":"","format":"standard","meta":{"footnotes":""},"categories":[14],"tags":[23,57,28,29,32,33,22,30,31,35,39,38,36,37,34,40,20,26,27,24,25,54,55,56,21,58],"class_list":{"0":"post-38917","1":"post","2":"type-post","3":"status-publish","4":"format-standard","5":"has-post-thumbnail","7":"category-zinas-no-arvalstim","8":"tag-aktualitates","9":"tag-arvalstim","10":"tag-breaking-news","11":"tag-breakingnews","12":"tag-featured-news","13":"tag-featurednews","14":"tag-headlines","15":"tag-latest-news","16":"tag-latestnews","17":"tag-latvia","18":"tag-latvian","19":"tag-latviesu","20":"tag-latviesu-valoda","21":"tag-latviesuvaloda","22":"tag-latvija","23":"tag-lv","24":"tag-news","25":"tag-popularakas-zinas","26":"tag-popularakaszinas","27":"tag-top-stories","28":"tag-topstories","29":"tag-world","30":"tag-world-news","31":"tag-worldnews","32":"tag-zinas","33":"tag-zinas-no-arvalstim"},"share_on_mastodon":{"url":"https:\/\/pubeurope.com\/@lv\/115486072734415441","error":""},"_links":{"self":[{"href":"https:\/\/www.europesays.com\/lv\/wp-json\/wp\/v2\/posts\/38917","targetHints":{"allow":["GET"]}}],"collection":[{"href":"https:\/\/www.europesays.com\/lv\/wp-json\/wp\/v2\/posts"}],"about":[{"href":"https:\/\/www.europesays.com\/lv\/wp-json\/wp\/v2\/types\/post"}],"author":[{"embeddable":true,"href":"https:\/\/www.europesays.com\/lv\/wp-json\/wp\/v2\/users\/2"}],"replies":[{"embeddable":true,"href":"https:\/\/www.europesays.com\/lv\/wp-json\/wp\/v2\/comments?post=38917"}],"version-history":[{"count":0,"href":"https:\/\/www.europesays.com\/lv\/wp-json\/wp\/v2\/posts\/38917\/revisions"}],"wp:featuredmedia":[{"embeddable":true,"href":"https:\/\/www.europesays.com\/lv\/wp-json\/wp\/v2\/media\/38918"}],"wp:attachment":[{"href":"https:\/\/www.europesays.com\/lv\/wp-json\/wp\/v2\/media?parent=38917"}],"wp:term":[{"taxonomy":"category","embeddable":true,"href":"https:\/\/www.europesays.com\/lv\/wp-json\/wp\/v2\/categories?post=38917"},{"taxonomy":"post_tag","embeddable":true,"href":"https:\/\/www.europesays.com\/lv\/wp-json\/wp\/v2\/tags?post=38917"}],"curies":[{"name":"wp","href":"https:\/\/api.w.org\/{rel}","templated":true}]}}