{"id":38919,"date":"2025-11-03T13:47:11","date_gmt":"2025-11-03T13:47:11","guid":{"rendered":"https:\/\/www.europesays.com\/lv\/38919\/"},"modified":"2025-11-03T13:47:11","modified_gmt":"2025-11-03T13:47:11","slug":"latvija-diezgan-labi-prot-skirot-nevajadzigas-elektroierices-raksts","status":"publish","type":"post","link":"https:\/\/www.europesays.com\/lv\/38919\/","title":{"rendered":"Latvij\u0101 diezgan labi prot \u0161\u0137irot nevajadz\u012bg\u0101s elektroier\u012bces \/ Raksts"},"content":{"rendered":"<p>Statistikas dati liecina, ka Latvijas iedz\u012bvot\u0101ji sal\u012bdzino\u0161i labi ir iem\u0101c\u012bju\u0161ies \u0161\u0137irot nevajadz\u012bg\u0101s elektroiek\u0101rtas, Latvijas Telev\u012bzijai nor\u0101d\u012bja Klimata un ener\u0123\u0113tikas ministrijas (KEM) p\u0101rst\u0101ve Sandija Sni\u0137ere.<\/p>\n<p style=\"margin-left:0cm; margin-right:0cm\">&#8220;Eiropas pras\u012bbas nosaka, ka no tirg\u016b laist\u0101 elektroier\u012b\u010du apjoma tr\u012bs gadu period\u0101 vid\u0113jam sav\u0101k\u0161anas r\u0101d\u012bt\u0101jam ir j\u0101b\u016bt 65%. \u0160obr\u012bd Latvija izpilda \u0161o r\u0101d\u012bt\u0101ju,&#8221; atzina Sni\u0137ere.<\/p>\n<blockquote>\n<p style=\"margin-left:0cm; margin-right:0cm\">Iedz\u012bvot\u0101ju aptaujas dati liecina, ka br\u012bd\u012b, kad k\u0101da elektroier\u012bce vairs nav nepiecie\u0161ama, se\u0161i no desmit cilv\u0113kiem to atdod radiem vai draugiem, st\u0101st\u012bja KEM.<\/p>\n<\/blockquote>\n<p style=\"margin-left:0cm; margin-right:0cm\">V\u0113l liela da\u013ca to m\u0113dz nolikt glab\u0101\u0161an\u0101 k\u0101 rezerves variantu, bet v\u0113l citi to izv\u0113las p\u0101rdot.<\/p>\n<p style=\"margin-left:0cm; margin-right:0cm\">&#8220;Se\u0161i no desmit ir atbild\u0113ju\u0161i, ka vi\u0146i labpr\u0101t ieg\u0101d\u0101tos lietotu tehniku. Vispopul\u0101r\u0101k\u0101 atbilde lietotai tehnikai ir elektroinstrumenti b\u016bvniec\u012bbai, t\u0101l\u0101k ir datortehnika, fotokameras un mobilie telefoni,&#8221; uzskait\u012bja Sni\u0137ere.<\/p>\n<p style=\"margin-left:0cm; margin-right:0cm\">Ko ies\u0101kt ar elektroiek\u0101rt\u0101m, kas savu laiku ir nokalpoju\u0161as. &#8220;Ja t\u0101 ir maz\u0101 sadz\u012bves elektroier\u012bce \u2013 da\u017e\u0101das skaistumkop\u0161anas ier\u012bces, mobilie telefoni, tad normat\u012bvajos aktos ir noteikts, ka 400 kvadr\u0101tmetru lielos veikalos ir j\u0101b\u016bt kast\u0113m, kur var iemest \u0161o elektroier\u012bci,&#8221; skaidroja Sni\u0137ere.<\/p>\n<p style=\"margin-left:0cm; margin-right:0cm\">Punktus, \u0161\u0137iro\u0161anas laukumus, kur atbr\u012bvoties no nevajadz\u012bgaj\u0101m elektroiek\u0101rt\u0101m, gan lielizm\u0113ra, gan maz\u0101m, var mekl\u0113t m\u0101jaslap\u0101 <a href=\"https:\/\/skiroviegli.lv\/\" target=\"_blank\" rel=\"nofollow noopener\">skiroviegli.lv<\/a>.\u00a0 Atkritumu apsaimniekot\u0101ji ar\u012b m\u0113dz atbraukt paka\u013c iek\u0101rt\u0101m uz iedz\u012bvot\u0101ju m\u0101j\u0101m un ik pa br\u012bdim r\u012bko bezmaksas sav\u0101k\u0161anas akcijas.<\/p>\n<p style=\"margin-left:0cm; margin-right:0cm\">&#8220;Ja [elektroier\u012bces] izmet pie sadz\u012bves atkritumiem, past\u0101v b\u012bstam\u012bba, ka var tikt ietekm\u0113ta vide, jo preces ar smagajiem met\u0101liem non\u0101k poligon\u0101. Tur notiek sadal\u012b\u0161an\u0101s process un ir \u0137\u012bmiska ietekme uz vidi,&#8221; skaidroja &#8220;Eco Baltia vide&#8221; direktors Andris Ziemelis.<\/p>\n<blockquote>\n<p style=\"margin-left:0cm; margin-right:0cm\">Mest elektroniku pie sadz\u012bves atkritumiem ir b\u012bstami, jo p\u0113d\u0113jo gadu laik\u0101 ir biju\u0161i vair\u0101ki aizdeg\u0161an\u0101s gad\u012bjumi, uzsv\u0113ra &#8220;CleanR&#8221; valdes priek\u0161s\u0113d\u0113t\u0101js Valerijs Stankevi\u010ds:<\/p>\n<\/blockquote>\n<p style=\"margin-left:0cm; margin-right:0cm\">&#8220;M\u016bsdienu elektronika satur ar\u012b diezgan daudz litija bateriju, kuras no minim\u0101las berzes var uzliesmot. \u0160\u0101di gad\u012bjumi ir biju\u0161i. Vienk\u0101r\u0161i transport\u0113jot kravu, secin\u0101m, ka ir notikusi aizdeg\u0161an\u0101s. T\u0101 var b\u016bt t\u0113jkanna, tas var b\u016bt f\u0113ns. Tikpat labi var b\u016bt ar\u012b elektronisk\u0101 cigarete, kur ar\u012b ir attiec\u012bgie elementi.&#8221;<\/p>\n<p>Nevajadz\u012bg\u0101s elektroiek\u0101rtas ir iesp\u0113jams p\u0101rstr\u0101d\u0101t un no t\u0101m rad\u012bt jaunas lietas. &#8220;M\u0113s elektropreces sadal\u0101m pa sortimentiem. Iz\u0146emam \u0101r\u0101 motorus, datoriem iz\u0146emam m\u0101tes plates un t\u0101 t\u0101l\u0101k. Sa\u0161\u0137irojam un s\u016bt\u0101m uz p\u0101rstr\u0101di,&#8221; skaidroja &#8220;Eco Baltia vide&#8221; direktors Ziemelis.<\/p>\n<p style=\"margin-left:0cm; margin-right:0cm\">\u00a0<\/p>\n<p style=\"margin-left:0cm; margin-right:0cm\">Latvij\u0101 darbojas ar\u012b vair\u0101ki veikali, kur iedz\u012bvot\u0101ju sa\u0161\u0137irot\u0101s, izmest\u0101s elektroier\u012bces tiek salabotas un p\u0113c tam p\u0101rdotas, pie\u0161\u0137irot t\u0101m otru dz\u012bvi. L\u0113t\u0101k ir nopirkt \u0161\u0101du iek\u0101rtu nek\u0101 jaunu.<\/p>\n<p>                    Valodas k\u013c\u016bda rakst\u0101?<\/p>\n<p class=\"d-none d-md-block\">Iez\u012bm\u0113jiet tekstu un spiediet Ctrl+Enter, lai nos\u016bt\u012btu labojamo teksta fragmentu redaktoram! Par faktu k\u013c\u016bd\u0101m l\u016bdzam zi\u0146ot e-past\u0101 <a href=\"https:\/\/www.lsm.lv\/cdn-cgi\/l\/email-protection\" class=\"__cf_email__\" data-cfemail=\"c7b5a2a3a6aca4aeada687abb4aae9abb1\" rel=\"nofollow noopener\" target=\"_blank\">[email\u00a0protected]<\/a>.<\/p>\n<p class=\"d-md-none\">Iez\u012bm\u0113jiet tekstu un spiediet uz Zi\u0146ot par k\u013c\u016bdu pogas, lai nos\u016bt\u012btu labojamo teksta fragmentu redaktoram!<\/p>\n<p>\n                    Zi\u0146ot par k\u013c\u016bdu\n                <\/p>\n","protected":false},"excerpt":{"rendered":"Statistikas dati liecina, ka Latvijas iedz\u012bvot\u0101ji sal\u012bdzino\u0161i labi ir iem\u0101c\u012bju\u0161ies \u0161\u0137irot nevajadz\u012bg\u0101s elektroiek\u0101rtas, Latvijas Telev\u012bzijai nor\u0101d\u012bja Klimata un&hellip;\n","protected":false},"author":2,"featured_media":38920,"comment_status":"","ping_status":"","sticky":false,"template":"","format":"standard","meta":{"footnotes":""},"categories":[5],"tags":[23,28,29,32,33,22,30,31,35,39,38,36,37,34,40,20,26,27,24,25,21],"class_list":{"0":"post-38919","1":"post","2":"type-post","3":"status-publish","4":"format-standard","5":"has-post-thumbnail","7":"category-aktualitates","8":"tag-aktualitates","9":"tag-breaking-news","10":"tag-breakingnews","11":"tag-featured-news","12":"tag-featurednews","13":"tag-headlines","14":"tag-latest-news","15":"tag-latestnews","16":"tag-latvia","17":"tag-latvian","18":"tag-latviesu","19":"tag-latviesu-valoda","20":"tag-latviesuvaloda","21":"tag-latvija","22":"tag-lv","23":"tag-news","24":"tag-popularakas-zinas","25":"tag-popularakaszinas","26":"tag-top-stories","27":"tag-topstories","28":"tag-zinas"},"share_on_mastodon":{"url":"https:\/\/pubeurope.com\/@lv\/115486080623915812","error":""},"_links":{"self":[{"href":"https:\/\/www.europesays.com\/lv\/wp-json\/wp\/v2\/posts\/38919","targetHints":{"allow":["GET"]}}],"collection":[{"href":"https:\/\/www.europesays.com\/lv\/wp-json\/wp\/v2\/posts"}],"about":[{"href":"https:\/\/www.europesays.com\/lv\/wp-json\/wp\/v2\/types\/post"}],"author":[{"embeddable":true,"href":"https:\/\/www.europesays.com\/lv\/wp-json\/wp\/v2\/users\/2"}],"replies":[{"embeddable":true,"href":"https:\/\/www.europesays.com\/lv\/wp-json\/wp\/v2\/comments?post=38919"}],"version-history":[{"count":0,"href":"https:\/\/www.europesays.com\/lv\/wp-json\/wp\/v2\/posts\/38919\/revisions"}],"wp:featuredmedia":[{"embeddable":true,"href":"https:\/\/www.europesays.com\/lv\/wp-json\/wp\/v2\/media\/38920"}],"wp:attachment":[{"href":"https:\/\/www.europesays.com\/lv\/wp-json\/wp\/v2\/media?parent=38919"}],"wp:term":[{"taxonomy":"category","embeddable":true,"href":"https:\/\/www.europesays.com\/lv\/wp-json\/wp\/v2\/categories?post=38919"},{"taxonomy":"post_tag","embeddable":true,"href":"https:\/\/www.europesays.com\/lv\/wp-json\/wp\/v2\/tags?post=38919"}],"curies":[{"name":"wp","href":"https:\/\/api.w.org\/{rel}","templated":true}]}}