{"id":38926,"date":"2025-11-03T13:55:07","date_gmt":"2025-11-03T13:55:07","guid":{"rendered":"https:\/\/www.europesays.com\/lv\/38926\/"},"modified":"2025-11-03T13:55:07","modified_gmt":"2025-11-03T13:55:07","slug":"ostapenko-sji-pieveic-favorites-un-garante-vietu-wta-finals-pusfinala","status":"publish","type":"post","link":"https:\/\/www.europesays.com\/lv\/38926\/","title":{"rendered":"Ostapenko\/Sji pieveic favor\u012btes un garant\u0113 vietu &#8220;WTA Finals&#8221; pusfin\u0101l\u0101"},"content":{"rendered":"<p>Ostapenko\/Sji bija p\u0101r\u0101kas ar 6-3, 6-4, tiekot pie otr\u0101s uzvaras div\u0101s sp\u0113l\u0113s.<\/p>\n<p>Latvijas un Taiv\u0101nas duets turn\u012br\u0101 izs\u0113ts ar sesto numuru un sestdien pirmaj\u0101 ma\u010d\u0101 ar 1-6, 7-5, 10:5 p\u0101rsp\u0113ja be\u013c\u0123ieti El\u012bzi Mertensu un krievieti Veroniku Kudermetovu, kur\u0101m ticis ceturtais numurs.<\/p>\n<p>Savuk\u0101rt Paol\u012bni un Err\u0101ni ticis pirmais numurs. It\u0101lijas duets ar\u012b turn\u012bru s\u0101ka ar pan\u0101kumu, pirmaj\u0101 sp\u0113l\u0113 ar 6-3, 6-3 apsp\u0113l\u0113jot ar astoto numuru izs\u0113to ASV un N\u012bderlandes duetu Ei\u017ea Muhammada\/Demi \u0160\u016brsa.<\/p>\n<p>Ostapenko dubultsp\u0113\u013cu rang\u0101 atrodas sestaj\u0101 viet\u0101, bet Sji ierindojas astotaj\u0101 poz\u012bcij\u0101. Paol\u012bni un Errani ie\u0146em dal\u012btu tre\u0161o vietu.<\/p>\n<p>Latvijas un Taiv\u0101nas duets \u0161osezon Vimbldonas \u010dempion\u0101t\u0101 sasniedza fin\u0101lu, kur\u0101 zaud\u0113ja Mertensai un Kudermetovai, piedz\u012bvojot neveiksmi ar\u012b Austr\u0101lijas atkl\u0101t\u0101 \u010dempion\u0101ta fin\u0101l\u0101, bet ar cit\u0101m partner\u0113m Ostapenko \u0161osezon izc\u012bn\u012bja divus &#8220;WTA 500&#8221; dubultsp\u0113\u013cu sacens\u012bbu titulus.<\/p>\n<p>Oktobra s\u0101kum\u0101 Paol\u012bni un Errani triumf\u0113ja Pekinas &#8220;WTA 1000&#8221; turn\u012br\u0101, pusfin\u0101l\u0101 divos setos apsp\u0113l\u0113jot Ostapenko\/Sji. It\u0101lietes \u0161osezon uzvar\u0113ja ar\u012b Francijas atkl\u0101taj\u0101 \u010dempion\u0101t\u0101, k\u0101 ar\u012b Romas un Dohas &#8220;WTA 1000&#8221; turn\u012bros.<\/p>\n<p>Pusfin\u0101l\u0101 iek\u013c\u016bs apak\u0161grupas pirmo divu vietu ieguv\u0113jas.<\/p>\n<p>P\u0113rn Ostapenko p\u0101r\u012b ar ukrainieti Ludmilu Ki\u010denoku piedz\u012bvoja tr\u012bs zaud\u0113jumus grupas ma\u010dos, nosl\u0113dzot sacens\u012bbas bez uzvar\u0101m.<\/p>\n<p>&#8220;WTA Finals&#8221; no 1. l\u012bdz 8. novembrim notiks Sa\u016bda Ar\u0101bijas galvaspils\u0113t\u0101 Rij\u0101d\u0101.<\/p>\n","protected":false},"excerpt":{"rendered":"Ostapenko\/Sji bija p\u0101r\u0101kas ar 6-3, 6-4, tiekot pie otr\u0101s uzvaras div\u0101s sp\u0113l\u0113s. Latvijas un Taiv\u0101nas duets turn\u012br\u0101 izs\u0113ts&hellip;\n","protected":false},"author":2,"featured_media":38927,"comment_status":"","ping_status":"","sticky":false,"template":"","format":"standard","meta":{"footnotes":""},"categories":[17],"tags":[680,11327,3028,35,39,38,36,37,34,40,11325,941,67,11323,11326,11324],"class_list":{"0":"post-38926","1":"post","2":"type-post","3":"status-publish","4":"format-standard","5":"has-post-thumbnail","7":"category-sports","8":"tag-alona-ostapenko","9":"tag-elize-mertensa","10":"tag-jasmine-paolini","11":"tag-latvia","12":"tag-latvian","13":"tag-latviesu","14":"tag-latviesu-valoda","15":"tag-latviesuvaloda","16":"tag-latvija","17":"tag-lv","18":"tag-sara-errani","19":"tag-sieviesu-teniss","20":"tag-sports","21":"tag-suveja-sji","22":"tag-veronika-kudermetova","23":"tag-wta-finals"},"share_on_mastodon":{"url":"https:\/\/pubeurope.com\/@lv\/115486112030663045","error":""},"_links":{"self":[{"href":"https:\/\/www.europesays.com\/lv\/wp-json\/wp\/v2\/posts\/38926","targetHints":{"allow":["GET"]}}],"collection":[{"href":"https:\/\/www.europesays.com\/lv\/wp-json\/wp\/v2\/posts"}],"about":[{"href":"https:\/\/www.europesays.com\/lv\/wp-json\/wp\/v2\/types\/post"}],"author":[{"embeddable":true,"href":"https:\/\/www.europesays.com\/lv\/wp-json\/wp\/v2\/users\/2"}],"replies":[{"embeddable":true,"href":"https:\/\/www.europesays.com\/lv\/wp-json\/wp\/v2\/comments?post=38926"}],"version-history":[{"count":0,"href":"https:\/\/www.europesays.com\/lv\/wp-json\/wp\/v2\/posts\/38926\/revisions"}],"wp:featuredmedia":[{"embeddable":true,"href":"https:\/\/www.europesays.com\/lv\/wp-json\/wp\/v2\/media\/38927"}],"wp:attachment":[{"href":"https:\/\/www.europesays.com\/lv\/wp-json\/wp\/v2\/media?parent=38926"}],"wp:term":[{"taxonomy":"category","embeddable":true,"href":"https:\/\/www.europesays.com\/lv\/wp-json\/wp\/v2\/categories?post=38926"},{"taxonomy":"post_tag","embeddable":true,"href":"https:\/\/www.europesays.com\/lv\/wp-json\/wp\/v2\/tags?post=38926"}],"curies":[{"name":"wp","href":"https:\/\/api.w.org\/{rel}","templated":true}]}}