{"id":38928,"date":"2025-11-03T13:57:09","date_gmt":"2025-11-03T13:57:09","guid":{"rendered":"https:\/\/www.europesays.com\/lv\/38928\/"},"modified":"2025-11-03T13:57:09","modified_gmt":"2025-11-03T13:57:09","slug":"ceribas-izaicinajumi-un-gruzijas-satraucosais-progresa-zinojums-lente-lv","status":"publish","type":"post","link":"https:\/\/www.europesays.com\/lv\/38928\/","title":{"rendered":"cer\u012bbas, izaicin\u0101jumi un Gruzijas satrauco\u0161ais progresa zi\u0146ojums\u00a0\u2014\u00a0Lente.lv"},"content":{"rendered":"<p>ES papla\u0161in\u0101\u0161an\u0101s pulss: Euronews samita atkl\u0101jumi<\/p>\n<p>\u0160oned\u0113\u013c Eiropas Savien\u012bbas papla\u0161in\u0101\u0161an\u0101s jaut\u0101jums izvirz\u012bjies uzman\u012bbas centr\u0101, jo Euronews r\u012bkotais samits un Eiropas Komisijas jaun\u0101kais papla\u0161in\u0101\u0161an\u0101s paka sniedz b\u016btisku ieskatu kandid\u0101tvalstu progres\u0101 un ES gatav\u012bb\u0101 uz\u0146emt jaunas dal\u012bbvalstis. \u0160ie notikumi, ko prezent\u0113ju\u0161i Euronews reportieri Vincenzo Genovese un Marta Iraola Iribarren, iez\u012bm\u0113 gan cer\u012bgas perspekt\u012bvas, gan nopietnus izaicin\u0101jumus.<\/p>\n<p>Kardin\u0101lo datumu kalend\u0101rs un gaid\u0101m\u0101s zi\u0146as<\/p>\n<p>Otrdiena, 4. novembris, iez\u012bm\u0113j\u0101s ar diviem noz\u012bm\u012bgiem notikumiem: Euronews r\u012bkoto papla\u0161in\u0101\u0161an\u0101s samitu un Eiropas Komisijas ikgad\u0113j\u0101 papla\u0161in\u0101\u0161an\u0101s paka izstr\u0101di. \u0160is paka ir b\u016btisks instruments, lai nov\u0113rt\u0113tu kandid\u0101tvalstu sasniegumus ce\u013c\u0101 uz dal\u012bbu ES. Turkl\u0101t vides ministru tik\u0161an\u0101s nor\u0101da uz papla\u0161in\u0101\u0161an\u0101s dimensijas cie\u0161o saist\u012bbu ar vides politiku.<\/p>\n<p>N\u0101kamaj\u0101 dien\u0101, 5. novembr\u012b, Bud\u017eeta komiteja veiks padzi\u013cin\u0101tu diskusiju ar komis\u0101ru Pjotru Serafinu par ES n\u0101kamo ilgtermi\u0146a bud\u017eetu, starpiest\u0101\u017eu vieno\u0161anos un pa\u0161u resursu l\u0113mumu. \u0160ie jaut\u0101jumi ir tie\u0161i saist\u012bti ar finansi\u0101lo un juridisko pamatu turpm\u0101kai papla\u0161in\u0101\u0161anai.<\/p>\n<p>Papla\u0161in\u0101\u0161an\u0101s paka: izv\u0113rt\u0113jums un reformas<\/p>\n<p>\u0160\u012b gada Eiropas Komisijas papla\u0161in\u0101\u0161an\u0101s paka sola b\u016bt \u012bpa\u0161i noz\u012bm\u012bga, jo t\u0101 ietvers \u201cpre-papla\u0161in\u0101\u0161an\u0101s politikas p\u0101rskat\u012b\u0161anu\u201d. Tas noz\u012bm\u0113, ka tiks analiz\u0113tas un pied\u0101v\u0101tas reformas, kas pa\u0161\u0101m dal\u012bbvalst\u012bm j\u0101veic, lai veiksm\u012bgi integr\u0113tu jaunos biedrus. Tas ir apliecin\u0101jums, ka papla\u0161in\u0101\u0161an\u0101s nav tikai kandid\u0101tvalstu, bet ar\u012b eso\u0161\u0101s ES atbild\u012bba.<\/p>\n<p>Rietumbalk\u0101nu papla\u0161in\u0101\u0161an\u0101s tiek uzskat\u012bta par strat\u0113\u0123isku priorit\u0101ti un galveno \u0101rpolitikas instrumentu. Eiropas Komisijas prezidente Ursula von der Leyen sav\u0101 p\u0113d\u0113j\u0101 run\u0101 par st\u0101vokli Savien\u012bb\u0101 to pat d\u0113v\u0113ja par \u201cEiropas atkalapvieno\u0161anos\u201d. \u0160obr\u012bd devi\u0146as valstis, tostarp Alb\u0101nija, Bosnija un Hercegovina, Moldova, Melnkalne, Zieme\u013cma\u0137edonija, Serbija, Turcija un Ukraina, ir kandid\u0101tvalstu status\u0101, un septi\u0146as no t\u0101m jau ir s\u0101ku\u0161as sarunas par pievieno\u0161anos, kas ir p\u0113d\u0113jais posms pirms pilnties\u012bgas dal\u012bbas.<\/p>\n<p>Tom\u0113r ce\u013c\u0161 uz dal\u012bbu nav viegls. Gruzijas kandidat\u016bra ir apst\u0101jusies p\u0113c apstr\u012bd\u0113t\u0101m v\u0113l\u0113\u0161an\u0101m un turpin\u0101t\u0101m pilsoniskaj\u0101m protestiem. \u0160is process, kas jau sen bremz\u0113jies biju\u0161\u0101 Eiropas Komisijas prezidenta Jean-Claude Juncker laik\u0101, nu saskaras ar jauniem izaicin\u0101jumiem.<\/p>\n<p>Rietumbalk\u0101nu ilg\u0101 gaid\u012b\u0161ana un \u0123eopolitisk\u0101 realit\u0101te<\/p>\n<p>Gaid\u012b\u0161ana ir k\u013cuvusi \u012bpa\u0161i nogurdino\u0161a Rietumbalk\u0101nu kandid\u0101tvalst\u012bm, kuras uz ES dal\u012bbu pieteiku\u0161\u0101s gadiem \u2013 Alb\u0101nija un Serbija jau kop\u0161 2009. gada, Melnkalne kop\u0161 2008. gada, bet Zieme\u013cma\u0137edonija pat kop\u0161 2004. gada. \u0160is ilgais progress ir rad\u012bjis dzi\u013cu vil\u0161anos.<\/p>\n<p>Tom\u0113r Krievijas kar\u0161 Ukrain\u0101 un glob\u0101lie \u0123eopolitiskie satricin\u0101jumi ir negaid\u012bti atdz\u012bvin\u0101ju\u0161i centienus pabeigt papla\u0161in\u0101\u0161an\u0101s procesu. T\u0101 vairs nav tikai form\u0101la pras\u012bba, bet gan strat\u0113\u0123iska nepiecie\u0161am\u012bba dro\u0161\u012bbas un stabilit\u0101tes nodro\u0161in\u0101\u0161anai Eirop\u0101.<\/p>\n<p>Gruzijas perspekt\u012bvas: sare\u017e\u0123\u012bts zi\u0146ojums<\/p>\n<p>Otrdiena neb\u016bs viegla Gruzijas premjerministram Irakli Kobakhidze. Euronews avoti liecina, ka ES papla\u0161in\u0101\u0161an\u0101s komis\u0101res Marta Kos zi\u0146ojums par Gruzijas progresu b\u016bs nevis vienk\u0101r\u0161i negat\u012bvs, bet pat katastrof\u0101ls. Brisele Brisele asi kritiz\u0113s Gruzijas varasiest\u0101des un br\u012bdin\u0101s, ka valstij \u0161obr\u012bd nav re\u0101las ce\u013ca uz ES, ja vien apst\u0101k\u013ci radik\u0101li nemain\u012bsies.<\/p>\n<p>Pag\u0101ju\u0161aj\u0101 gad\u0101 Gruzij\u0101 notiku\u0161\u0101s parlamenta v\u0113l\u0113\u0161anas opoz\u012bcija uzskata par ap\u0161aub\u0101m\u0101m. Valstij tiek p\u0101rmesta t\u0101du likumu pie\u0146em\u0161ana, kas atg\u0101dina Krievijas praksi, un ir v\u0113rojami pla\u0161i protesti, kas turpin\u0101s jau vair\u0101k nek\u0101 gadu. \u0160ie faktori kop\u0101 rada \u013coti satrauco\u0161u ainu par Gruzijas atbilst\u012bbu ES standartiem.<\/p>\n<p>Politisko sp\u0113l\u0113t\u0101ju viedok\u013ci<\/p>\n<p>Starp politiskajiem sp\u0113l\u0113t\u0101jiem, kas \u0161obr\u012bd ir uzman\u012bbas centr\u0101, ir Marta Kos un Irakli Kobakhidze. Kos, k\u0101 ES papla\u0161in\u0101\u0161an\u0101s komis\u0101re, ir atbild\u012bga par kandid\u0101tvalstu progresa nov\u0113rt\u0113\u0161anu, savuk\u0101rt Kobakhidze, k\u0101 Gruzijas premjerministrs, saskaras ar skarbu nov\u0113rt\u0113jumu.<\/p>\n<p>\u0160ie notikumi uzsver, ka ES papla\u0161in\u0101\u0161an\u0101s ir sare\u017e\u0123\u012bts un daudzsl\u0101\u0146ains process, kas prasa ne tikai kandid\u0101tvalstu reformas, bet ar\u012b eso\u0161o dal\u012bbvalstu gatav\u012bbu un strat\u0113\u0123isku redz\u0113jumu. N\u0101kam\u0101s ned\u0113\u013cas sol\u0101s sniegt v\u0113l vair\u0101k skaidr\u012bbas par Eiropas Savien\u012bbas turpm\u0101ko virz\u012bbu.<\/p>\n","protected":false},"excerpt":{"rendered":"ES papla\u0161in\u0101\u0161an\u0101s pulss: Euronews samita atkl\u0101jumi \u0160oned\u0113\u013c Eiropas Savien\u012bbas papla\u0161in\u0101\u0161an\u0101s jaut\u0101jums izvirz\u012bjies uzman\u012bbas centr\u0101, jo Euronews r\u012bkotais samits&hellip;\n","protected":false},"author":2,"featured_media":38929,"comment_status":"","ping_status":"","sticky":false,"template":"","format":"standard","meta":{"footnotes":""},"categories":[14],"tags":[23,57,28,29,512,8034,11328,32,33,3507,22,30,31,35,39,38,36,37,34,40,20,26,27,11329,24,25,54,55,56,21,58],"class_list":{"0":"post-38928","1":"post","2":"type-post","3":"status-publish","4":"format-standard","5":"has-post-thumbnail","7":"category-zinas-no-arvalstim","8":"tag-aktualitates","9":"tag-arvalstim","10":"tag-breaking-news","11":"tag-breakingnews","12":"tag-eiropas-komisija","13":"tag-es-paplasinasanas","14":"tag-euronews-samits","15":"tag-featured-news","16":"tag-featurednews","17":"tag-gruzija","18":"tag-headlines","19":"tag-latest-news","20":"tag-latestnews","21":"tag-latvia","22":"tag-latvian","23":"tag-latviesu","24":"tag-latviesu-valoda","25":"tag-latviesuvaloda","26":"tag-latvija","27":"tag-lv","28":"tag-news","29":"tag-popularakas-zinas","30":"tag-popularakaszinas","31":"tag-rietumbalkani","32":"tag-top-stories","33":"tag-topstories","34":"tag-world","35":"tag-world-news","36":"tag-worldnews","37":"tag-zinas","38":"tag-zinas-no-arvalstim"},"share_on_mastodon":{"url":"https:\/\/pubeurope.com\/@lv\/115486119883367677","error":""},"_links":{"self":[{"href":"https:\/\/www.europesays.com\/lv\/wp-json\/wp\/v2\/posts\/38928","targetHints":{"allow":["GET"]}}],"collection":[{"href":"https:\/\/www.europesays.com\/lv\/wp-json\/wp\/v2\/posts"}],"about":[{"href":"https:\/\/www.europesays.com\/lv\/wp-json\/wp\/v2\/types\/post"}],"author":[{"embeddable":true,"href":"https:\/\/www.europesays.com\/lv\/wp-json\/wp\/v2\/users\/2"}],"replies":[{"embeddable":true,"href":"https:\/\/www.europesays.com\/lv\/wp-json\/wp\/v2\/comments?post=38928"}],"version-history":[{"count":0,"href":"https:\/\/www.europesays.com\/lv\/wp-json\/wp\/v2\/posts\/38928\/revisions"}],"wp:featuredmedia":[{"embeddable":true,"href":"https:\/\/www.europesays.com\/lv\/wp-json\/wp\/v2\/media\/38929"}],"wp:attachment":[{"href":"https:\/\/www.europesays.com\/lv\/wp-json\/wp\/v2\/media?parent=38928"}],"wp:term":[{"taxonomy":"category","embeddable":true,"href":"https:\/\/www.europesays.com\/lv\/wp-json\/wp\/v2\/categories?post=38928"},{"taxonomy":"post_tag","embeddable":true,"href":"https:\/\/www.europesays.com\/lv\/wp-json\/wp\/v2\/tags?post=38928"}],"curies":[{"name":"wp","href":"https:\/\/api.w.org\/{rel}","templated":true}]}}