{"id":38930,"date":"2025-11-03T13:59:12","date_gmt":"2025-11-03T13:59:12","guid":{"rendered":"https:\/\/www.europesays.com\/lv\/38930\/"},"modified":"2025-11-03T13:59:12","modified_gmt":"2025-11-03T13:59:12","slug":"cel-trauksmi-par-ideju-no-sabiedrisko-mediju-uzrauga-izslegt-sabiedribas-ieceltu-parstavi","status":"publish","type":"post","link":"https:\/\/www.europesays.com\/lv\/38930\/","title":{"rendered":"Ce\u013c trauksmi par ideju no sabiedrisko mediju uzrauga izsl\u0113gt sabiedr\u012bbas ieceltu p\u0101rst\u0101vi"},"content":{"rendered":"<p>Vair\u0101kas nevalstisk\u0101s organiz\u0101cijas ce\u013c trauksmi par Nacion\u0101l\u0101s apvien\u012bbas (NA) un &#8220;Apvienot\u0101 saraksta&#8221; (AS) deput\u0101tu priek\u0161likumu samazin\u0101t Sabiedrisko elektronisko pla\u0161sazi\u0146as l\u012bdzek\u013cu padomes (SEPLP) locek\u013cu skaitu no trim uz diviem, t\u0101d\u0113j\u0101di no sabiedrisk\u0101 medija uzraugo\u0161\u0101s instit\u016bcijas izsl\u0113dzot sabiedr\u012bbas ieceltu p\u0101rst\u0101vi. \u0160\u0101d\u0101 gad\u012bjum\u0101 SEPLP darbotos Valsts prezidenta un <a rel=\"noopener nofollow\" target=\"_blank\" href=\"https:\/\/www.delfi.lv\/temas\/38952207\/saeima\" tag-id=\"38952207\">Saeimas<\/a> iecelti cilv\u0113ki.<\/p>\n<p class=\"western\">SEPLP sast\u0101v\u0101 ir tr\u012bs locek\u013ci. Vienu izvirza Saeima, vienu \u2013 Valsts prezidents, bet sabiedr\u012bbas p\u0101rst\u0101vi izvirza Nevalstisko organiz\u0101ciju un Ministru kabineta sadarb\u012bbas memoranda \u012bsteno\u0161anas padome (Memoranda padome).<\/p>\n<p class=\"western\">Patlaban SEPLP darbojas divas locekles \u2013 Valsts prezidenta Edgara Rink\u0113vi\u010da virz\u012bt\u0101 <a rel=\"noopener nofollow\" target=\"_blank\" href=\"https:\/\/www.delfi.lv\/temas\/55378586\/sanita-upleja-jegermane\" tag-id=\"55378586\">Sanita Upleja-Jegermane<\/a> un Saeimas virz\u012bt\u0101 \u2013 bijus\u012b <a rel=\"noopener nofollow\" target=\"_blank\" href=\"https:\/\/www.delfi.lv\/temas\/40409933\/latvijas-radio\" tag-id=\"40409933\">Latvijas Radio<\/a> vad\u012bt\u0101ja <a rel=\"noopener nofollow\" target=\"_blank\" href=\"https:\/\/www.delfi.lv\/temas\/49644003\/una-klapkalne\" tag-id=\"49644003\">Una Klapkalne<\/a>. Iepriek\u0161 Memoranda padome p\u0113c konkursa apstiprin\u0101\u0161anai Saeim\u0101 virz\u012bja biju\u0161o Latvijas Telev\u012bzijas vad\u012bt\u0101ju Ivaru Belti, neskatoties uz to, ka konkurs\u0101 uzvar\u0113ja iepriek\u0161\u0113jais SEPLP vad\u012bt\u0101js <a rel=\"noopener nofollow\" target=\"_blank\" href=\"https:\/\/www.delfi.lv\/temas\/42057444\/janis-siksnis\" tag-id=\"42057444\">J\u0101nis Siksnis<\/a>. Saeima<a rel=\"noopener follow nofollow\" target=\"_blank\" href=\"https:\/\/www.delfi.lv\/193\/politics\/120080054\/necaurredzams-un-politisks-process-mediju-organizacijas-kritize-tresa-seplp-locekla-izraudzisanos\" data-rel-date-range=\"[]\"> Beltes kandidat\u016bru noraid\u012bja<\/a>.<\/p>\n<p class=\"western\">Memoranda padome r\u012bkoja jaunu konkursu, <a rel=\"noopener follow nofollow\" target=\"_blank\" href=\"https:\/\/www.delfi.lv\/193\/politics\/120091303\/sabiedrisko-mediju-uzrauga-amatam-virza-jani-siksni\" data-rel-date-range=\"[]\">par uzvar\u0113t\u0101ju atz\u012bstot Siksni<\/a>. R\u012bt, 4. novembr\u012b, Saeimas Cilv\u0113kties\u012bbu un sabiedrisko lietu komisija lems, vai virz\u012bt Sik\u0161\u0146a kandidat\u016bru apstiprin\u0101\u0161anai Saeim\u0101.<\/p>\n<p class=\"western\">Vienlaikus deput\u0101ti Jur\u0123is Kloti\u0146\u0161 (NA), <a rel=\"noopener nofollow\" target=\"_blank\" href=\"https:\/\/www.delfi.lv\/temas\/50393689\/edgars-tavars\" tag-id=\"50393689\">Edgars Tavars<\/a> (AS), <a rel=\"noopener nofollow\" target=\"_blank\" href=\"https:\/\/www.delfi.lv\/temas\/50363565\/janis-grasbergs\" tag-id=\"50363565\">J\u0101nis Grasbergs<\/a> (NA), <a rel=\"noopener nofollow\" target=\"_blank\" href=\"https:\/\/www.delfi.lv\/temas\/55261756\/ceslavs-batna\" tag-id=\"55261756\">\u010ceslavs Bat\u0146a<\/a> (AS), <a rel=\"noopener nofollow\" target=\"_blank\" href=\"https:\/\/www.delfi.lv\/temas\/40366691\/nauris-puntulis\" tag-id=\"40366691\">Nauris Puntulis<\/a> (NA) un Edmunds Teirumnieks (NA) iesniegu\u0161i likuma groz\u012bjumus, ar kuriem rosin\u0101ts samazin\u0101t SEPLP locek\u013cu skaitu no trim uz diviem.<\/p>\n<p class=\"western\">Likumprojekta anot\u0101cij\u0101 teikts, ka \u0161\u0101ds risin\u0101jums stiprina Saeimas politisko atbild\u012bbu par padomes sast\u0101va izveidi, mazina birokr\u0101tisko slogu, \u013cauj ietaup\u012bt bud\u017eeta l\u012bdzek\u013cus un padara p\u0101rvald\u012bbas modeli vienk\u0101r\u0161\u0101ku un elast\u012bg\u0101ku.<\/p>\n<p class=\"western\">&#8220;Vienk\u0101r\u0161ota p\u0101rvald\u012bba veicina liel\u0101ku p\u0101rskat\u0101m\u012bbu un atbild\u012bbu, k\u0101 ar\u012b sabiedr\u012bbas uztic\u0113\u0161anos sabiedrisko mediju uzraudz\u012bbas procesam. Likumprojekts neierobe\u017eo sabiedr\u012bbas l\u012bdzdal\u012bbu, jo sabiedrisko mediju strat\u0113\u0123ijas un redakcion\u0101l\u0101s neatkar\u012bbas garantijas paliek sp\u0113k\u0101,&#8221; pau\u017e likuma izmai\u0146u autori.<\/p>\n<p class=\"western\">T\u0101pat anot\u0101cij\u0101 skaidrots, ka, samazinot padomes locek\u013cu skaitu, tiks nodro\u0161in\u0101ts tie\u0161s bud\u017eeta izdevumu samazin\u0101jums 100 000 eiro apm\u0113r\u0101.<\/p>\n<p class=\"western\">Likumprojekta autori par izmai\u0146\u0101m konsult\u0113ju\u0161ies ar mediju politikas ekspertiem, biju\u0161ajiem SEPLP locek\u013ciem un parlament\u0101ro frakciju p\u0101rst\u0101vjiem.<\/p>\n<p class=\"western\">Tikm\u0113r atsevi\u0161\u0137as NVO pau\u017e ba\u017eas par SEPLP locek\u013cu skaita samazin\u0101\u0161anu. Latvijas Pilsonisk\u0101 alianse, kop\u0101 ar Memoranda padomes p\u0101rst\u0101vjiem nos\u016bt\u012bju\u0161as v\u0113stuli Saeimai, kur\u0101 aicina atbalst\u012bt Sik\u0161\u0146a kandidat\u016bru SEPLP locek\u013ca amat\u0101.<\/p>\n<p class=\"western\">V\u0113stul\u0113 skaidrots, ka Memoranda padomes kandid\u0101tu atlase sabiedrisko mediju uzraudz\u012bbas padomes locek\u013ca amatam norisin\u0101j\u0101s atkl\u0101t\u0101 un profesion\u0101l\u0101 konkurs\u0101, atbilsto\u0161i SEPLP locek\u013ca amata pretendentu atlases nolikumam.<\/p>\n<p class=\"western\">&#8220;Esam dro\u0161i, ka atlases komisija darboj\u0101s ar augstu kompetences un atbild\u012bbas l\u012bmeni, vienlaikus p\u0101rst\u0101vot gan mediju jomu, pilsonisk\u0101s sabiedr\u012bbas sektoru, gan ar\u012b valsts p\u0101rvaldi. Kandid\u0101tu izv\u0113rt\u0113\u0161ana notika, pamatojoties uz skaidriem un saprotamiem krit\u0113rijiem, nodro\u0161inot vienl\u012bdz\u012bgas iesp\u0113jas un objektivit\u0101ti,&#8221; teikts v\u0113stul\u0113.<\/p>\n<p class=\"western\">V\u0113stul\u0113 NVO aicina Saeimu \u0146emt v\u0113r\u0101 atv\u0113rt\u0101 konkursa rezult\u0101tus, Memoranda padomes l\u0113mumu un apstiprin\u0101t Siksni SEPLP locek\u013ca amat\u0101, &#8220;t\u0101d\u0113j\u0101di stiprinot sabiedrisko mediju neatkar\u012bbu, profesion\u0101lu p\u0101rvald\u012bbu un sabiedr\u012bbas uztic\u0113\u0161anos \u0161ai instit\u016bcijai, k\u0101 ar\u012b veicinot sabiedr\u012bbas uztic\u0113\u0161anos atkl\u0101tiem konkursiem&#8221;.<\/p>\n<p class=\"western\">Port\u0101lam &#8220;Delfi&#8221; zin\u0101ms, ka top v\u0113l viena NVO v\u0113stule Saeimai, kur\u0101 pausts aicin\u0101jums noraid\u012bt priek\u0161likumu samazin\u0101t SEPLP sast\u0101vu, t\u0101d\u0113j\u0101di atce\u013cot sabiedr\u012bbas virz\u012bt\u0101 p\u0101rst\u0101vja lomu padom\u0113.<\/p>\n<p class=\"m-0\">Seko &#8220;Delfi&#8221; ar\u012b  <a target=\"_blank\" href=\"https:\/\/www.instagram.com\/delfi.lv\/\" rel=\"nofollow noopener\">Instagram<\/a>  un <a target=\"_blank\" href=\"https:\/\/www.youtube.com\/channel\/UCw5foWtcJvAbUm64rv7jwUQ\" rel=\"nofollow noopener\">YouTube<\/a>  profil\u0101 \u2013 pievienojies, lai uzzin\u0101tu svar\u012bg\u0101ko un interesant\u0101ko pirmais!<\/p>\n<p>Publik\u0101cijas saturs vai t\u0101s jebk\u0101da apjoma da\u013ca ir aizsarg\u0101ts autorties\u012bbu objekts Autorties\u012bbu likuma izpratn\u0113, un t\u0101 izmanto\u0161ana bez izdev\u0113ja at\u013caujas ir aizliegta. Vair\u0101k lasi  <a target=\"_blank\" href=\"https:\/\/www.delfi.lv\/noteikumi#autortiesibas\" rel=\"nofollow noopener\">\u0161eit<\/a><script async src=\"\/\/www.instagram.com\/embed.js\"><\/script><\/p>\n","protected":false},"excerpt":{"rendered":"Vair\u0101kas nevalstisk\u0101s organiz\u0101cijas ce\u013c trauksmi par Nacion\u0101l\u0101s apvien\u012bbas (NA) un &#8220;Apvienot\u0101 saraksta&#8221; (AS) deput\u0101tu priek\u0161likumu samazin\u0101t Sabiedrisko elektronisko&hellip;\n","protected":false},"author":2,"featured_media":38931,"comment_status":"","ping_status":"","sticky":false,"template":"","format":"standard","meta":{"footnotes":""},"categories":[5],"tags":[23,28,29,11334,11333,32,33,22,8397,11331,30,31,35,39,38,36,37,34,8574,40,11330,20,26,27,141,11335,24,25,11332,21],"class_list":{"0":"post-38930","1":"post","2":"type-post","3":"status-publish","4":"format-standard","5":"has-post-thumbnail","7":"category-aktualitates","8":"tag-aktualitates","9":"tag-breaking-news","10":"tag-breakingnews","11":"tag-ceslavs-batna","12":"tag-edgars-tavars","13":"tag-featured-news","14":"tag-featurednews","15":"tag-headlines","16":"tag-janis-grasbergs","17":"tag-janis-siksnis","18":"tag-latest-news","19":"tag-latestnews","20":"tag-latvia","21":"tag-latvian","22":"tag-latviesu","23":"tag-latviesu-valoda","24":"tag-latviesuvaloda","25":"tag-latvija","26":"tag-latvijas-radio","27":"tag-lv","28":"tag-nauris-puntulis","29":"tag-news","30":"tag-popularakas-zinas","31":"tag-popularakaszinas","32":"tag-saeima","33":"tag-sanita-upleja-jegermane","34":"tag-top-stories","35":"tag-topstories","36":"tag-una-klapkalne","37":"tag-zinas"},"share_on_mastodon":{"url":"https:\/\/pubeurope.com\/@lv\/115486127757899428","error":""},"_links":{"self":[{"href":"https:\/\/www.europesays.com\/lv\/wp-json\/wp\/v2\/posts\/38930","targetHints":{"allow":["GET"]}}],"collection":[{"href":"https:\/\/www.europesays.com\/lv\/wp-json\/wp\/v2\/posts"}],"about":[{"href":"https:\/\/www.europesays.com\/lv\/wp-json\/wp\/v2\/types\/post"}],"author":[{"embeddable":true,"href":"https:\/\/www.europesays.com\/lv\/wp-json\/wp\/v2\/users\/2"}],"replies":[{"embeddable":true,"href":"https:\/\/www.europesays.com\/lv\/wp-json\/wp\/v2\/comments?post=38930"}],"version-history":[{"count":0,"href":"https:\/\/www.europesays.com\/lv\/wp-json\/wp\/v2\/posts\/38930\/revisions"}],"wp:featuredmedia":[{"embeddable":true,"href":"https:\/\/www.europesays.com\/lv\/wp-json\/wp\/v2\/media\/38931"}],"wp:attachment":[{"href":"https:\/\/www.europesays.com\/lv\/wp-json\/wp\/v2\/media?parent=38930"}],"wp:term":[{"taxonomy":"category","embeddable":true,"href":"https:\/\/www.europesays.com\/lv\/wp-json\/wp\/v2\/categories?post=38930"},{"taxonomy":"post_tag","embeddable":true,"href":"https:\/\/www.europesays.com\/lv\/wp-json\/wp\/v2\/tags?post=38930"}],"curies":[{"name":"wp","href":"https:\/\/api.w.org\/{rel}","templated":true}]}}