{"id":38936,"date":"2025-11-03T14:04:07","date_gmt":"2025-11-03T14:04:07","guid":{"rendered":"https:\/\/www.europesays.com\/lv\/38936\/"},"modified":"2025-11-03T14:04:07","modified_gmt":"2025-11-03T14:04:07","slug":"radio-un-skriesana-ka-iedvesmas-avoti-un-iespeja-mainit-pasauli-uz-labo-pusi-lente-lv","status":"publish","type":"post","link":"https:\/\/www.europesays.com\/lv\/38936\/","title":{"rendered":"Radio un skrie\u0161ana k\u0101 iedvesmas avoti un iesp\u0113ja main\u012bt pasauli uz labo pusi\u00a0\u2014\u00a0Lente.lv"},"content":{"rendered":"<p>Ce\u013c\u0161 uz \u0113teru un skr\u0113jienu: Toma Gr\u0113vi\u0146a st\u0101sts par kaisl\u012bbu un m\u0113r\u0137tiec\u012bbu<\/p>\n<p>Latvijas Radio person\u012bba Toms Gr\u0113vi\u0146\u0161, kur\u0161 ir paz\u012bstams ne tikai k\u0101 raid\u012bjumu vad\u012bt\u0101js, bet ar\u012b k\u0101 viens no labdar\u012bbas maratona &#8220;Dod pieci!&#8221; aizs\u0101c\u0113jiem, dal\u0101s sav\u0101 pieredz\u0113 par to, k\u0101 atradis savu aicin\u0101jumu radio un k\u0101d\u0113\u013c skr\u0113jiens ir k\u013cuvis par tik noz\u012bm\u012bgu dz\u012bves sast\u0101vda\u013cu. Gr\u0113vi\u0146\u0161 uzskata, ka, ja dz\u012bv\u0113 rodas idejas, kas var uzlabot ne tikai pa\u0161am, bet ar\u012b citiem, t\u0101s ir j\u0101cen\u0161as \u012bstenot, neskatoties uz \u0161aub\u0101m un skepti\u0137iem.<\/p>\n<p>Radio \u2013 aicin\u0101jums kop\u0161 b\u0113rn\u012bbas<\/p>\n<p>Toma Gr\u0113vi\u0146a ce\u013c\u0161 uz radio nav bijis nejau\u0161s. Vi\u0146\u0161 atz\u012bst, ka ir saist\u012bts ar radio kop\u0161 b\u0113rn\u012bbas, un, non\u0101kot \u0113ter\u0101, vi\u0146am k\u013cuva skaidrs, ka v\u0113las dar\u012bt tie\u0161i to. Gr\u0113vi\u0146\u0161 ir bijis viens no iniciatoriem jaunie\u0161u auditorijai dom\u0101t\u0101 kan\u0101la &#8220;Latvijas Radio 5&#8221; izveid\u0113, kas aizs\u0101k\u0101s 2013. gad\u0101. Vi\u0146a balss ir dzirdama Latvijas Radio teju ik dienu, un pat \u0101rpus darba vi\u0146\u0161 baudot sarunas, bie\u017ei vien ironiz\u0113jot, ka citiem var\u0113tu pietr\u016bkt v\u0101rdu.<\/p>\n<p>Skrie\u0161ana \u2013 telpa dom\u0101m un idej\u0101m<\/p>\n<p>Pateicoties radio, Gr\u0113vi\u0146am radies ar\u012b jauns un noz\u012bm\u012bgs hobijs \u2013 skrie\u0161ana. Vi\u0146\u0161 atkl\u0101j, ka tie\u0161i skrie\u0161ana, \u012bpa\u0161i garo distan\u010du skr\u0113jiens, sniedz laiku un telpu domu &#8220;virpin\u0101\u0161anai&#8221; un liel\u0101ku ideju rad\u012b\u0161anai. \u0160is fiziskais akts ir k\u013cuvis par sava veida medit\u0101ciju un iesp\u0113ju apdom\u0101t dz\u012bves jaut\u0101jumus. Gr\u0113vi\u0146\u0161 ir ne tikai pats akt\u012bvi skr\u0113jis, piem\u0113ram, piedaloties labdar\u012bbas maratonos, bet ar\u012b iedvesmojis citus un veicin\u0101jis skrie\u0161anas kult\u016bru Latvij\u0101.<\/p>\n<p>P\u0101rliec\u012bba par pan\u0101kumiem un ideju \u012bsteno\u0161anu<\/p>\n<p>Viens no Toma Gr\u0113vi\u0146a spilgt\u0101kajiem ieguld\u012bjumiem ir labdar\u012bbas maratona &#8220;Dod pieci!&#8221; idejas iedz\u012bvin\u0101\u0161ana Latvij\u0101. \u0160\u012b akcija ir k\u013cuvusi par noz\u012bm\u012bgu notikumu, ko ik gadu gaida liela da\u013ca sabiedr\u012bbas. Gr\u0113vi\u0146\u0161 uzsver, ka vi\u0146am svar\u012bgi ir \u012bstenot idejas, kuras var nest labumu ar\u012b citiem. Lai gan ne vienm\u0113r ir viegli saskarties ar \u0161aub\u0101m un nezi\u0146u, vi\u0146\u0161 atrod p\u0101rliec\u012bbu sev\u012b, ticot, ka viss izdosies. Vi\u0146\u0161 ir pier\u0101d\u012bjis, ka ar pla\u0161u redzesloku un neatlaid\u012bgu tic\u012bbu saviem m\u0113r\u0137iem ir iesp\u0113jams sasniegt daudz.<\/p>\n<p>Individu\u0101lais ce\u013c\u0161 un person\u012bg\u0101 att\u012bst\u012bba<\/p>\n<p>Gr\u0113vi\u0146a pieredze mediju pasaul\u0113 ir ilga un daudzpus\u012bga, s\u0101kot darbu &#8220;Radio SWH&#8221; un v\u0113l\u0101k l\u012bdzdarbojoties &#8220;Radio 101&#8221; izveid\u0113. Tagad vi\u0146\u0161 ir viens no &#8220;Radio Pieci&#8221; vado\u0161ajiem d\u012bd\u017eejiem un rado\u0161ajiem dzin\u0113jsp\u0113kiem. Vi\u0146a dz\u012bv\u0113 ir biju\u0161i ar\u012b izaicin\u0101jumi, piem\u0113ram, emocion\u0101l\u0101s kr\u012bzes pusaud\u017eu gados, kas lika vi\u0146am atk\u0101rtot skolas gadu. Tom\u0113r \u0161\u012b pieredze ir veidojusi vi\u0146a raksturu un devusi v\u0113rt\u012bgu dz\u012bves m\u0101c\u012bbu. Gr\u0113vi\u0146\u0161 atkl\u0101j, ka ar\u012b vi\u0146\u0161 ir juties nevienam nevajadz\u012bgs, ta\u010du tas nav licis apst\u0101ties. Vi\u0146a sp\u0113ja run\u0101t par sav\u0101m gr\u016bt\u012bb\u0101m, k\u0101 ar\u012b par pan\u0101kumiem, padara vi\u0146u par iedvesmojo\u0161u person\u012bbu.<\/p>\n<p>N\u0101kotnes v\u012bzijas un mediju loma<\/p>\n<p>Toms Gr\u0113vi\u0146\u0161 ir ne tikai radio person\u012bba, bet ar\u012b cilv\u0113ks ar pla\u0161u redzesloku un v\u0113lmi ietekm\u0113t apk\u0101rt\u0113jo pasauli. Vi\u0146\u0161 ir iesaist\u012bts radio att\u012bst\u012bb\u0101 un n\u0101kotnes veido\u0161an\u0101, vienm\u0113r mekl\u0113jot jaunus veidus, k\u0101 ar mediju starpniec\u012bbu pal\u012bdz\u0113t sabiedr\u012bbai. Vi\u0146\u0161 ir p\u0101rliecin\u0101ts, ka radio un telev\u012bzija var veidot pasauli par lab\u0101ku vietu, un m\u016bzikai ir b\u016btiska loma \u0161aj\u0101 proces\u0101. Latvijas Radio simtgades gad\u0101 vi\u0146a st\u0101sts ir \u012bpa\u0161i noz\u012bm\u012bgs, atg\u0101dinot par medija lomu un t\u0101 sp\u0113ju iedvesmot un vienot cilv\u0113kus.<\/p>\n","protected":false},"excerpt":{"rendered":"Ce\u013c\u0161 uz \u0113teru un skr\u0113jienu: Toma Gr\u0113vi\u0146a st\u0101sts par kaisl\u012bbu un m\u0113r\u0137tiec\u012bbu Latvijas Radio person\u012bba Toms Gr\u0113vi\u0146\u0161, kur\u0161&hellip;\n","protected":false},"author":2,"featured_media":38937,"comment_status":"","ping_status":"","sticky":false,"template":"","format":"standard","meta":{"footnotes":""},"categories":[12],"tags":[23,28,29,32,33,22,7159,30,31,35,39,38,36,37,34,8574,40,20,26,27,11337,1431,11336,24,25,21],"class_list":{"0":"post-38936","1":"post","2":"type-post","3":"status-publish","4":"format-standard","5":"has-post-thumbnail","7":"category-latvija","8":"tag-aktualitates","9":"tag-breaking-news","10":"tag-breakingnews","11":"tag-featured-news","12":"tag-featurednews","13":"tag-headlines","14":"tag-labdariba","15":"tag-latest-news","16":"tag-latestnews","17":"tag-latvia","18":"tag-latvian","19":"tag-latviesu","20":"tag-latviesu-valoda","21":"tag-latviesuvaloda","22":"tag-latvija","23":"tag-latvijas-radio","24":"tag-lv","25":"tag-news","26":"tag-popularakas-zinas","27":"tag-popularakaszinas","28":"tag-radio-personiba","29":"tag-skriesana","30":"tag-toms-grevins","31":"tag-top-stories","32":"tag-topstories","33":"tag-zinas"},"share_on_mastodon":{"url":"https:\/\/pubeurope.com\/@lv\/115486147621023160","error":""},"_links":{"self":[{"href":"https:\/\/www.europesays.com\/lv\/wp-json\/wp\/v2\/posts\/38936","targetHints":{"allow":["GET"]}}],"collection":[{"href":"https:\/\/www.europesays.com\/lv\/wp-json\/wp\/v2\/posts"}],"about":[{"href":"https:\/\/www.europesays.com\/lv\/wp-json\/wp\/v2\/types\/post"}],"author":[{"embeddable":true,"href":"https:\/\/www.europesays.com\/lv\/wp-json\/wp\/v2\/users\/2"}],"replies":[{"embeddable":true,"href":"https:\/\/www.europesays.com\/lv\/wp-json\/wp\/v2\/comments?post=38936"}],"version-history":[{"count":0,"href":"https:\/\/www.europesays.com\/lv\/wp-json\/wp\/v2\/posts\/38936\/revisions"}],"wp:featuredmedia":[{"embeddable":true,"href":"https:\/\/www.europesays.com\/lv\/wp-json\/wp\/v2\/media\/38937"}],"wp:attachment":[{"href":"https:\/\/www.europesays.com\/lv\/wp-json\/wp\/v2\/media?parent=38936"}],"wp:term":[{"taxonomy":"category","embeddable":true,"href":"https:\/\/www.europesays.com\/lv\/wp-json\/wp\/v2\/categories?post=38936"},{"taxonomy":"post_tag","embeddable":true,"href":"https:\/\/www.europesays.com\/lv\/wp-json\/wp\/v2\/tags?post=38936"}],"curies":[{"name":"wp","href":"https:\/\/api.w.org\/{rel}","templated":true}]}}