{"id":38938,"date":"2025-11-03T14:05:15","date_gmt":"2025-11-03T14:05:15","guid":{"rendered":"https:\/\/www.europesays.com\/lv\/38938\/"},"modified":"2025-11-03T14:05:15","modified_gmt":"2025-11-03T14:05:15","slug":"sesi-pretendenti-uz-jaunas-nodoklu-un-muitas-policijas-prieksnieka-amatu-ar-algu-lidz-5900-eiro","status":"publish","type":"post","link":"https:\/\/www.europesays.com\/lv\/38938\/","title":{"rendered":"Se\u0161i pretendenti uz jaun\u0101s Nodok\u013cu un muitas policijas priek\u0161nieka amatu ar algu l\u012bdz 5900 eiro"},"content":{"rendered":"<p>Valsts kancelejas izsludin\u0101taj\u0101 atkl\u0101taj\u0101 konkursa uz Nodok\u013cu un muitas policijas (NMP) priek\u0161nieka amatu sa\u0146emti se\u0161i pieteikumi, liecina medijiem sniegt\u0101 inform\u0101cija.<\/p>\n<p class=\"MsoNormal\">Konkursa otraj\u0101 k\u0101rt\u0101 pretendenti konkursa komisijai skaidros savu motiv\u0101ciju ie\u0146emt \u0161o amatu, atbild\u0113s uz komisijas uzdotajiem jaut\u0101jumiem un prezent\u0113s savu redz\u0113jumu par NMP priorit\u0101t\u0113m un att\u012bst\u012bbu, lai sasniegtu likum\u0101 noteikto m\u0113r\u0137i \u2013 nodro\u0161in\u0101t valsts un sabiedr\u012bbas dro\u0161\u012bbu un dro\u0161umu, aizsarg\u0101t valsts finansi\u0101l\u0101s un ekonomisk\u0101s intereses, lai veicin\u0101tu sabiedr\u012bbas uztic\u012bbu valsts p\u0101rvaldei, godpr\u0101t\u012bgu nodok\u013cu nomaksu un muitas saist\u012bbu izpildi.<\/p>\n<p class=\"MsoNormal\">Nodok\u013cu un muitas policija ir tie\u0161\u0101s p\u0101rvaldes iest\u0101de, kura tiks izveidota ar 2026. gada 1. janv\u0101ri. Nodok\u013cu un muitas policijas likuma, kas st\u0101sies sp\u0113k\u0101 2026. gada 1. janv\u0101r\u012b, 2. panta pirm\u0101 da\u013ca paredz, ka Nodok\u013cu un muitas policija ir finan\u0161u ministra p\u0101rraudz\u012bb\u0101 eso\u0161a tie\u0161\u0101s p\u0101rvaldes iest\u0101de. Ministru kabinets 2025. gada 22. septembra s\u0113d\u0113 l\u0113ma, ka ir nepiecie\u0161ams izstr\u0101d\u0101t groz\u012bjumus Nodok\u013cu un muitas policijas likum\u0101, lai noteiktu, ka ar 2026. gada 1. janv\u0101ri Nodok\u013cu un muitas policijas p\u0101rraudz\u012bbu \u012bsteno iek\u0161lietu ministrs.<\/p>\n<p class=\"m-0\">Seko &#8220;Delfi&#8221; ar\u012b  <a target=\"_blank\" href=\"https:\/\/www.instagram.com\/delfi.lv\/\" rel=\"nofollow noopener\">Instagram<\/a>  un <a target=\"_blank\" href=\"https:\/\/www.youtube.com\/channel\/UCw5foWtcJvAbUm64rv7jwUQ\" rel=\"nofollow noopener\">YouTube<\/a>  profil\u0101 \u2013 pievienojies, lai uzzin\u0101tu svar\u012bg\u0101ko un interesant\u0101ko pirmais!<\/p>\n<p>Publik\u0101cijas saturs vai t\u0101s jebk\u0101da apjoma da\u013ca ir aizsarg\u0101ts autorties\u012bbu objekts Autorties\u012bbu likuma izpratn\u0113, un t\u0101 izmanto\u0161ana bez izdev\u0113ja at\u013caujas ir aizliegta. Vair\u0101k lasi  <a target=\"_blank\" href=\"https:\/\/www.delfi.lv\/noteikumi#autortiesibas\" rel=\"nofollow noopener\">\u0161eit<\/a><script async src=\"\/\/www.instagram.com\/embed.js\"><\/script><\/p>\n","protected":false},"excerpt":{"rendered":"Valsts kancelejas izsludin\u0101taj\u0101 atkl\u0101taj\u0101 konkursa uz Nodok\u013cu un muitas policijas (NMP) priek\u0161nieka amatu sa\u0146emti se\u0161i pieteikumi, liecina medijiem&hellip;\n","protected":false},"author":2,"featured_media":38939,"comment_status":"","ping_status":"","sticky":false,"template":"","format":"standard","meta":{"footnotes":""},"categories":[5],"tags":[23,28,29,32,33,22,11338,1011,30,31,35,39,38,36,37,34,40,20,756,26,27,24,25,21],"class_list":{"0":"post-38938","1":"post","2":"type-post","3":"status-publish","4":"format-standard","5":"has-post-thumbnail","7":"category-aktualitates","8":"tag-aktualitates","9":"tag-breaking-news","10":"tag-breakingnews","11":"tag-featured-news","12":"tag-featurednews","13":"tag-headlines","14":"tag-jekabs-straume","15":"tag-kaspars-gorkss","16":"tag-latest-news","17":"tag-latestnews","18":"tag-latvia","19":"tag-latvian","20":"tag-latviesu","21":"tag-latviesu-valoda","22":"tag-latviesuvaloda","23":"tag-latvija","24":"tag-lv","25":"tag-news","26":"tag-nodokli","27":"tag-popularakas-zinas","28":"tag-popularakaszinas","29":"tag-top-stories","30":"tag-topstories","31":"tag-zinas"},"share_on_mastodon":{"url":"https:\/\/pubeurope.com\/@lv\/115486151366448947","error":""},"_links":{"self":[{"href":"https:\/\/www.europesays.com\/lv\/wp-json\/wp\/v2\/posts\/38938","targetHints":{"allow":["GET"]}}],"collection":[{"href":"https:\/\/www.europesays.com\/lv\/wp-json\/wp\/v2\/posts"}],"about":[{"href":"https:\/\/www.europesays.com\/lv\/wp-json\/wp\/v2\/types\/post"}],"author":[{"embeddable":true,"href":"https:\/\/www.europesays.com\/lv\/wp-json\/wp\/v2\/users\/2"}],"replies":[{"embeddable":true,"href":"https:\/\/www.europesays.com\/lv\/wp-json\/wp\/v2\/comments?post=38938"}],"version-history":[{"count":0,"href":"https:\/\/www.europesays.com\/lv\/wp-json\/wp\/v2\/posts\/38938\/revisions"}],"wp:featuredmedia":[{"embeddable":true,"href":"https:\/\/www.europesays.com\/lv\/wp-json\/wp\/v2\/media\/38939"}],"wp:attachment":[{"href":"https:\/\/www.europesays.com\/lv\/wp-json\/wp\/v2\/media?parent=38938"}],"wp:term":[{"taxonomy":"category","embeddable":true,"href":"https:\/\/www.europesays.com\/lv\/wp-json\/wp\/v2\/categories?post=38938"},{"taxonomy":"post_tag","embeddable":true,"href":"https:\/\/www.europesays.com\/lv\/wp-json\/wp\/v2\/tags?post=38938"}],"curies":[{"name":"wp","href":"https:\/\/api.w.org\/{rel}","templated":true}]}}