{"id":38940,"date":"2025-11-03T14:07:11","date_gmt":"2025-11-03T14:07:11","guid":{"rendered":"https:\/\/www.europesays.com\/lv\/38940\/"},"modified":"2025-11-03T14:07:11","modified_gmt":"2025-11-03T14:07:11","slug":"krievijas-kamaninu-braucejiem-labveligais-lemums-var-izjaukt-siguldas-posma-norisi","status":"publish","type":"post","link":"https:\/\/www.europesays.com\/lv\/38940\/","title":{"rendered":"Krievijas kamani\u0146u brauc\u0113jiem labv\u0113l\u012bgais l\u0113mums var izjaukt Siguldas posma norisi"},"content":{"rendered":"<p>CAS pag\u0101ju\u0161aj\u0101 ned\u0113\u013c\u0101 pie\u0146\u0113ma l\u0113mumu Krievijas Kamani\u0146u feder\u0101cijas (RLF) un se\u0161u t\u0101s sportistu apel\u0101cijas liet\u0101 pret Starptautisko Kamani\u0146u feder\u0101ciju (FIL), kas saist\u012bta ar Krievijas sportistu dal\u012bbu 2026. gada ziemas olimpisko sp\u0113\u013cu kvalifik\u0101cijas proces\u0101.<\/p>\n<p>Saska\u0146\u0101 ar CAS l\u0113mumu RLF p\u0101rst\u0101vji joproj\u0101m nevar piedal\u012bties FIL sacens\u012bb\u0101s, ta\u010du individu\u0101li Krievijas sportisti var tikt pielaisti startiem k\u0101 neitr\u0101lie sportisti, ja tie atbilst noteiktajiem krit\u0113rijiem. L\u012bdz ar to apel\u0101cija tika da\u013c\u0113ji apmierin\u0101ta, ta\u010du se\u0161u sportistu pras\u012bba par t\u016bl\u012bt\u0113ju atjauno\u0161anu dal\u012bbai sacens\u012bb\u0101s tika noraid\u012bta.<\/p>\n<p>LKSF pazi\u0146ojum\u0101 nor\u0101da, ka t\u0101 respekt\u0113 CAS l\u0113mumu, ta\u010du stingri neatbalsta jebk\u0101da statusa Krievijas sportistu dal\u012bbu Pasaules kausa sacens\u012bb\u0101s vai olimpiskaj\u0101s sp\u0113l\u0113s, kam\u0113r turpin\u0101s netaisn\u012bgais un brut\u0101lais kar\u0161 Ukrain\u0101. LKSF uzsver, ka \u0161\u0101dos apst\u0101k\u013cos sportam nav iesp\u0113jams past\u0101v\u0113t \u0101rpus mor\u0101las un \u0113tiskas atbild\u012bbas, un Latvijas sportistu dro\u0161\u012bba un sacens\u012bbu integrit\u0101te paliek absol\u016bta priorit\u0101te. Feder\u0101cija atg\u0101dina, ka FIL kongres\u0101 ar p\u0101rliecino\u0161u balsu vair\u0101kumu tika noraid\u012bta Krievijas sportistu dal\u012bba FIL r\u012bkotajos pas\u0101kumos.<\/p>\n<p>LKSF prezidents Kl\u0101vs Vasks uzsver, ka jebk\u0101da Krievijas p\u0101rst\u0101vju dal\u012bba starptautiskajos sporta notikumos &#8211; neatkar\u012bgi no CAS vai citu instit\u016bciju l\u0113mumiem &#8211; ir pretrun\u0101 ar olimpiskaj\u0101m v\u0113rt\u012bb\u0101m, cilv\u0113kties\u012bb\u0101m un taisn\u012bguma principiem.<\/p>\n","protected":false},"excerpt":{"rendered":"CAS pag\u0101ju\u0161aj\u0101 ned\u0113\u013c\u0101 pie\u0146\u0113ma l\u0113mumu Krievijas Kamani\u0146u feder\u0101cijas (RLF) un se\u0161u t\u0101s sportistu apel\u0101cijas liet\u0101 pret Starptautisko Kamani\u0146u&hellip;\n","protected":false},"author":2,"featured_media":38589,"comment_status":"","ping_status":"","sticky":false,"template":"","format":"standard","meta":{"footnotes":""},"categories":[17],"tags":[9921,35,39,38,36,37,34,40,67],"class_list":{"0":"post-38940","1":"post","2":"type-post","3":"status-publish","4":"format-standard","5":"has-post-thumbnail","7":"category-sports","8":"tag-kamaninas","9":"tag-latvia","10":"tag-latvian","11":"tag-latviesu","12":"tag-latviesu-valoda","13":"tag-latviesuvaloda","14":"tag-latvija","15":"tag-lv","16":"tag-sports"},"share_on_mastodon":{"url":"https:\/\/pubeurope.com\/@lv\/115486159319818252","error":""},"_links":{"self":[{"href":"https:\/\/www.europesays.com\/lv\/wp-json\/wp\/v2\/posts\/38940","targetHints":{"allow":["GET"]}}],"collection":[{"href":"https:\/\/www.europesays.com\/lv\/wp-json\/wp\/v2\/posts"}],"about":[{"href":"https:\/\/www.europesays.com\/lv\/wp-json\/wp\/v2\/types\/post"}],"author":[{"embeddable":true,"href":"https:\/\/www.europesays.com\/lv\/wp-json\/wp\/v2\/users\/2"}],"replies":[{"embeddable":true,"href":"https:\/\/www.europesays.com\/lv\/wp-json\/wp\/v2\/comments?post=38940"}],"version-history":[{"count":0,"href":"https:\/\/www.europesays.com\/lv\/wp-json\/wp\/v2\/posts\/38940\/revisions"}],"wp:featuredmedia":[{"embeddable":true,"href":"https:\/\/www.europesays.com\/lv\/wp-json\/wp\/v2\/media\/38589"}],"wp:attachment":[{"href":"https:\/\/www.europesays.com\/lv\/wp-json\/wp\/v2\/media?parent=38940"}],"wp:term":[{"taxonomy":"category","embeddable":true,"href":"https:\/\/www.europesays.com\/lv\/wp-json\/wp\/v2\/categories?post=38940"},{"taxonomy":"post_tag","embeddable":true,"href":"https:\/\/www.europesays.com\/lv\/wp-json\/wp\/v2\/tags?post=38940"}],"curies":[{"name":"wp","href":"https:\/\/api.w.org\/{rel}","templated":true}]}}