{"id":38953,"date":"2025-11-03T14:17:08","date_gmt":"2025-11-03T14:17:08","guid":{"rendered":"https:\/\/www.europesays.com\/lv\/38953\/"},"modified":"2025-11-03T14:17:08","modified_gmt":"2025-11-03T14:17:08","slug":"opozicijas-deputati-piedava-seplp-optimizaciju-kas-lautu-ietaupit-100-000-eiro","status":"publish","type":"post","link":"https:\/\/www.europesays.com\/lv\/38953\/","title":{"rendered":"Opoz\u012bcijas deput\u0101ti pied\u0101v\u0101 SEPLP \u201coptimiz\u0101ciju\u201d, kas \u013cautu ietaup\u012bt 100 000 eiro"},"content":{"rendered":"<p>Run\u0101jot par pa\u0161as padomes darbu, Siksnis atzina, ka saredz lielas at\u0161\u0137ir\u012bbas taj\u0101, k\u0101 tai vajadz\u0113tu str\u0101d\u0101t \u0161obr\u012bd no t\u0101, k\u0101 padome str\u0101d\u0101ja iepriek\u0161\u0113jos \u010detrus gadus. Vi\u0146apr\u0101t, SEPLP b\u016btu vair\u0101k j\u0101p\u0101riet tie\u0161i uz LSM uzraudz\u012bbu, l\u012bdz ar to padomes locek\u013ciem darbs SEPLP vairs neb\u016btu veicams ar\u012b pilnu slodzi. Tas noz\u012bm\u0113tu ar\u012b SEPLP locek\u013cu algas samazin\u0101jumu. Vienlaikus, p\u0113c Sik\u0161\u0146a dom\u0101m, b\u016btu nepiecie\u0161ama SEPLP locek\u013cu skaita palielin\u0101\u0161aba, papla\u0161inot padomes kompetences.<\/p>\n","protected":false},"excerpt":{"rendered":"Run\u0101jot par pa\u0161as padomes darbu, Siksnis atzina, ka saredz lielas at\u0161\u0137ir\u012bbas taj\u0101, k\u0101 tai vajadz\u0113tu str\u0101d\u0101t \u0161obr\u012bd no&hellip;\n","protected":false},"author":2,"featured_media":38954,"comment_status":"","ping_status":"","sticky":false,"template":"","format":"standard","meta":{"footnotes":""},"categories":[5],"tags":[23,28,29,32,33,22,30,31,35,39,38,36,37,34,40,20,26,27,24,25,21],"class_list":{"0":"post-38953","1":"post","2":"type-post","3":"status-publish","4":"format-standard","5":"has-post-thumbnail","7":"category-aktualitates","8":"tag-aktualitates","9":"tag-breaking-news","10":"tag-breakingnews","11":"tag-featured-news","12":"tag-featurednews","13":"tag-headlines","14":"tag-latest-news","15":"tag-latestnews","16":"tag-latvia","17":"tag-latvian","18":"tag-latviesu","19":"tag-latviesu-valoda","20":"tag-latviesuvaloda","21":"tag-latvija","22":"tag-lv","23":"tag-news","24":"tag-popularakas-zinas","25":"tag-popularakaszinas","26":"tag-top-stories","27":"tag-topstories","28":"tag-zinas"},"share_on_mastodon":{"url":"https:\/\/pubeurope.com\/@lv\/115486198584822529","error":""},"_links":{"self":[{"href":"https:\/\/www.europesays.com\/lv\/wp-json\/wp\/v2\/posts\/38953","targetHints":{"allow":["GET"]}}],"collection":[{"href":"https:\/\/www.europesays.com\/lv\/wp-json\/wp\/v2\/posts"}],"about":[{"href":"https:\/\/www.europesays.com\/lv\/wp-json\/wp\/v2\/types\/post"}],"author":[{"embeddable":true,"href":"https:\/\/www.europesays.com\/lv\/wp-json\/wp\/v2\/users\/2"}],"replies":[{"embeddable":true,"href":"https:\/\/www.europesays.com\/lv\/wp-json\/wp\/v2\/comments?post=38953"}],"version-history":[{"count":0,"href":"https:\/\/www.europesays.com\/lv\/wp-json\/wp\/v2\/posts\/38953\/revisions"}],"wp:featuredmedia":[{"embeddable":true,"href":"https:\/\/www.europesays.com\/lv\/wp-json\/wp\/v2\/media\/38954"}],"wp:attachment":[{"href":"https:\/\/www.europesays.com\/lv\/wp-json\/wp\/v2\/media?parent=38953"}],"wp:term":[{"taxonomy":"category","embeddable":true,"href":"https:\/\/www.europesays.com\/lv\/wp-json\/wp\/v2\/categories?post=38953"},{"taxonomy":"post_tag","embeddable":true,"href":"https:\/\/www.europesays.com\/lv\/wp-json\/wp\/v2\/tags?post=38953"}],"curies":[{"name":"wp","href":"https:\/\/api.w.org\/{rel}","templated":true}]}}