{"id":38957,"date":"2025-11-03T14:20:08","date_gmt":"2025-11-03T14:20:08","guid":{"rendered":"https:\/\/www.europesays.com\/lv\/38957\/"},"modified":"2025-11-03T14:20:08","modified_gmt":"2025-11-03T14:20:08","slug":"septembri-rupniecibas-produkcijas-apjoms-pieauga-par-65-dienas-bizness","status":"publish","type":"post","link":"https:\/\/www.europesays.com\/lv\/38957\/","title":{"rendered":"Septembr\u012b r\u016bpniec\u012bbas produkcijas apjoms pieauga par 6,5% :: Dienas Bizness"},"content":{"rendered":"<p class=\"text-font font-size--text-xlarge margin-3--bottom font-weight--bold padding-1--top\">2025. gada septembr\u012b, sal\u012bdzinot ar 2024. gada septembri, r\u016bpniec\u012bbas produkcijas apjoms1 p\u0113c kalend\u0101ri kori\u0123\u0113tiem datiem sal\u012bdzin\u0101maj\u0101s cen\u0101s palielin\u0101j\u0101s par 6,5%, liecina Centr\u0101l\u0101s statistikas p\u0101rvaldes dati.<\/p>\n<p class=\"text-font font-size--text-xlarge margin-3--bottom\">Ra\u017eo\u0161anas apjoms palielin\u0101j\u0101s apstr\u0101des r\u016bpniec\u012bb\u0101 &#8211; par 8,5%, savuk\u0101rt samazin\u0101j\u0101s elektroener\u0123ijas un g\u0101zes apg\u0101d\u0113 &#8211; par 0,6%, k\u0101 ar\u012b ieguves r\u016bpniec\u012bb\u0101 un karjeru izstr\u0101d\u0113 &#8211; par 28,1%.<\/p>\n<p class=\"text-font font-size--text-xlarge margin-3--bottom\">R\u016bpniec\u012bbas produkcijas apjoms palielin\u0101j\u0101s tr\u012bs p\u0113c \u012bpatsvara liel\u0101kaj\u0101s apstr\u0101des r\u016bpniec\u012bbas nozar\u0113s: koksnes un koka izstr\u0101d\u0101jumu ra\u017eo\u0161an\u0101 &#8211; par 9,8%, p\u0101rtikas produktu ra\u017eo\u0161an\u0101 &#8211; par 10,9% un gatavo met\u0101lizstr\u0101d\u0101jumu, iz\u0146emot ma\u0161\u012bnas un iek\u0101rtas, ra\u017eo\u0161an\u0101 &#8211; par 13,3%. R\u016bpniec\u012bbas produkcijas apjoma pieaugums bija ar\u012b automobi\u013cu, piekabju un puspiekabju ra\u017eo\u0161an\u0101 &#8211; par 31,4%, gumijas un plastmasas izstr\u0101d\u0101jumu ra\u017eo\u0161an\u0101 &#8211; par 17,6%, poligr\u0101fij\u0101 un ierakstu reproduc\u0113\u0161an\u0101 &#8211; par 17,0%, datoru, elektronisko un optisko iek\u0101rtu ra\u017eo\u0161an\u0101 &#8211; par 10,5%, k\u0101 ar\u012b elektrisko iek\u0101rtu ra\u017eo\u0161an\u0101 &#8211; par 5,3%. Savuk\u0101rt produkcijas apjoma kritums bija dz\u0113rienu ra\u017eo\u0161an\u0101 &#8211; par 11,8%, tekstilizstr\u0101d\u0101jumu ra\u017eo\u0161an\u0101 &#8211; par 2,0% un ap\u0123\u0113rbu ra\u017eo\u0161an\u0101 &#8211; par 1,5%.<\/p>\n<p class=\"text-font font-size--text-xlarge margin-3--bottom\">2025. gada septembr\u012b, sal\u012bdzinot ar 2025. gada augustu, r\u016bpniec\u012bbas produkcijas apjoms p\u0113c sezon\u0101li kori\u0123\u0113tiem datiem sal\u012bdzin\u0101maj\u0101s cen\u0101s palielin\u0101j\u0101s par 1,7%. Ra\u017eo\u0161anas apjoma pieaugums bija apstr\u0101des r\u016bpniec\u012bb\u0101 &#8211; par 1,6%, k\u0101 ar\u012b ieguves r\u016bpniec\u012bb\u0101 un karjeru izstr\u0101d\u0113 &#8211; par 7,8%, savuk\u0101rt kritums bija elektroener\u0123ijas un g\u0101zes apg\u0101d\u0113 &#8211; par 3,7%.<\/p>\n<p class=\"text-font font-size--text-xlarge margin-3--bottom\">2025. gada septembr\u012b, sal\u012bdzinot ar 2024. gada septembri, apstr\u0101des r\u016bpniec\u012bbas apgroz\u012bjums p\u0113c kalend\u0101ri kori\u0123\u0113tiem datiem faktiskaj\u0101s cen\u0101s palielin\u0101j\u0101s par 11,0%. Apgroz\u012bjums viet\u0113j\u0101 tirg\u016b palielin\u0101j\u0101s par 7,5%, bet eksport\u0101 par 12,9% (tai skait\u0101 eirozon\u0101 par 11,4%, bet \u0101rpus eirozonas par 14,4%).<\/p>\n<p class=\"text-font font-size--text-xlarge margin-3--bottom\">2025. gada septembr\u012b, sal\u012bdzinot ar 2025. gada augustu, apstr\u0101des r\u016bpniec\u012bbas apgroz\u012bjums p\u0113c sezon\u0101li kori\u0123\u0113tiem datiem palielin\u0101j\u0101s par 0,9%. Viet\u0113j\u0101 tirg\u016b apgroz\u012bjums palielin\u0101j\u0101s par 0,9%, bet eksport\u0101 par 0,8% (tai skait\u0101 eirozon\u0101 par 1,1%, bet \u0101rpus eirozonas par 0,7%).<\/p>\n<p class=\"text-font font-size--text-xlarge margin-3--bottom\">Public\u0113tie dati n\u0101kamajos m\u0113ne\u0161os var tikt preciz\u0113ti, ja tiks ieg\u016bta papildu inform\u0101cija no uz\u0146\u0113mumiem.<\/p>\n","protected":false},"excerpt":{"rendered":"2025. gada septembr\u012b, sal\u012bdzinot ar 2024. gada septembri, r\u016bpniec\u012bbas produkcijas apjoms1 p\u0113c kalend\u0101ri kori\u0123\u0113tiem datiem sal\u012bdzin\u0101maj\u0101s cen\u0101s palielin\u0101j\u0101s&hellip;\n","protected":false},"author":2,"featured_media":38958,"comment_status":"","ping_status":"","sticky":false,"template":"","format":"standard","meta":{"footnotes":""},"categories":[16],"tags":[869,77,870,76,867,35,39,38,36,37,34,871,868,40,21],"class_list":{"0":"post-38957","1":"post","2":"type-post","3":"status-publish","4":"format-standard","5":"has-post-thumbnail","7":"category-bizness","8":"tag-biznesa-zinas","9":"tag-bizness","10":"tag-bizness-latvija","11":"tag-business","12":"tag-dienas-zinas","13":"tag-latvia","14":"tag-latvian","15":"tag-latviesu","16":"tag-latviesu-valoda","17":"tag-latviesuvaloda","18":"tag-latvija","19":"tag-latvijas-biznesa-zinas","20":"tag-latvijas-zinas","21":"tag-lv","22":"tag-zinas"},"share_on_mastodon":{"url":"https:\/\/pubeurope.com\/@lv\/115486210339868770","error":""},"_links":{"self":[{"href":"https:\/\/www.europesays.com\/lv\/wp-json\/wp\/v2\/posts\/38957","targetHints":{"allow":["GET"]}}],"collection":[{"href":"https:\/\/www.europesays.com\/lv\/wp-json\/wp\/v2\/posts"}],"about":[{"href":"https:\/\/www.europesays.com\/lv\/wp-json\/wp\/v2\/types\/post"}],"author":[{"embeddable":true,"href":"https:\/\/www.europesays.com\/lv\/wp-json\/wp\/v2\/users\/2"}],"replies":[{"embeddable":true,"href":"https:\/\/www.europesays.com\/lv\/wp-json\/wp\/v2\/comments?post=38957"}],"version-history":[{"count":0,"href":"https:\/\/www.europesays.com\/lv\/wp-json\/wp\/v2\/posts\/38957\/revisions"}],"wp:featuredmedia":[{"embeddable":true,"href":"https:\/\/www.europesays.com\/lv\/wp-json\/wp\/v2\/media\/38958"}],"wp:attachment":[{"href":"https:\/\/www.europesays.com\/lv\/wp-json\/wp\/v2\/media?parent=38957"}],"wp:term":[{"taxonomy":"category","embeddable":true,"href":"https:\/\/www.europesays.com\/lv\/wp-json\/wp\/v2\/categories?post=38957"},{"taxonomy":"post_tag","embeddable":true,"href":"https:\/\/www.europesays.com\/lv\/wp-json\/wp\/v2\/tags?post=38957"}],"curies":[{"name":"wp","href":"https:\/\/api.w.org\/{rel}","templated":true}]}}