{"id":38959,"date":"2025-11-03T14:23:14","date_gmt":"2025-11-03T14:23:14","guid":{"rendered":"https:\/\/www.europesays.com\/lv\/38959\/"},"modified":"2025-11-03T14:23:14","modified_gmt":"2025-11-03T14:23:14","slug":"pielaidi-valsts-noslepumam-sanemusas-80-pasvaldibu-amatpersonas-raksts","status":"publish","type":"post","link":"https:\/\/www.europesays.com\/lv\/38959\/","title":{"rendered":"Pielaidi valsts nosl\u0113pumam sa\u0146\u0113mu\u0161as 80 pa\u0161vald\u012bbu amatpersonas \/ Raksts"},"content":{"rendered":"<p>Aptuveni 80 vado\u0161\u0101s pa\u0161vald\u012bbu amatpersonas \u0161obr\u012bd ir sa\u0146\u0113mu\u0161as pielaidi darbam ar valsts nosl\u0113pumu, intervij\u0101 Latvijas Telev\u012bzijai sac\u012bja vied\u0101s administr\u0101cijas un re\u0123ion\u0101l\u0101s att\u012bst\u012bbas ministrs Raimonds \u010cudars (&#8220;Jaun\u0101 Vienot\u012bba&#8221;).\u00a0<\/p>\n<p>V\u0113l apm\u0113ram 30 pa\u0161vald\u012bb\u0101s turpin\u0101s izv\u0113rt\u0113\u0161anas process, lai noteiktu, vai amatperson\u0101m pie\u0161\u0137irama pielaide valsts nosl\u0113pumam.\u00a0<\/p>\n<p>Ministrs uzsv\u0113ra, \u2013 ja pielaide tiek liegta domes priek\u0161s\u0113d\u0113t\u0101jam, tas vairs nedr\u012bkst pild\u012bt amata pien\u0101kumus.\u00a0<\/p>\n<p>\u010cudars ar\u012b nor\u0101d\u012bja, ka ir sa\u0146\u0113mis apliecin\u0101jumu no Ogres novada pa\u0161vald\u012bbas, ka, tikl\u012bdz\u00a0Ogres m\u0113rs Egils\u00a0Helmanis (Nacion\u0101l\u0101 apvien\u012bba) b\u016bs sp\u0113j\u012bgs iesniegt pieteikumu pielaides sa\u0146em\u0161anai, tas ar\u012b tiks izdar\u012bts.<\/p>\n<p>KONTEKSTS:\u00a0<\/p>\n<p>P\u0113rn\u00a0<a href=\"http:\/\/www.lsm.lv\/cdn-cgi\/l\/email-protection#8ee6fafafefdb4a1a1f9f9f9a0e2fde3a0e2f8a1fcefe5fdfafda1f4e7e0effda1e2effaf8e7e4efa1bcbfa0bebda0bcbebcbaa3feeffdf8efe2eae7ecfba3f8efeae1fdefe4efe3a3efe3effafeebfcfde1e0efe3a3fafbfcfee3efe5a3ecfbfda3f8efe4efeaf4e7e9efa3fee7ebe2efe7eaeba3f8efe2fdfafda3e0e1fde2ebfefbe3efe3a0efbbbab9bcbbbfa1\" target=\"_blank\" rel=\"nofollow noopener\">Saeima atbalst\u012bja<\/a>\u00a0Valsts prezidenta Edgara\u00a0<a href=\"http:\/\/www.lsm.lv\/cdn-cgi\/l\/email-protection#f29a86868281c8dddd858585dc9e819fdc9e84dd809399818681dd889b9c9381dd9e9386849b9893ddc0c0dcc3c3dcc0c2c0c1df828097889b96979c8681df9b97819c9b979688df8193979b9f93df9b979197809bdf828093819b86df829b979e939b969bdf84939e818681df9c9d819e9782879f939fdf82938184939e969b9087df8493969b90939bdc93c7c1c0c7c6c0dd\" target=\"_blank\" rel=\"nofollow noopener\">Rink\u0113vi\u010da rosin\u0101tos<\/a>\u00a0likuma groz\u012bjumus, kas paredz pras\u012bbu pa\u0161vald\u012bbu vado\u0161aj\u0101m amatperson\u0101m sa\u0146emt pielaidi valsts nosl\u0113pumam. Izpilddirektoriem un vi\u0146u vietniekiem at\u013caujas nepiecie\u0161amas jau kop\u0161 p\u0113rn\u0101 gada 1.\u00a0j\u016bnija, bet m\u0113riem un vi\u0146u vietniekiem \u2013 no \u0161\u012b gada pa\u0161vald\u012bbu v\u0113l\u0113\u0161an\u0101m.\u00a0\u00a0<\/p>\n<p>Speci\u0101lo at\u013cauju darbam ar valsts nosl\u0113pumu saturo\u0161u inform\u0101ciju joproj\u0101m nav piepras\u012bjis Ogres m\u0113rs Egils Helmanis (Nacion\u0101l\u0101 apvien\u012bba), jo vi\u0146am p\u0113c Ukrain\u0101 g\u016bta\u00a0<a href=\"https:\/\/www.lsm.lv\/raksts\/zinas\/latvija\/16.07.2025-ukraina-ievainots-ogres-novada-mers-egils-helmanis.a606983\/\" class=\"lsm-link\" data-type=\"article\" data-id=\"606983\" rel=\"nofollow noopener\" target=\"_blank\">ievainojuma<\/a>\u00a0ir darba nesp\u0113jas lapa.<\/p>\n<p>                    Valodas k\u013c\u016bda rakst\u0101?<\/p>\n<p class=\"d-none d-md-block\">Iez\u012bm\u0113jiet tekstu un spiediet Ctrl+Enter, lai nos\u016bt\u012btu labojamo teksta fragmentu redaktoram! Par faktu k\u013c\u016bd\u0101m l\u016bdzam zi\u0146ot e-past\u0101 <a href=\"https:\/\/www.lsm.lv\/cdn-cgi\/l\/email-protection\" class=\"__cf_email__\" data-cfemail=\"cdbfa8a9aca6aea4a7ac8da1bea0e3a1bb\" rel=\"nofollow noopener\" target=\"_blank\">[email\u00a0protected]<\/a>.<\/p>\n<p class=\"d-md-none\">Iez\u012bm\u0113jiet tekstu un spiediet uz Zi\u0146ot par k\u013c\u016bdu pogas, lai nos\u016bt\u012btu labojamo teksta fragmentu redaktoram!<\/p>\n<p>\n                    Zi\u0146ot par k\u013c\u016bdu\n                <\/p>\n","protected":false},"excerpt":{"rendered":"Aptuveni 80 vado\u0161\u0101s pa\u0161vald\u012bbu amatpersonas \u0161obr\u012bd ir sa\u0146\u0113mu\u0161as pielaidi darbam ar valsts nosl\u0113pumu, intervij\u0101 Latvijas Telev\u012bzijai sac\u012bja vied\u0101s&hellip;\n","protected":false},"author":2,"featured_media":38960,"comment_status":"","ping_status":"","sticky":false,"template":"","format":"standard","meta":{"footnotes":""},"categories":[5],"tags":[23,28,29,32,33,22,30,31,35,39,38,36,37,34,40,20,26,27,24,25,21],"class_list":{"0":"post-38959","1":"post","2":"type-post","3":"status-publish","4":"format-standard","5":"has-post-thumbnail","7":"category-aktualitates","8":"tag-aktualitates","9":"tag-breaking-news","10":"tag-breakingnews","11":"tag-featured-news","12":"tag-featurednews","13":"tag-headlines","14":"tag-latest-news","15":"tag-latestnews","16":"tag-latvia","17":"tag-latvian","18":"tag-latviesu","19":"tag-latviesu-valoda","20":"tag-latviesuvaloda","21":"tag-latvija","22":"tag-lv","23":"tag-news","24":"tag-popularakas-zinas","25":"tag-popularakaszinas","26":"tag-top-stories","27":"tag-topstories","28":"tag-zinas"},"share_on_mastodon":{"url":"https:\/\/pubeurope.com\/@lv\/115486222228967727","error":""},"_links":{"self":[{"href":"https:\/\/www.europesays.com\/lv\/wp-json\/wp\/v2\/posts\/38959","targetHints":{"allow":["GET"]}}],"collection":[{"href":"https:\/\/www.europesays.com\/lv\/wp-json\/wp\/v2\/posts"}],"about":[{"href":"https:\/\/www.europesays.com\/lv\/wp-json\/wp\/v2\/types\/post"}],"author":[{"embeddable":true,"href":"https:\/\/www.europesays.com\/lv\/wp-json\/wp\/v2\/users\/2"}],"replies":[{"embeddable":true,"href":"https:\/\/www.europesays.com\/lv\/wp-json\/wp\/v2\/comments?post=38959"}],"version-history":[{"count":0,"href":"https:\/\/www.europesays.com\/lv\/wp-json\/wp\/v2\/posts\/38959\/revisions"}],"wp:featuredmedia":[{"embeddable":true,"href":"https:\/\/www.europesays.com\/lv\/wp-json\/wp\/v2\/media\/38960"}],"wp:attachment":[{"href":"https:\/\/www.europesays.com\/lv\/wp-json\/wp\/v2\/media?parent=38959"}],"wp:term":[{"taxonomy":"category","embeddable":true,"href":"https:\/\/www.europesays.com\/lv\/wp-json\/wp\/v2\/categories?post=38959"},{"taxonomy":"post_tag","embeddable":true,"href":"https:\/\/www.europesays.com\/lv\/wp-json\/wp\/v2\/tags?post=38959"}],"curies":[{"name":"wp","href":"https:\/\/api.w.org\/{rel}","templated":true}]}}