{"id":38967,"date":"2025-11-03T14:27:08","date_gmt":"2025-11-03T14:27:08","guid":{"rendered":"https:\/\/www.europesays.com\/lv\/38967\/"},"modified":"2025-11-03T14:27:08","modified_gmt":"2025-11-03T14:27:08","slug":"lukasenko-aizliedz-lietuvas-un-polijas-kravas-automasinam-iebraukt-baltkrievija-lidz-2027-gadam","status":"publish","type":"post","link":"https:\/\/www.europesays.com\/lv\/38967\/","title":{"rendered":"Luka\u0161enko aizliedz Lietuvas un Polijas kravas automa\u0161\u012bn\u0101m iebraukt Baltkrievij\u0101 l\u012bdz 2027. gadam"},"content":{"rendered":"<p>Saist\u012bb\u0101 ar to, ka Lietuv\u0101 tika re\u0123istr\u0113ts kontrabandas balonu no Baltkrievijas skaita pieaugums un vair\u0101kk\u0101rt tika trauc\u0113ts Vi\u013c\u0146as lidostas darbs, Lietuvas vald\u012bba pag\u0101ju\u0161aj\u0101 ned\u0113\u013c\u0101 nol\u0113ma l\u012bdz 30. novembrim sl\u0113gt valsts robe\u017eu ar Baltkrieviju, nosakot iz\u0146\u0113mumus atsevi\u0161\u0137\u0101m ce\u013cot\u0101ju grup\u0101m. Lietuvas premjerministre Inga Ruginiene nor\u0101d\u012bjusi, ka robe\u017eas sl\u0113g\u0161anas termi\u0146\u0161 tiks regul\u0101ri pagarin\u0101ts tik ilgi, kam\u0113r turpin\u0101sies Baltkrievijas nedraudz\u012bg\u0101 r\u012bc\u012bba pret Lietuvu.<\/p>\n","protected":false},"excerpt":{"rendered":"Saist\u012bb\u0101 ar to, ka Lietuv\u0101 tika re\u0123istr\u0113ts kontrabandas balonu no Baltkrievijas skaita pieaugums un vair\u0101kk\u0101rt tika trauc\u0113ts Vi\u013c\u0146as&hellip;\n","protected":false},"author":2,"featured_media":38968,"comment_status":"","ping_status":"","sticky":false,"template":"","format":"standard","meta":{"footnotes":""},"categories":[14],"tags":[23,57,28,29,32,33,22,30,31,35,39,38,36,37,34,40,20,26,27,24,25,54,55,56,21,58],"class_list":{"0":"post-38967","1":"post","2":"type-post","3":"status-publish","4":"format-standard","5":"has-post-thumbnail","7":"category-zinas-no-arvalstim","8":"tag-aktualitates","9":"tag-arvalstim","10":"tag-breaking-news","11":"tag-breakingnews","12":"tag-featured-news","13":"tag-featurednews","14":"tag-headlines","15":"tag-latest-news","16":"tag-latestnews","17":"tag-latvia","18":"tag-latvian","19":"tag-latviesu","20":"tag-latviesu-valoda","21":"tag-latviesuvaloda","22":"tag-latvija","23":"tag-lv","24":"tag-news","25":"tag-popularakas-zinas","26":"tag-popularakaszinas","27":"tag-top-stories","28":"tag-topstories","29":"tag-world","30":"tag-world-news","31":"tag-worldnews","32":"tag-zinas","33":"tag-zinas-no-arvalstim"},"share_on_mastodon":{"url":"https:\/\/pubeurope.com\/@lv\/115486237880547380","error":""},"_links":{"self":[{"href":"https:\/\/www.europesays.com\/lv\/wp-json\/wp\/v2\/posts\/38967","targetHints":{"allow":["GET"]}}],"collection":[{"href":"https:\/\/www.europesays.com\/lv\/wp-json\/wp\/v2\/posts"}],"about":[{"href":"https:\/\/www.europesays.com\/lv\/wp-json\/wp\/v2\/types\/post"}],"author":[{"embeddable":true,"href":"https:\/\/www.europesays.com\/lv\/wp-json\/wp\/v2\/users\/2"}],"replies":[{"embeddable":true,"href":"https:\/\/www.europesays.com\/lv\/wp-json\/wp\/v2\/comments?post=38967"}],"version-history":[{"count":0,"href":"https:\/\/www.europesays.com\/lv\/wp-json\/wp\/v2\/posts\/38967\/revisions"}],"wp:featuredmedia":[{"embeddable":true,"href":"https:\/\/www.europesays.com\/lv\/wp-json\/wp\/v2\/media\/38968"}],"wp:attachment":[{"href":"https:\/\/www.europesays.com\/lv\/wp-json\/wp\/v2\/media?parent=38967"}],"wp:term":[{"taxonomy":"category","embeddable":true,"href":"https:\/\/www.europesays.com\/lv\/wp-json\/wp\/v2\/categories?post=38967"},{"taxonomy":"post_tag","embeddable":true,"href":"https:\/\/www.europesays.com\/lv\/wp-json\/wp\/v2\/tags?post=38967"}],"curies":[{"name":"wp","href":"https:\/\/api.w.org\/{rel}","templated":true}]}}