{"id":38969,"date":"2025-11-03T14:29:14","date_gmt":"2025-11-03T14:29:14","guid":{"rendered":"https:\/\/www.europesays.com\/lv\/38969\/"},"modified":"2025-11-03T14:29:14","modified_gmt":"2025-11-03T14:29:14","slug":"dronu-del-svetdien-traucets-vacijas-lidostu-darbs-raksts","status":"publish","type":"post","link":"https:\/\/www.europesays.com\/lv\/38969\/","title":{"rendered":"Dronu d\u0113\u013c sv\u0113tdien trauc\u0113ts V\u0101cijas lidostu darbs \/ Raksts"},"content":{"rendered":"<p>Neidentific\u0113tu dronu d\u0113\u013c sv\u0113tdien bija trauc\u0113ts V\u0101cijas pils\u0113tas Br\u0113menes lidostas darbs. L\u012bdz\u012bga situ\u0101cija pirms da\u017e\u0101m dien\u0101m izveidoj\u0101s ar\u012b galvaspils\u0113t\u0101 Berl\u012bn\u0113.\u00a0<\/p>\n<p>V\u0101cijas raidorganiz\u0101cija &#8220;Deutsche Welle&#8221; atsauc\u0101s uz policijas p\u0101rst\u0101vjiem un v\u0113st\u012bja, ka dronu net\u0101lu no \u00a0Br\u0113menes lidostas paman\u012bja plkst. 19.30.\u00a0<\/p>\n<blockquote>\n<p>Gaisa satiksmes vad\u012bbas p\u0101rvaldes darbinieki \u00a0nekav\u0113joties aptur\u0113ja lidma\u0161\u012bnu pacel\u0161anos un nolai\u0161anos, ko ats\u0101ka apm\u0113ram p\u0113c stundas.\u00a0<\/p>\n<\/blockquote>\n<p>K\u0101rt\u012bbas sargiem neizdev\u0101s noskaidrot, kas palaidis dronu.\u00a0<\/p>\n<p>Berl\u012bnes Brandenburgas starptautiskaj\u0101 lidost\u0101 l\u012bdz\u012bga situ\u0101cija izveidoj\u0101s 31.\u00a0oktobra vakar\u0101, kur lidojumus n\u0101c\u0101s aptur\u0113t laika period\u0101 no apm\u0113ram plkst. 20 l\u012bdz 22.\u00a0<\/p>\n<p>K\u0101ds aculiecinieks zi\u0146oja par bezpilota lidapar\u0101tu net\u0101lu no lidostas, un \u0161o inform\u0101ciju v\u0113l\u0101k apstiprin\u0101ja uz lidostu nos\u016bt\u012bt\u0101 patru\u013ca. Ar\u012b Berl\u012bn\u0113 drona pilotu neizdev\u0101s atrast.\u00a0<\/p>\n<p>Jau iepriek\u0161 bezpilota lidapar\u0101ti probl\u0113mas rad\u012bja D\u0101nijas un Norv\u0113\u0123ijas lidost\u0101s, un ar \u0161\u0101diem incidentiem m\u016bsdien\u0101s n\u0101kas r\u0113\u0137in\u0101ties visu lidostu darbiniekiem. \u00a0<\/p>\n<p>                    Valodas k\u013c\u016bda rakst\u0101?<\/p>\n<p class=\"d-none d-md-block\">Iez\u012bm\u0113jiet tekstu un spiediet Ctrl+Enter, lai nos\u016bt\u012btu labojamo teksta fragmentu redaktoram! Par faktu k\u013c\u016bd\u0101m l\u016bdzam zi\u0146ot e-past\u0101 <a href=\"https:\/\/www.lsm.lv\/cdn-cgi\/l\/email-protection\" class=\"__cf_email__\" data-cfemail=\"89fbecede8e2eae0e3e8c9e5fae4a7e5ff\" rel=\"nofollow noopener\" target=\"_blank\">[email\u00a0protected]<\/a>.<\/p>\n<p class=\"d-md-none\">Iez\u012bm\u0113jiet tekstu un spiediet uz Zi\u0146ot par k\u013c\u016bdu pogas, lai nos\u016bt\u012btu labojamo teksta fragmentu redaktoram!<\/p>\n<p>\n                    Zi\u0146ot par k\u013c\u016bdu\n                <\/p>\n","protected":false},"excerpt":{"rendered":"Neidentific\u0113tu dronu d\u0113\u013c sv\u0113tdien bija trauc\u0113ts V\u0101cijas pils\u0113tas Br\u0113menes lidostas darbs. L\u012bdz\u012bga situ\u0101cija pirms da\u017e\u0101m dien\u0101m izveidoj\u0101s ar\u012b&hellip;\n","protected":false},"author":2,"featured_media":38970,"comment_status":"","ping_status":"","sticky":false,"template":"","format":"standard","meta":{"footnotes":""},"categories":[5],"tags":[23,28,29,32,33,22,30,31,35,39,38,36,37,34,40,20,26,27,24,25,21],"class_list":{"0":"post-38969","1":"post","2":"type-post","3":"status-publish","4":"format-standard","5":"has-post-thumbnail","7":"category-aktualitates","8":"tag-aktualitates","9":"tag-breaking-news","10":"tag-breakingnews","11":"tag-featured-news","12":"tag-featurednews","13":"tag-headlines","14":"tag-latest-news","15":"tag-latestnews","16":"tag-latvia","17":"tag-latvian","18":"tag-latviesu","19":"tag-latviesu-valoda","20":"tag-latviesuvaloda","21":"tag-latvija","22":"tag-lv","23":"tag-news","24":"tag-popularakas-zinas","25":"tag-popularakaszinas","26":"tag-top-stories","27":"tag-topstories","28":"tag-zinas"},"share_on_mastodon":{"url":"https:\/\/pubeurope.com\/@lv\/115486245808671204","error":""},"_links":{"self":[{"href":"https:\/\/www.europesays.com\/lv\/wp-json\/wp\/v2\/posts\/38969","targetHints":{"allow":["GET"]}}],"collection":[{"href":"https:\/\/www.europesays.com\/lv\/wp-json\/wp\/v2\/posts"}],"about":[{"href":"https:\/\/www.europesays.com\/lv\/wp-json\/wp\/v2\/types\/post"}],"author":[{"embeddable":true,"href":"https:\/\/www.europesays.com\/lv\/wp-json\/wp\/v2\/users\/2"}],"replies":[{"embeddable":true,"href":"https:\/\/www.europesays.com\/lv\/wp-json\/wp\/v2\/comments?post=38969"}],"version-history":[{"count":0,"href":"https:\/\/www.europesays.com\/lv\/wp-json\/wp\/v2\/posts\/38969\/revisions"}],"wp:featuredmedia":[{"embeddable":true,"href":"https:\/\/www.europesays.com\/lv\/wp-json\/wp\/v2\/media\/38970"}],"wp:attachment":[{"href":"https:\/\/www.europesays.com\/lv\/wp-json\/wp\/v2\/media?parent=38969"}],"wp:term":[{"taxonomy":"category","embeddable":true,"href":"https:\/\/www.europesays.com\/lv\/wp-json\/wp\/v2\/categories?post=38969"},{"taxonomy":"post_tag","embeddable":true,"href":"https:\/\/www.europesays.com\/lv\/wp-json\/wp\/v2\/tags?post=38969"}],"curies":[{"name":"wp","href":"https:\/\/api.w.org\/{rel}","templated":true}]}}