{"id":38979,"date":"2025-11-03T14:35:09","date_gmt":"2025-11-03T14:35:09","guid":{"rendered":"https:\/\/www.europesays.com\/lv\/38979\/"},"modified":"2025-11-03T14:35:09","modified_gmt":"2025-11-03T14:35:09","slug":"turpinoties-protestiem-serbija-vucics-sola-pirmstermina-velesanas","status":"publish","type":"post","link":"https:\/\/www.europesays.com\/lv\/38979\/","title":{"rendered":"Turpinoties protestiem Serbij\u0101, Vu\u010di\u010ds sola pirmstermi\u0146a v\u0113l\u0113\u0161anas"},"content":{"rendered":"<p>Vu\u010di\u010ds sv\u0113tdien \u017eurn\u0101listiem pav\u0113st\u012bja, ka v\u0113l\u0113\u0161anas notiks v\u0113l pirms vi\u0146a pilnvaru termi\u0146a beig\u0101m 2027. gada decembr\u012b, ta\u010du piebilda, ka gal\u012bgais l\u0113mums j\u0101pie\u0146em &#8220;kompetent\u0101m institucion\u0101l\u0101m iest\u0101d\u0113m&#8221;.<\/p>\n<p>Ar savu pazi\u0146ojumu Vu\u010di\u010ds n\u0101ca klaj\u0101 p\u0113c vair\u0101kas dienas ilg\u0101m demonstr\u0101cij\u0101m, kas tika r\u012bkotas, pieminot pirmo gadsk\u0101rtu kop\u0161 Novi Sadas tra\u0123\u0113dijas. Pag\u0101ju\u0161\u0101 gada 12. novembr\u012b, sagr\u016bstot nojumei pils\u0113tas dzelzce\u013ca stacij\u0101, g\u0101ja boj\u0101 16 cilv\u0113ki.<\/p>\n<p>Tas izrais\u012bja pla\u0161us protestus, kuru dal\u012bbnieki vaino vald\u012bbu korupcij\u0101 un nolaid\u012bb\u0101.<\/p>\n<p>Vu\u010di\u010ds m\u0113\u0123in\u0101jis piemi\u0146as pas\u0101kumus pasludin\u0101t par &#8220;nacion\u0101l\u0101s vienot\u012bbas br\u012bdi&#8221; un izteicis atzin\u012bbu demonstrantiem par &#8220;mierm\u012bl\u012bgu un cie\u0146pilnu&#8221; iztur\u0113\u0161anos.<\/p>\n<p>Tom\u0113r viet\u0113jie mediji zi\u0146o, ka p\u0113c sadursm\u0113m starp vald\u012bbas pretiniekiem un policiju sestdien Belgrad\u0101 atkal aiztur\u0113ti 30 cilv\u0113ki.<\/p>\n<p>Ar\u012b sv\u0113tdien Belgrad\u0101 policija iejauc\u0101s, lai no\u0161\u0137irtu Vu\u010di\u010da pretiniekus no vi\u0146a atbalst\u012bt\u0101jiem.<\/p>\n","protected":false},"excerpt":{"rendered":"Vu\u010di\u010ds sv\u0113tdien \u017eurn\u0101listiem pav\u0113st\u012bja, ka v\u0113l\u0113\u0161anas notiks v\u0113l pirms vi\u0146a pilnvaru termi\u0146a beig\u0101m 2027. gada decembr\u012b, ta\u010du piebilda,&hellip;\n","protected":false},"author":2,"featured_media":38980,"comment_status":"","ping_status":"","sticky":false,"template":"","format":"standard","meta":{"footnotes":""},"categories":[5],"tags":[23,8033,28,29,32,33,22,30,31,35,39,38,36,37,34,40,20,26,27,4204,243,24,25,21],"class_list":{"0":"post-38979","1":"post","2":"type-post","3":"status-publish","4":"format-standard","5":"has-post-thumbnail","7":"category-aktualitates","8":"tag-aktualitates","9":"tag-aleksandrs-vucics","10":"tag-breaking-news","11":"tag-breakingnews","12":"tag-featured-news","13":"tag-featurednews","14":"tag-headlines","15":"tag-latest-news","16":"tag-latestnews","17":"tag-latvia","18":"tag-latvian","19":"tag-latviesu","20":"tag-latviesu-valoda","21":"tag-latviesuvaloda","22":"tag-latvija","23":"tag-lv","24":"tag-news","25":"tag-popularakas-zinas","26":"tag-popularakaszinas","27":"tag-protesti","28":"tag-serbija","29":"tag-top-stories","30":"tag-topstories","31":"tag-zinas"},"share_on_mastodon":{"url":"https:\/\/pubeurope.com\/@lv\/115486269382660144","error":""},"_links":{"self":[{"href":"https:\/\/www.europesays.com\/lv\/wp-json\/wp\/v2\/posts\/38979","targetHints":{"allow":["GET"]}}],"collection":[{"href":"https:\/\/www.europesays.com\/lv\/wp-json\/wp\/v2\/posts"}],"about":[{"href":"https:\/\/www.europesays.com\/lv\/wp-json\/wp\/v2\/types\/post"}],"author":[{"embeddable":true,"href":"https:\/\/www.europesays.com\/lv\/wp-json\/wp\/v2\/users\/2"}],"replies":[{"embeddable":true,"href":"https:\/\/www.europesays.com\/lv\/wp-json\/wp\/v2\/comments?post=38979"}],"version-history":[{"count":0,"href":"https:\/\/www.europesays.com\/lv\/wp-json\/wp\/v2\/posts\/38979\/revisions"}],"wp:featuredmedia":[{"embeddable":true,"href":"https:\/\/www.europesays.com\/lv\/wp-json\/wp\/v2\/media\/38980"}],"wp:attachment":[{"href":"https:\/\/www.europesays.com\/lv\/wp-json\/wp\/v2\/media?parent=38979"}],"wp:term":[{"taxonomy":"category","embeddable":true,"href":"https:\/\/www.europesays.com\/lv\/wp-json\/wp\/v2\/categories?post=38979"},{"taxonomy":"post_tag","embeddable":true,"href":"https:\/\/www.europesays.com\/lv\/wp-json\/wp\/v2\/tags?post=38979"}],"curies":[{"name":"wp","href":"https:\/\/api.w.org\/{rel}","templated":true}]}}