{"id":38989,"date":"2025-11-03T14:41:09","date_gmt":"2025-11-03T14:41:09","guid":{"rendered":"https:\/\/www.europesays.com\/lv\/38989\/"},"modified":"2025-11-03T14:41:09","modified_gmt":"2025-11-03T14:41:09","slug":"sacies-spelmanu-nakts-skatitaju-simpatijas-finalbalsojums","status":"publish","type":"post","link":"https:\/\/www.europesays.com\/lv\/38989\/","title":{"rendered":"S\u0101cies \u201cSp\u0113lma\u0146u nakts\u201d skat\u012bt\u0101ju simp\u0101tijas fin\u0101lbalsojums"},"content":{"rendered":"<p>2025. gada 23. novembra vakar\u0101 Gada balvas te\u0101tr\u012b \u201cSp\u0113lma\u0146u nakts\u201d apbalvo\u0161anas ceremonij\u0101 Dailes te\u0101tr\u012b tiks noskaidrots \u201cSp\u0113lma\u0146u nakts\u201d skatuves naglas balvu laure\u0101tus 17 kategorij\u0101s, ko nosaka profesion\u0101la te\u0101tra nozares \u017e\u016brijas komisija. Ceremonij\u0101 sveiks ar\u012b tr\u012bs \u201cSp\u0113lma\u0146u nakts\u201d skat\u012bt\u0101ju simp\u0101tijas fin\u0101lbalsojuma uzvar\u0113t\u0101jus \u2013 gada izr\u0101di, gada aktrisi un gada aktieri. 2024.\/ 2025. gada sezonas skat\u012bt\u0101ju simp\u0101tijas balvu nominantus izvirz\u012bju\u0161i pa\u0161i te\u0101tri.<\/p>\n","protected":false},"excerpt":{"rendered":"2025. gada 23. novembra vakar\u0101 Gada balvas te\u0101tr\u012b \u201cSp\u0113lma\u0146u nakts\u201d apbalvo\u0161anas ceremonij\u0101 Dailes te\u0101tr\u012b tiks noskaidrots \u201cSp\u0113lma\u0146u nakts\u201d&hellip;\n","protected":false},"author":2,"featured_media":38990,"comment_status":"","ping_status":"","sticky":false,"template":"","format":"standard","meta":{"footnotes":""},"categories":[5],"tags":[23,28,29,32,33,22,30,31,35,39,38,36,37,34,40,20,26,27,24,25,21],"class_list":{"0":"post-38989","1":"post","2":"type-post","3":"status-publish","4":"format-standard","5":"has-post-thumbnail","7":"category-aktualitates","8":"tag-aktualitates","9":"tag-breaking-news","10":"tag-breakingnews","11":"tag-featured-news","12":"tag-featurednews","13":"tag-headlines","14":"tag-latest-news","15":"tag-latestnews","16":"tag-latvia","17":"tag-latvian","18":"tag-latviesu","19":"tag-latviesu-valoda","20":"tag-latviesuvaloda","21":"tag-latvija","22":"tag-lv","23":"tag-news","24":"tag-popularakas-zinas","25":"tag-popularakaszinas","26":"tag-top-stories","27":"tag-topstories","28":"tag-zinas"},"share_on_mastodon":{"url":"https:\/\/pubeurope.com\/@lv\/115486293022186564","error":""},"_links":{"self":[{"href":"https:\/\/www.europesays.com\/lv\/wp-json\/wp\/v2\/posts\/38989","targetHints":{"allow":["GET"]}}],"collection":[{"href":"https:\/\/www.europesays.com\/lv\/wp-json\/wp\/v2\/posts"}],"about":[{"href":"https:\/\/www.europesays.com\/lv\/wp-json\/wp\/v2\/types\/post"}],"author":[{"embeddable":true,"href":"https:\/\/www.europesays.com\/lv\/wp-json\/wp\/v2\/users\/2"}],"replies":[{"embeddable":true,"href":"https:\/\/www.europesays.com\/lv\/wp-json\/wp\/v2\/comments?post=38989"}],"version-history":[{"count":0,"href":"https:\/\/www.europesays.com\/lv\/wp-json\/wp\/v2\/posts\/38989\/revisions"}],"wp:featuredmedia":[{"embeddable":true,"href":"https:\/\/www.europesays.com\/lv\/wp-json\/wp\/v2\/media\/38990"}],"wp:attachment":[{"href":"https:\/\/www.europesays.com\/lv\/wp-json\/wp\/v2\/media?parent=38989"}],"wp:term":[{"taxonomy":"category","embeddable":true,"href":"https:\/\/www.europesays.com\/lv\/wp-json\/wp\/v2\/categories?post=38989"},{"taxonomy":"post_tag","embeddable":true,"href":"https:\/\/www.europesays.com\/lv\/wp-json\/wp\/v2\/tags?post=38989"}],"curies":[{"name":"wp","href":"https:\/\/api.w.org\/{rel}","templated":true}]}}