{"id":38991,"date":"2025-11-03T14:42:10","date_gmt":"2025-11-03T14:42:10","guid":{"rendered":"https:\/\/www.europesays.com\/lv\/38991\/"},"modified":"2025-11-03T14:42:10","modified_gmt":"2025-11-03T14:42:10","slug":"markuss-rutentals-un-katrina-dimanta-iepazistina-ar-jauno-dziesmu-velu-rita-lente-lv","status":"publish","type":"post","link":"https:\/\/www.europesays.com\/lv\/38991\/","title":{"rendered":"Markuss R\u016btent\u0101ls un Katr\u012bna Dimanta iepaz\u012bstina ar jauno dziesmu &#8220;V\u0113lu r\u012bt\u0101&#8221;\u00a0\u2014\u00a0Lente.lv"},"content":{"rendered":"<p>Jauna muzik\u0101la sadarb\u012bba: Markuss R\u016btent\u0101ls un Katr\u012bna Dimanta iepaz\u012bstina ar dziesmu &#8220;V\u0113lu r\u012bt\u0101&#8221;<\/p>\n<p>Talant\u012bgais dzied\u0101t\u0101js un dziesmu autors Markuss R\u016btent\u0101ls turpina iepriecin\u0101t savus klaus\u012bt\u0101jus ar jaun\u0101m un aizraujo\u0161\u0101m kompoz\u012bcij\u0101m, pied\u0101v\u0101jot otro ori\u0123in\u0101ldarbu no sava gaid\u0101m\u0101 albuma. \u0160oreiz vi\u0146\u0161 ir apvienojis sp\u0113kus ar atrakt\u012bvo dzied\u0101t\u0101ju Katr\u012bnu Dimantu, radot kop\u012bgu dziesmu &#8220;V\u0113lu r\u012bt\u0101&#8221;. \u0160\u012b dueta sadarb\u012bba sola klaus\u012bt\u0101jiem emocion\u0101lu un aizkustino\u0161u muzik\u0101lu baud\u012bjumu.<\/p>\n<p>Muzik\u0101ls ce\u013cojums caur j\u016bt\u0101m<\/p>\n<p>Dziesma &#8220;V\u0113lu r\u012bt\u0101&#8221; ir ne tikai muzik\u0101li skaista kompoz\u012bcija, bet ar\u012b dzi\u013c\u0161 emocion\u0101ls st\u0101sts, kas izce\u013c m\u012blest\u012bbas un ilgu sare\u017e\u0123\u012bt\u012bbu. Markuss R\u016btent\u0101ls, kur\u0161 ir ar\u012b dziesmas autors, atkl\u0101j, ka \u0161\u012b kompoz\u012bcija radusies k\u0101 otrais singls no vi\u0146a debijas albuma, kas tapis sadarb\u012bb\u0101 ar paz\u012bstamo producentu Patriku Tabaku. Jau iepriek\u0161 Markuss ir sevi pieteicis ar singlu &#8220;Atpaka\u013c&#8221;, kas izpeln\u012bjies pozit\u012bvas atsauksmes un ir guvis atzin\u012bbu Latvijas m\u016bzikas vid\u0113. Vi\u0146a muzik\u0101l\u0101 pieredze ietver dal\u012bbu da\u017e\u0101d\u0101s te\u0101tra izr\u0101d\u0113s un muzik\u0101los projektos, tostarp &#8220;Zvaigznes b\u0113rns&#8221;, &#8220;Karlsons&#8221; un &#8220;Rent&#8221;.<\/p>\n<p>Katr\u012bna Dimanta, kura pievienojusies Markusam \u0161aj\u0101 jaunaj\u0101 projekt\u0101, ir zin\u0101ma ar savu dal\u012bbu &#8220;Eirov\u012bzij\u0101&#8221; k\u0101 grupas &#8220;Aarzemnieki&#8221; dal\u012bbniece. Vi\u0146as muzik\u0101l\u0101 karjera ir daudzveid\u012bga un bag\u0101ta, piedaloties da\u017e\u0101dos projektos un demonstr\u0113jot savu vok\u0101lo talantu.<\/p>\n<p>&#8220;V\u0113lu r\u012bt\u0101&#8221; \u2013 dziesma, kas aizskar sirdi<\/p>\n<p>&#8220;V\u0113lu r\u012bt\u0101&#8221; ir dziesma, kas aicina klaus\u012bt\u0101ju iegrimt p\u0101rdom\u0101s un izjust dzi\u013cas emocijas. T\u0101 atspogu\u013co tos mirk\u013cus, kad pr\u0101ts kl\u012bst vientul\u012bb\u0101 un ilgojas p\u0113c k\u0101da tuvuma. Markuss R\u016btent\u0101ls izsak\u0101s, ka dziesma radusies k\u0101 otrais ori\u0123in\u0101ldarbs no vi\u0146a topo\u0161\u0101 albuma, un ir \u012bpa\u0161i gandar\u012bts par sadarb\u012bbu ar Katr\u012bnu Dimantu. Vi\u0146as balss pie\u0161\u0137ir dziesmai \u012bpa\u0161u maigumu un dzi\u013cumu, radot nep\u0101rsp\u0113jamu harmoniju. \u0160is duets ir k\u0101 gaid\u012bts v\u0113j\u0161 m\u016bsdienu Latvijas m\u016bzikas ainav\u0101, pied\u0101v\u0101jot kaut ko svaigu un emocion\u0101li pies\u0101tin\u0101tu.<\/p>\n<p>Gaid\u0101mie muzik\u0101lie projekti<\/p>\n<p>Lai gan &#8220;V\u0113lu r\u012bt\u0101&#8221; ir jaun\u0101kais R\u016btent\u0101la veikums, vi\u0146\u0161 ir atkl\u0101jis, ka ar nepaciet\u012bbu gaida br\u012bdi, kad var\u0113s iepaz\u012bstin\u0101t klaus\u012bt\u0101jus ar\u012b ar citiem saviem muzik\u0101lajiem projektiem. Tas liecina par vi\u0146a rado\u0161o potenci\u0101lu un ap\u0146em\u0161anos turpin\u0101t att\u012bst\u012bt savu karjeru. <\/p>\n<p>Markuss R\u016btent\u0101ls ir ne tikai dzied\u0101t\u0101js, bet ar\u012b aktieris, un vi\u0146a talanti ir apliecin\u0101ti vair\u0101kos muzik\u0101los iestud\u0113jumos, tostarp Operetes te\u0101tra izr\u0101d\u0113s. Savuk\u0101rt Katr\u012bna Dimanta ir ieguvusi pieredzi gan k\u0101 soliste, gan k\u0101 da\u013ca no muzik\u0101liem ansamb\u013ciem, un vi\u0146as balsu ir iesp\u0113jams dzird\u0113t ar\u012b da\u017e\u0101dos projektos, piem\u0113ram, folkloras ansambl\u012b.<\/p>\n<p>\u0160\u012b sadarb\u012bba starp Markusu R\u016btent\u0101lu un Katr\u012bnu Dimantu ir k\u0101 spo\u017ea zvaigzne Latvijas m\u016bzikas debes\u012bs, sniedzot klaus\u012bt\u0101jiem iesp\u0113ju izbaud\u012bt jaunu un emocion\u0101li bag\u0101tu ska\u0146darbu.<\/p>\n","protected":false},"excerpt":{"rendered":"Jauna muzik\u0101la sadarb\u012bba: Markuss R\u016btent\u0101ls un Katr\u012bna Dimanta iepaz\u012bstina ar dziesmu &#8220;V\u0113lu r\u012bt\u0101&#8221; Talant\u012bgais dzied\u0101t\u0101js un dziesmu autors&hellip;\n","protected":false},"author":2,"featured_media":38992,"comment_status":"","ping_status":"","sticky":false,"template":"","format":"standard","meta":{"footnotes":""},"categories":[19],"tags":[89,90,2043,11264,35,39,38,36,37,34,355,40,11265,11348],"class_list":{"0":"post-38991","1":"post","2":"type-post","3":"status-publish","4":"format-standard","5":"has-post-thumbnail","7":"category-izklaide","8":"tag-entertainment","9":"tag-izklaide","10":"tag-jauna-dziesma","11":"tag-katrina-dimanta","12":"tag-latvia","13":"tag-latvian","14":"tag-latviesu","15":"tag-latviesu-valoda","16":"tag-latviesuvaloda","17":"tag-latvija","18":"tag-latvijas-muzika","19":"tag-lv","20":"tag-markuss-rutentals","21":"tag-velu-rita"},"share_on_mastodon":{"url":"https:\/\/pubeurope.com\/@lv\/115486296929782758","error":""},"_links":{"self":[{"href":"https:\/\/www.europesays.com\/lv\/wp-json\/wp\/v2\/posts\/38991","targetHints":{"allow":["GET"]}}],"collection":[{"href":"https:\/\/www.europesays.com\/lv\/wp-json\/wp\/v2\/posts"}],"about":[{"href":"https:\/\/www.europesays.com\/lv\/wp-json\/wp\/v2\/types\/post"}],"author":[{"embeddable":true,"href":"https:\/\/www.europesays.com\/lv\/wp-json\/wp\/v2\/users\/2"}],"replies":[{"embeddable":true,"href":"https:\/\/www.europesays.com\/lv\/wp-json\/wp\/v2\/comments?post=38991"}],"version-history":[{"count":0,"href":"https:\/\/www.europesays.com\/lv\/wp-json\/wp\/v2\/posts\/38991\/revisions"}],"wp:featuredmedia":[{"embeddable":true,"href":"https:\/\/www.europesays.com\/lv\/wp-json\/wp\/v2\/media\/38992"}],"wp:attachment":[{"href":"https:\/\/www.europesays.com\/lv\/wp-json\/wp\/v2\/media?parent=38991"}],"wp:term":[{"taxonomy":"category","embeddable":true,"href":"https:\/\/www.europesays.com\/lv\/wp-json\/wp\/v2\/categories?post=38991"},{"taxonomy":"post_tag","embeddable":true,"href":"https:\/\/www.europesays.com\/lv\/wp-json\/wp\/v2\/tags?post=38991"}],"curies":[{"name":"wp","href":"https:\/\/api.w.org\/{rel}","templated":true}]}}