{"id":38999,"date":"2025-11-03T14:47:08","date_gmt":"2025-11-03T14:47:08","guid":{"rendered":"https:\/\/www.europesays.com\/lv\/38999\/"},"modified":"2025-11-03T14:47:08","modified_gmt":"2025-11-03T14:47:08","slug":"ukraina-ar-patriot-un-storm-shadow-sarga-debesis-un-specina-triecienus-merkiem-krievija-raksts","status":"publish","type":"post","link":"https:\/\/www.europesays.com\/lv\/38999\/","title":{"rendered":"Ukraina ar \u00abPatriot\u00bb un \u00abStorm Shadow\u00bb sarg\u0101 debesis un sp\u0113cina triecienus m\u0113r\u0137iem Krievij\u0101 \/ Raksts"},"content":{"rendered":"<p>Ukrain\u0101 turpin\u0101s nemit\u012bgi Krievijas uzbrukumi pils\u0113t\u0101m un apdz\u012bvot\u0101m viet\u0101m, tom\u0113r \u0161aj\u0101s dien\u0101s valsts sa\u0146\u0113musi labas zi\u0146as \u2013\u00a0V\u0101cija pieg\u0101d\u0101jusi valstij papildu\u00a0pretgaisa aizsardz\u012bbas sist\u0113mas &#8220;Patriot&#8221;, bet Lielbrit\u0101nija \u2013sp\u0101rnot\u0101s ra\u0137etes &#8220;Storm Shadow&#8221;.<\/p>\n<p style=\"margin-left:0cm; margin-right:0cm\">Pagaid\u0101m nav zin\u0101ms, cik daudz \u0161\u012bs ASV ra\u017eojuma mobil\u0101s ra\u0137e\u0161u aizsardz\u012bbas sist\u0113mas &#8220;Patriot&#8221; V\u0101cija ir pieg\u0101d\u0101jusi\u00a0 Ukrainai. Tas publiski netiek pazi\u0146ots, tom\u0113r V\u0101cijas aizsardz\u012bbas ministrs Boriss Pistoriuss pirms m\u0113ne\u0161a Var\u0161avas dro\u0161\u012bbas forum\u0101 pazi\u0146oja, ka V\u0101cija pl\u0101no papildus sav\u0101m jau 3 uz Ukrainu nos\u016bt\u012btaj\u0101m &#8220;Patriot&#8221; sist\u0113m\u0101m l\u012bdz \u0161\u0101 gada beig\u0101m pieg\u0101d\u0101t v\u0113l divas.<\/p>\n<p style=\"margin-left:0cm; margin-right:0cm\">Tas dar\u012bts sadarb\u012bb\u0101 ar norv\u0113\u0123u partneriem, kas ir atv\u0113l\u0113ju\u0161i iev\u0113rojamus resursus Ukrainas gaisa telpas aizsardz\u012bbas stiprin\u0101\u0161anai. K\u0101 redzams \u2013 partneri savu v\u0101rdu ir tur\u0113ju\u0161i, un sal\u012bdzino\u0161i \u012bs\u0101 laik\u0101 jau viena vai abas sist\u0113mas pieg\u0101d\u0101tas Ukrainai.\u00a0 Un katra no t\u0101m ir b\u016btisks atspaids kara plos\u012btajai valstij.<\/p>\n<p style=\"margin-left:0cm; margin-right:0cm\">&#8220;Labs rezult\u0101ts m\u016bsu pretgaisa aizsardz\u012bbai \u2013\u00a0Ukrainai tagad ir vair\u0101k &#8220;Patriot&#8221;, sav\u0101 ikvakara uzrun\u0101 tautai sac\u012bja Ukrainas prezidents Volodimirs Zelenskis. &#8220;Es gribu pateikt paldies kancleram Fr\u012bdriham\u00a0Mercam, V\u0101cijai un visiem, kas pal\u012bdz. M\u016bsu vieno\u0161an\u0101s ir izpild\u012btas \u2013\u00a0Ukrainai ir pieg\u0101d\u0101ti papildu &#8220;Patriot&#8221;, un m\u0113s iek\u013caujam tos sav\u0101 darb\u0101. Protams, visas valsts aizsardz\u012bbai nepiecie\u0161amas vair\u0101k \u0161\u0101das sist\u0113mas, lai nosarg\u0101tu infrastrukt\u016bras svar\u012bg\u0101kos objektus \u2013\u00a0m\u016bsu pils\u0113tas.&#8221;<\/p>\n<blockquote>\n<p style=\"margin-left:0cm; margin-right:0cm\">Papildus V\u0101cijas s\u016bt\u012btaj\u0101m &#8220;Patriot&#8221;\u00a0Ukrainas debesis \u0161oruden sarg\u0101 ar\u012b viena pretgaisa aizsardz\u012bbas sist\u0113ma, kas ats\u016bt\u012bta no Izra\u0113las. T\u0101pat Ukraina str\u0101d\u0101 v\u0113l citos virzienos, lai stiprin\u0101tu pretgaisa aizsardz\u012bbu.<\/p>\n<\/blockquote>\n<p style=\"margin-left:0cm; margin-right:0cm\">Ukrainas prezidents Volodimirs Zelenskis iepriek\u0161 izteicies, ka kopum\u0101 visas valsts aizsardz\u012bbai b\u016btu nepiecie\u0161amas 25 \u0161\u0101das sist\u0113mas, bet nav zin\u0101ms, cik t\u0101du valst\u012b jau ir un cik tr\u016bkst. Publiski tiek izpausts vien tas, ka \u0161\u0101das sist\u0113mas nepiecie\u0161amas v\u0113l.<\/p>\n<p style=\"margin-left:0cm; margin-right:0cm\">Un\u00a0visticam\u0101k, \u0161\u0101du pretgaisa aizsardz\u012bbas sist\u0113mu skaits ir t\u0101lu no v\u0113lam\u0101, par ko liecina Krievijas\u00a0uzbrukumi un to post\u012bjumu apm\u0113rs, \u012bpa\u0161i frontei tuv\u0101k eso\u0161aj\u0101s pils\u0113t\u0101s.\u00a0Ar\u012b galvaspils\u0113t\u0101 Kijiv\u0101 biju\u0161i \u013coti sp\u0113c\u012bgi ra\u0137e\u0161u un kaujas dronu uzbrukumi ar daudziem\u00a0nogalin\u0101tajiem un simtiem ievainoto.<\/p>\n<p style=\"margin-left:0cm; margin-right:0cm\">Nepiecie\u0161ami ar\u012b l\u0101di\u0146i, ar kuriem Krievijas raid\u012bt\u0101s ra\u0137etes un dronus notriekt, jo nekas neliecina, ka uzbrukumu intensit\u0101te mazin\u0101tos. Piem\u0113ram, aizvad\u012btaj\u0101 ned\u0113\u013c\u0101 Krievija uzbrukumiem Ukrainai izmantoja gandr\u012bz 1500 kaujas dronus, 1170 vad\u0101m\u0101s aviobumbas un vair\u0101k nek\u0101 70 ra\u0137etes.<\/p>\n<p style=\"margin-left:0cm; margin-right:0cm\">Ar\u012b \u0161onakt iebruc\u0113js ap\u0161aud\u012bja Ukrainu ar ra\u0137et\u0113m, tostarp tr\u012bs virsska\u0146as ballistiskaj\u0101m ra\u0137et\u0113m &#8220;Kin\u017eal&#8221;. Vienu no t\u0101m ukrai\u0146iem izdev\u0101s notriekt.<\/p>\n<p style=\"margin-left:0cm; margin-right:0cm\">ASV prezidenta pazi\u0146ojumu, ka vi\u0146\u0161 tom\u0113r nav gatavs Ukrainai pieg\u0101d\u0101t &#8220;Tomahawk&#8221; ra\u0137etes, valst\u012b uztver kopum\u0101 mier\u012bgi. Viet\u0113jie eksperti nor\u0101da, ka \u0161\u012bs ra\u0137etes patie\u0161\u0101m var\u0113tu b\u016bt \u013coti labas un efekt\u012bvas, ja t\u0101s nodotu Ukrainai, tom\u0113r nav ar\u012b t\u0101, ka bez t\u0101m neko nevar\u0113tu izdar\u012bt.<\/p>\n<p style=\"margin-left:0cm; margin-right:0cm\">Ukraina veic \u013coti sp\u0113c\u012bgus uzbrukumus Krievijas iek\u0161ien\u0113. Jau tagad redzams, k\u0101 tur k\u016bp naftas un degvielas p\u0101rstr\u0101des uz\u0146\u0113mumi. Ukrai\u0146i \u0161aj\u0101 jom\u0101 daudz pa\u013caujas uz pa\u0161u sp\u0113kiem \u2013\u00a0tiek att\u012bst\u012bta gan t\u0101l\u0101s darb\u012bbas dronu, gan ra\u0137e\u0161u ra\u017eo\u0161ana, bet\u00a0t\u0101pat atbalsts ir no sabiedrotajiem \u2013 Lielbrit\u0101nija nesen pie\u0146\u0113musi l\u0113mumu par papildu\u00a0sp\u0101rnoto ra\u0137e\u0161u &#8220;Storm Shadow&#8221; nodo\u0161anu Ukrainai tie\u0161i \u0161im\u00a0m\u0113r\u0137im \u2013 triecieniem Krievijas iek\u0161ien\u0113.<\/p>\n<p style=\"margin-left:0cm; margin-right:0cm\">Un ar\u012b ceturtaj\u0101 pilna apm\u0113ra kara ziem\u0101 ir jau\u0161ama uztic\u012bba Ukrainas gaisa telpas sargiem.<\/p>\n<p style=\"margin-left:0cm; margin-right:0cm\">&#8220;Par sp\u012bti vis\u0101m gr\u016bt\u012bb\u0101m, Ukrainas gaisa sp\u0113kiem izdodas notur\u0113t diezgan augstu \u0161o gaisa uzbrukuma objektu notriek\u0161anas l\u012bmeni,&#8221; v\u0113rt\u0113\u00a0Ukrainas avi\u0101cijas asoci\u0101cijas p\u0101rst\u0101vis\u00a0Gen\u0101dijs\u00a0Hazans. &#8220;Diem\u017e\u0113l\u00a0visus 100%, kas ielido Ukrainas gaisa telp\u0101, vienk\u0101r\u0161i tehniski un fiziski nav iesp\u0113jams notriekt, tom\u0113r augstais \u0161o objektu notriek\u0161anas r\u0101d\u012bt\u0101js \u013cauj gl\u0101bt, pirmk\u0101rt, cilv\u0113ku dz\u012bv\u012bbas, un ar\u012b objektus, kas ir \u013coti svar\u012bgi Ukrainas ekonomikai un ener\u0123\u0113tikas infrastrukt\u016brai.&#8221;<\/p>\n<blockquote>\n<p style=\"margin-left:0cm; margin-right:0cm\">Kritika \u0161oruden publiskaj\u0101 telp\u0101 tikm\u0113r man\u0101ma nevis par gaisa telpas sargu, bet citu atbild\u012bgo darbu\u00a0\u2013\u00a0tepat uz zemes. Proti,\u00a0izskan p\u0101rmetumi par nepietiekamu energoapg\u0101des objektu fizisku\u00a0aizsardz\u012bbu.<\/p>\n<\/blockquote>\n<p style=\"margin-left:0cm; margin-right:0cm\">Jau p\u0113c pirm\u0101s \u0161\u012b kara ziemas bija skaidrs, ka kritiski svar\u012bgo infrastrukt\u016bru \u2013\u00a0izm\u0113ros neliel\u0101kus objektus\u00a0\u2013\u00a0ir iesp\u0113jams pasarg\u0101t\u00a0ar \u012bpa\u0161\u0101m konstrukcij\u0101m ap tiem. Nereti tie ir t\u0101di k\u0101 betona karkasi, ko uzce\u013c\u00a0ap sarg\u0101jamo objektu. Ja kaut kas taj\u0101 ietriecas, tas saboj\u0101 \u0161o karkasu, bet pasarg\u0101\u00a0pa\u0161u infrastrukt\u016bras objektu.<\/p>\n<p style=\"margin-left:0cm; margin-right:0cm\">Ta\u010du, sagaidot jau ceturto ziemu, konstat\u0113ts, ka \u0161\u012bs konstrukcijas v\u0113l joproj\u0101m nav izb\u016bv\u0113tas pietiekamos daudzumos. Un nav zin\u0101ms, k\u0101p\u0113c t\u0101. Tom\u0113r darbs turpin\u0101s, un oktobra otraj\u0101 pus\u0113 valsts premjeres J\u016blijas Sviridenko vad\u012bt\u0101 vald\u012bba atbalst\u012bja pas\u0101kumu kopumu, ar kuriem pl\u0101nots stiprin\u0101t tie\u0161i kritisk\u0101s infrastrukt\u016bras aizsardz\u012bbu.<\/p>\n<p>KONTEKSTS:<\/p>\n<p>Nepamatotais un neizprovoc\u0113tais Krievijas pla\u0161a m\u0113roga iebrukums Ukrain\u0101 s\u0101k\u0101s<a href=\"https:\/\/www.lsm.lv\/raksts\/zinas\/arzemes\/putina-rezims-sacis-masivu-uzbrukumu-ukrainai.a445043\/\" class=\"lsm-link\" data-type=\"article\" data-id=\"445043\" rel=\"nofollow noopener\" target=\"_blank\"> 2022. gada 24. febru\u0101r\u012b<\/a>. Krem\u013ca propaganda sol\u012bja ie\u0146emt Kijivu tr\u012bs dien\u0101s, ta\u010du ukrai\u0146u sp\u0113c\u012bg\u0101 pretest\u012bba ne\u013c\u0101va Kremlim realiz\u0113t savus pl\u0101nus.<\/p>\n<p>P\u0113c neveiksm\u0113m Kremlis izveda armiju no Kijivas apgabala, bet turpin\u0101ja ofens\u012bvu citos re\u0123ionos. 2022. gada ruden\u012b ukrai\u0146u armijai izdev\u0101s atbr\u012bvot <a href=\"https:\/\/www.lsm.lv\/raksts\/zinas\/arzemes\/sala-zeme-harkivas-atbrivosana--ltv-zinu-dienesta-filma-par-krievijas-kara-plosito-ukrainu.a477237\/\" class=\"lsm-link\" data-type=\"article\" data-id=\"477237\" rel=\"nofollow noopener\" target=\"_blank\">Harkivas apgabalu<\/a> un da\u013cu<a href=\"https:\/\/www.lsm.lv\/raksts\/zinas\/arzemes\/zelenskis-mes-esam-atguvusi-hersonu.a482245\/\" class=\"lsm-link\" data-type=\"article\" data-id=\"482245\" rel=\"nofollow noopener\" target=\"_blank\"> Hersonas apgabala<\/a>, vairojot cer\u012bbas uz iesp\u0113ju sakaut pretinieku.<\/p>\n<p>Ta\u010du 2023. gada vasar\u0101 s\u0101ktais Ukrainas pretuzbrukums nebija tik veiksm\u012bgs, ko Ukrainas armija skaidro gan ar nepietiekamu iero\u010du nodro\u0161in\u0101jumu no Rietumu sabiedrotajiem, gan ar Krievijas armijas izveidoto pamat\u012bgo aizsardz\u012bbas l\u012bniju un pla\u0161ajiem m\u012bnu laukiem.<\/p>\n<p>2024. gada august\u0101 Ukraina veica<a href=\"https:\/\/www.lsm.lv\/article-preview\/zinas\/arzemes\/07.08.2024-ukraina-un-krievija-uzsakusi-cinas-kurskas-apgabala.a564270\/\" class=\"lsm-link\" data-type=\"article\" data-id=\"564270\" rel=\"nofollow noopener\" target=\"_blank\"> iebrukumu<\/a> Kurskas apgabal\u0101 Krievij\u0101. T\u0101 ir pirm\u0101 reize kop\u0161 Otr\u0101 pasaules kara, kad Krievijas teritorijas da\u013cu ilgsto\u0161i ie\u0146\u0113mis \u0101rvalstu karasp\u0113ks.<\/p>\n<p>Kop\u0161 2024. gada rudens Krievija karadarb\u012bb\u0101 pret Ukrainu iesaist\u012bjusi ar\u012b lielu<a href=\"https:\/\/www.lsm.lv\/raksts\/zinas\/arzemes\/18.10.2024-izluki-ziemelkoreja-grib-nosutit-12-000-karaviru-uz-karu-ukraina-dalu-jau-apmaca-krievija.a573077\/?utm_source=lsm&amp;utm_medium=article-body&amp;utm_campaign=admin\" class=\"lsm-link\" data-type=\"article\" data-id=\"573077\" rel=\"nofollow noopener\" target=\"_blank\"> Zieme\u013ckorejas karav\u012bru<\/a> skaitu. 2025. gada vasar\u0101 Zelenskis<a href=\"https:\/\/www.lsm.lv\/article-preview\/zinas\/arzemes\/05.08.2025-zelenskis-ukrainas-austrumos-krievijas-armija-karo-algotni-no-kinas-un-pakistanas.a609234\/\" class=\"lsm-link\" data-type=\"article\" data-id=\"609234\" rel=\"nofollow noopener\" target=\"_blank\"> pav\u0113st\u012bja<\/a>, ka Ukrainas austrumos Krievijas armij\u0101 karo ar\u012b algot\u0146i no \u0136\u012bnas un Pakist\u0101nas.<\/p>\n<p>Lai ar\u012b l\u012bdz ar ASV prezidenta Donalda Trampa st\u0101\u0161anos amat\u0101 starp Balto namu, Kremli un Kijivu vair\u0101kk\u0101rt notiku\u0161as sarunas par pamieru Ukrain\u0101, l\u012bdz \u0161im t\u0101s rezult\u0101tus nav devu\u0161as.<\/p>\n","protected":false},"excerpt":{"rendered":"Ukrain\u0101 turpin\u0101s nemit\u012bgi Krievijas uzbrukumi pils\u0113t\u0101m un apdz\u012bvot\u0101m viet\u0101m, tom\u0113r \u0161aj\u0101s dien\u0101s valsts sa\u0146\u0113musi labas zi\u0146as \u2013\u00a0V\u0101cija pieg\u0101d\u0101jusi&hellip;\n","protected":false},"author":2,"featured_media":39000,"comment_status":"","ping_status":"","sticky":false,"template":"","format":"standard","meta":{"footnotes":""},"categories":[5],"tags":[23,28,29,32,33,22,30,31,35,39,38,36,37,34,40,20,26,27,24,25,21],"class_list":{"0":"post-38999","1":"post","2":"type-post","3":"status-publish","4":"format-standard","5":"has-post-thumbnail","7":"category-aktualitates","8":"tag-aktualitates","9":"tag-breaking-news","10":"tag-breakingnews","11":"tag-featured-news","12":"tag-featurednews","13":"tag-headlines","14":"tag-latest-news","15":"tag-latestnews","16":"tag-latvia","17":"tag-latvian","18":"tag-latviesu","19":"tag-latviesu-valoda","20":"tag-latviesuvaloda","21":"tag-latvija","22":"tag-lv","23":"tag-news","24":"tag-popularakas-zinas","25":"tag-popularakaszinas","26":"tag-top-stories","27":"tag-topstories","28":"tag-zinas"},"share_on_mastodon":{"url":"https:\/\/pubeurope.com\/@lv\/115486316586528390","error":""},"_links":{"self":[{"href":"https:\/\/www.europesays.com\/lv\/wp-json\/wp\/v2\/posts\/38999","targetHints":{"allow":["GET"]}}],"collection":[{"href":"https:\/\/www.europesays.com\/lv\/wp-json\/wp\/v2\/posts"}],"about":[{"href":"https:\/\/www.europesays.com\/lv\/wp-json\/wp\/v2\/types\/post"}],"author":[{"embeddable":true,"href":"https:\/\/www.europesays.com\/lv\/wp-json\/wp\/v2\/users\/2"}],"replies":[{"embeddable":true,"href":"https:\/\/www.europesays.com\/lv\/wp-json\/wp\/v2\/comments?post=38999"}],"version-history":[{"count":0,"href":"https:\/\/www.europesays.com\/lv\/wp-json\/wp\/v2\/posts\/38999\/revisions"}],"wp:featuredmedia":[{"embeddable":true,"href":"https:\/\/www.europesays.com\/lv\/wp-json\/wp\/v2\/media\/39000"}],"wp:attachment":[{"href":"https:\/\/www.europesays.com\/lv\/wp-json\/wp\/v2\/media?parent=38999"}],"wp:term":[{"taxonomy":"category","embeddable":true,"href":"https:\/\/www.europesays.com\/lv\/wp-json\/wp\/v2\/categories?post=38999"},{"taxonomy":"post_tag","embeddable":true,"href":"https:\/\/www.europesays.com\/lv\/wp-json\/wp\/v2\/tags?post=38999"}],"curies":[{"name":"wp","href":"https:\/\/api.w.org\/{rel}","templated":true}]}}