{"id":39023,"date":"2025-11-03T15:04:08","date_gmt":"2025-11-03T15:04:08","guid":{"rendered":"https:\/\/www.europesays.com\/lv\/39023\/"},"modified":"2025-11-03T15:04:08","modified_gmt":"2025-11-03T15:04:08","slug":"vestule-valsts-prezidentam-ainars-slesers-aicina-apturet-sabiedribas-konfrontesanu-un-naida-izpausmes","status":"publish","type":"post","link":"https:\/\/www.europesays.com\/lv\/39023\/","title":{"rendered":"V\u0113stul\u0113 Valsts prezidentam Ain\u0101rs \u0160lesers aicina aptur\u0113t sabiedr\u012bbas konfront\u0113\u0161anu un naida izpausmes"},"content":{"rendered":"<p>Visbeidzot, \u0160lesers v\u0113stul\u0113 nor\u0101da uz Latvijas sabiedrisk\u0101 medija (LSM) un citu mediju nesl\u0113pti atbalsto\u0161o lomu vienas puses viedok\u013ca atspogu\u013co\u0161an\u0101 un populariz\u0113\u0161an\u0101. Tiek piemin\u0113ts 29. oktobra protests.V\u0113st\u012bts, ka tas tika\u00a0pla\u0161i atspogu\u013cots un reklam\u0113ts LSM port\u0101l\u0101, k\u0101 ar\u012b interneta port\u0101los, kuri sa\u0146em valsts finans\u0113jumu. Piem\u0113ram, divas dienas pirms piketa to akt\u012bvi populariz\u0113ja port\u0101ls TVNET, LTV R\u012bta Panor\u0101ma, k\u0101 ar\u012b VSIA \u201cLatvijas V\u0113stnesis\u201d uztur\u0113tais LV port\u0101ls. Bet \u0161obr\u012bd l\u012bdz\u012bgi tiek izzi\u0146ots n\u0101kamais protesta pas\u0101kums, kas tiks r\u012bkots 6. novembr\u012b, Doma laukum\u0101. Tiek v\u0113st\u012bts, ka neviens opoz\u012bcijas protests nekad nav ticis no t\u0101 propagand\u0113ts k\u0101 \u0161ie vald\u012bbas partiju atbalst\u012btie pas\u0101kumi.<\/p>\n","protected":false},"excerpt":{"rendered":"Visbeidzot, \u0160lesers v\u0113stul\u0113 nor\u0101da uz Latvijas sabiedrisk\u0101 medija (LSM) un citu mediju nesl\u0113pti atbalsto\u0161o lomu vienas puses viedok\u013ca&hellip;\n","protected":false},"author":2,"featured_media":39024,"comment_status":"","ping_status":"","sticky":false,"template":"","format":"standard","meta":{"footnotes":""},"categories":[12],"tags":[23,28,29,32,33,22,30,31,35,39,38,36,37,34,40,20,26,27,24,25,21],"class_list":{"0":"post-39023","1":"post","2":"type-post","3":"status-publish","4":"format-standard","5":"has-post-thumbnail","7":"category-latvija","8":"tag-aktualitates","9":"tag-breaking-news","10":"tag-breakingnews","11":"tag-featured-news","12":"tag-featurednews","13":"tag-headlines","14":"tag-latest-news","15":"tag-latestnews","16":"tag-latvia","17":"tag-latvian","18":"tag-latviesu","19":"tag-latviesu-valoda","20":"tag-latviesuvaloda","21":"tag-latvija","22":"tag-lv","23":"tag-news","24":"tag-popularakas-zinas","25":"tag-popularakaszinas","26":"tag-top-stories","27":"tag-topstories","28":"tag-zinas"},"share_on_mastodon":{"url":"https:\/\/pubeurope.com\/@lv\/115486383405978951","error":""},"_links":{"self":[{"href":"https:\/\/www.europesays.com\/lv\/wp-json\/wp\/v2\/posts\/39023","targetHints":{"allow":["GET"]}}],"collection":[{"href":"https:\/\/www.europesays.com\/lv\/wp-json\/wp\/v2\/posts"}],"about":[{"href":"https:\/\/www.europesays.com\/lv\/wp-json\/wp\/v2\/types\/post"}],"author":[{"embeddable":true,"href":"https:\/\/www.europesays.com\/lv\/wp-json\/wp\/v2\/users\/2"}],"replies":[{"embeddable":true,"href":"https:\/\/www.europesays.com\/lv\/wp-json\/wp\/v2\/comments?post=39023"}],"version-history":[{"count":0,"href":"https:\/\/www.europesays.com\/lv\/wp-json\/wp\/v2\/posts\/39023\/revisions"}],"wp:featuredmedia":[{"embeddable":true,"href":"https:\/\/www.europesays.com\/lv\/wp-json\/wp\/v2\/media\/39024"}],"wp:attachment":[{"href":"https:\/\/www.europesays.com\/lv\/wp-json\/wp\/v2\/media?parent=39023"}],"wp:term":[{"taxonomy":"category","embeddable":true,"href":"https:\/\/www.europesays.com\/lv\/wp-json\/wp\/v2\/categories?post=39023"},{"taxonomy":"post_tag","embeddable":true,"href":"https:\/\/www.europesays.com\/lv\/wp-json\/wp\/v2\/tags?post=39023"}],"curies":[{"name":"wp","href":"https:\/\/api.w.org\/{rel}","templated":true}]}}