{"id":39032,"date":"2025-11-03T15:22:07","date_gmt":"2025-11-03T15:22:07","guid":{"rendered":"https:\/\/www.europesays.com\/lv\/39032\/"},"modified":"2025-11-03T15:22:07","modified_gmt":"2025-11-03T15:22:07","slug":"latvijas-apstrades-rupniecibas-apjomi-septembri-augstakie-pedejo-tris-gadu-laika-raksts","status":"publish","type":"post","link":"https:\/\/www.europesays.com\/lv\/39032\/","title":{"rendered":"Latvijas apstr\u0101des r\u016bpniec\u012bbas apjomi septembr\u012b \u2013 augst\u0101kie p\u0113d\u0113jo tr\u012bs gadu laik\u0101 \/ Raksts"},"content":{"rendered":"<p>\u0160\u0101 gada septembr\u012b apstr\u0101des r\u016bpniec\u012bbas apjomi pieauga par 8,5%, sal\u012bdzinot ar p\u0113rn\u0101 gada septembri, liecina jaun\u0101kie Centr\u0101l\u0101s statistikas p\u0101rvaldes dati. Nozares izaugsme \u0161\u0101 gada devi\u0146u m\u0113ne\u0161u laik\u0101 ir iev\u0113rojama, t\u0101d\u0113j\u0101di septembr\u012b sasniegti augst\u0101kie apjomi kop\u0161 2022. gada j\u016blija, nor\u0101d\u012bja Finan\u0161u ministrij\u0101 (FM).<\/p>\n<p>Septembr\u012b pieaugumu nodro\u0161in\u0101ja tr\u012bs liel\u0101k\u0101s apstr\u0101des r\u016bpniec\u012bbas apak\u0161nozares \u2013 kokr\u016bpniec\u012bba, p\u0101rtikas produktu ra\u017eo\u0161ana un met\u0101lizstr\u0101d\u0101jumu ra\u017eo\u0161ana. Tikm\u0113r kop\u0113j\u0101s r\u016bpniec\u012bbas izaugsme septembr\u012b bijusi par 2 procentpunktiem zem\u0101ka &#8211; 6,5%, ko noteica 28,1% samazin\u0101jums ieguves r\u016bpniec\u012bb\u0101 nelabv\u0113l\u012bgo laikapst\u0101k\u013cu ietekm\u0113 un 0,6% sarukums elektroener\u0123ijas un g\u0101zes apg\u0101d\u0113, skaidroja FM.<\/p>\n<p><a id=\"1\" name=\"1\"\/>\u012apa\u0161i pieaug\u00a0kokr\u016bpniec\u012bba, p\u0101rtikas un met\u0101lizstr\u0101d\u0101jumu ra\u017eo\u0161ana\u00a0<\/p>\n<p>Liel\u0101k\u0101s apstr\u0101des r\u016bpniec\u012bbas apak\u0161nozares \u2013 kokr\u016bpniec\u012bba, p\u0101rtikas produktu ra\u017eo\u0161ana un met\u0101lizstr\u0101d\u0101jumu ra\u017eo\u0161ana, septembr\u012b pieaugu\u0161as attiec\u012bgi par 9,8%, 10,9% un 13,3% pret p\u0113rn\u0101 gada septembri. Noz\u012bm\u012bga izaugsme bijusi ar\u012b maz\u0101kas noz\u012bmes apak\u0161nozar\u0113s.<\/p>\n<p>Poligr\u0101fija un ierakstu reproduc\u0113\u0161ana pieauga par 17%, gumijas un plastmasas izstr\u0101d\u0101jumu ra\u017eo\u0161ana palielin\u0101j\u0101s par 17,6%, datoru, elektronisko un optisko iek\u0101rtu ra\u017eo\u0161ana pieauga par 10,5%, bet automobi\u013ci, piekabes un puspiekabes tika ra\u017eotas par 31,4% vair\u0101k.<\/p>\n<p>No apjomu samazin\u0101jumiem, FM ieskat\u0101, v\u0113rts piemin\u0113t vien dz\u0113rienu ra\u017eo\u0161anas samazin\u0101\u0161anos par 11,8%.<\/p>\n<blockquote>\n<p>Apstr\u0101des r\u016bpniec\u012bbas nozari pozit\u012bvi ietekm\u0113 ar\u012b milit\u0101r\u0101s ra\u017eo\u0161anas aktiviz\u0113\u0161an\u0101s valst\u012b, ko nodro\u0161ina 2025. gada milit\u0101rie izdevumi, kas p\u0113c Aizsardz\u012bbas ministrijas nov\u0113rt\u0113juma sast\u0101da 3,8% no IKP.<\/p>\n<\/blockquote>\n<p>Milit\u0101r\u0101 ra\u017eo\u0161ana statistikas avotos atsevi\u0161\u0137i nav nodal\u012bta, tom\u0113r t\u0101 ietilpst vair\u0101k\u0101s no jau min\u0113taj\u0101m apstr\u0101des r\u016bpniec\u012bbas apak\u0161nozar\u0113m, piem\u0113ram, autob\u016bv\u0113 un datoru\/elektronikas ra\u017eo\u0161an\u0101, piebilda FM.<\/p>\n<p><a id=\"2\" name=\"2\"\/>Devi\u0146os m\u0113ne\u0161os apstr\u0101des r\u016bpniec\u012bba pieaugusi par 5,2%<\/p>\n<p>Savuk\u0101rt \u0161\u0101 gada devi\u0146os m\u0113ne\u0161os kop\u0101 apstr\u0101des r\u016bpniec\u012bba pieauga par 5,2%, bet kop\u0113j\u0101 r\u016bpniec\u012bba palielin\u0101j\u0101s par 3,7% pret p\u0113rn\u0101 gada devi\u0146iem m\u0113ne\u0161iem. FM atz\u012bm\u0113ja, ka kop\u0113j\u0101 r\u016bpniec\u012bba augusi l\u0113n\u0101k samazin\u0101jumu ieguves r\u016bpniec\u012bb\u0101 un elektroener\u0123ijas un g\u0101zes apg\u0101d\u0113 d\u0113\u013c, attiec\u012bgi par 13,9% un 2,3%.<\/p>\n<blockquote>\n<p>Apstr\u0101des r\u016bpniec\u012bbas izaugsmi devi\u0146os m\u0113ne\u0161os nodro\u0161in\u0101ja kokr\u016bpniec\u012bba, p\u0101rtikas produktu ra\u017eo\u0161ana un nemet\u0101lisko miner\u0101lu izstr\u0101d\u0101jumu ra\u017eo\u0161ana.<\/p>\n<\/blockquote>\n<p>Elektroener\u0123ijas un g\u0101zes apg\u0101de, kas aiz\u0146em 13,7% no kop\u0113j\u0101s r\u016bpniec\u012bbas, \u0161\u0101 gada septembr\u012b gada griezum\u0101 saruka par 0,6%. To ietekm\u0113jis g\u0101zes pat\u0113ri\u0146a samazin\u0101jums par 20,4% un elektroener\u0123ijas ra\u017eo\u0161anas pieaugums par 9,6%, nor\u0101d\u012bja FM.<\/p>\n<p>Elektroener\u0123ijas ra\u017eo\u0161anas pieaugumu nodro\u0161in\u0101ja hidroelektrostaciju izlaide, kas bija vair\u0101k nek\u0101 divas reizes liel\u0101ka, sal\u012bdzinot ar p\u0113rn\u0101 gada septembri galvenok\u0101rt laikapst\u0101k\u013cu ietekm\u0113. Ar\u012b ar saules ener\u0123iju septembr\u012b sara\u017eots par 53% vair\u0101k elektroener\u0123ijas nek\u0101 gadu iepriek\u0161. Tikm\u0113r ko\u0123ener\u0101ciju staciju izlaide saruka par 33,9%.<\/p>\n<p>FM l\u0113sa, ka, turpinoties apstr\u0101des r\u016bpniec\u012bbas straujai izaugsmei \u0161\u0101 gada p\u0113d\u0113j\u0101 ceturksn\u012b, 2025. gad\u0101 kop\u0101 ra\u017eo\u0161anas apjomi var\u0113tu pieaugt par 6,0 \u2013 6,5%. Da\u013cu no apjomu pieauguma sast\u0101d\u012bs ra\u017eo\u0161ana valsts aizsardz\u012bbas vajadz\u012bb\u0101m, n\u0101kamajos gados tai k\u013c\u016bstot ar vien liel\u0101kai un veicinot nozares izaugsmi.<\/p>\n<p><a id=\"3\" name=\"3\"\/>Lab\u0101k kl\u0101j\u0101s\u00a0eksporta tirgos<\/p>\n<p>&#8220;Luminor&#8221; bankas ekonomists P\u0113teris Strauti\u0146\u0161 atz\u012bm\u0113ja, ka r\u016bpniec\u012bbas apgroz\u012bjuma dati r\u0101da, ka p\u0101rdo\u0161ana eksport\u0101 septembr\u012b augusi par 12,9%, bet iek\u0161\u0113j\u0101 tirg\u016b par 7,5%.<\/p>\n<p>&#8220;Eksporta tirgu noz\u012bmes pieaugums ilg\u0101k\u0101 laik\u0101 ir likumsakar\u012bgs, jo att\u012bst\u012bba noz\u012bm\u0113 dzi\u013c\u0101ku specializ\u0101ciju k\u0101du produktu ra\u017eo\u0161an\u0101, kas savuk\u0101rt samazina viet\u0113j\u0101 tirg\u016b p\u0101rdodamo da\u013cu. Ta\u010du ar\u012b iek\u0161\u0113jais tirgus ir svar\u012bgs, \u0161ogad, bet jo \u012bpa\u0161i kop\u0161 gada vidus uzlabojas t\u0101 perspekt\u012bvas,&#8221; kl\u0101st\u012bja Strauti\u0146\u0161.<\/p>\n<p>Vi\u0146\u0161 nor\u0101d\u012bja, ka uzlabojies ir ne tikai pat\u0113r\u0113t\u0101ju noska\u0146ojums, bet ar\u012b roc\u012bba.<\/p>\n<p>&#8220;Aug algas, aug ar\u012b m\u0101jsaimniec\u012bbu kredit\u0113\u0161ana, kas septembr\u012b gada griezum\u0101 pieauga par 8,9%, tas ir strauj\u0101kais temps kop\u0161 2008.\u00a0gada. Ar\u012b valsts ir <a href=\"https:\/\/www.lsm.lv\/raksts\/zinas\/ekonomika\/14.10.2025-altum-saks-izsniegt-kreditus-majokla-iegadei-iedzivotajiem-regionos.a618128\/\" class=\"lsm-link\" data-type=\"article\" data-id=\"618128\" rel=\"nofollow noopener\" target=\"_blank\">tie\u0161i iesaist\u012bjusies m\u0101jok\u013cu att\u012bst\u012bbas<\/a> finans\u0113\u0161an\u0101. T\u0101tad kokmateri\u0101liem, met\u0101la konstrukcij\u0101m, cementam, plastmasas izstr\u0101d\u0101jumiem u.c. celtniec\u012bbai paredz\u0113tiem produktiem b\u016bs liel\u0101ks noiets ne tikai eksport\u0101,&#8221; sprieda Strauti\u0146\u0161.<\/p>\n<p>Latvijas Bankas ekonomiste Agnese Pu\u0137e atzina:\u00a0Latvijas ra\u017eot\u0101ju kapacit\u0101te ir k\u013cuvusi sp\u0113c\u012bg\u0101ka. &#8220;Lai gan \u0161\u012b gada 1.\u00a0pusgads invest\u012bciju apstr\u0101des r\u016bpniec\u012bb\u0101 zi\u0146\u0101 nav tik iedvesmojo\u0161s k\u0101 p\u0113rnais,<\/p>\n<blockquote>\n<p>tom\u0113r iepriek\u0161\u0113jo gadu kop\u0113j\u0101s invest\u012bcijas ir biju\u0161as iespaid\u012bgas\u00a0un pamaz\u0101m tas atbalsojas\/atbalsosies ar\u012b ra\u017eo\u0161anas apjomos un eksport\u0101.&#8221;<\/p>\n<\/blockquote>\n<p><a id=\"4\" name=\"4\"\/>Prognoz\u0113 m\u0113ren\u0101ku k\u0101pumu eksport\u0101<\/p>\n<p>Ar\u012b &#8220;Swedbank&#8221; ekonomiste\u00a0Agnese Buceniece atzina, ka vairumam apstr\u0101des r\u016bpniec\u012bbas uz\u0146\u0113mumu eksport\u0101 \u0161ogad ir kl\u0101jies gana labi.<\/p>\n<p>&#8220;Bet, vai un cik ilgi tas turpin\u0101sies? Pa\u0161i uz\u0146\u0113mumi, izskat\u0101s, k\u013c\u016bst piesardz\u012bg\u0101ki. Iel\u016bkojoties Eiropas Komisijas public\u0113tajos aptauju datos par noska\u0146ojumu apstr\u0101des r\u016bpniec\u012bb\u0101, ra\u017eo\u0161anas apjomi gada atliku\u0161ajos m\u0113ne\u0161os v\u0113l izskat\u0101s gana labi, ar k\u0101puma tendenci.<\/p>\n<blockquote>\n<p>Tom\u0113r vienlaic\u012bgi ar\u012b redzam, ka ra\u017eot\u0101ju v\u0113rt\u0113jums gan par kop\u0113jiem pas\u016bt\u012bjumiem, gan eksporta pas\u016bt\u012bjumiem k\u013c\u016bst mazliet piezem\u0113t\u0101ks.<\/p>\n<\/blockquote>\n<p>Lab\u0101 zi\u0146a, ka \u0161ie r\u0101d\u012bt\u0101ji joproj\u0101m ir pie ilgtermi\u0146a vid\u0113j\u0101. Ne tik lab\u0101 zi\u0146a \u2013 jau vair\u0101kus m\u0113ne\u0161us neredzam uzlabojumu, un oktobra aptauj\u0101 par\u0101d\u012bj\u0101s neliels kritums. Viena no nozar\u0113m, kur pas\u016bt\u012bjumu kritums ir iez\u012bm\u0113jies spilgt\u0101k, ir nemet\u0101lisko miner\u0101lu izstr\u0101d\u0101jumu ra\u017eo\u0161ana. J\u0101atz\u012bst, ka \u0161ai nozarei, kura vismaz da\u013c\u0113ji ir atkar\u012bga no piepras\u012bjuma b\u016bvniec\u012bb\u0101, ir tipiskas diezgan lielas sv\u0101rst\u012bbas pas\u016bt\u012bjumu apjomos,&#8221; sac\u012bja ekonomiste.<\/p>\n<p>&#8220;T\u0101s, protams, var b\u016bt \u012bstermi\u0146a sv\u0101rst\u012bbas pas\u016bt\u012bjumos. Tom\u0113r \u0146emot v\u0113r\u0101 glob\u0101lo fonu un prognozes par pasaules tirdzniec\u012bbas k\u0101puma b\u016btisku bremz\u0113\u0161anos, varam sagaid\u012bt, ka n\u0101kamgad apstr\u0101des r\u016bpniec\u012bbas k\u0101pums k\u013c\u016bs l\u0113n\u0101ks.&#8221;<\/p>\n","protected":false},"excerpt":{"rendered":"\u0160\u0101 gada septembr\u012b apstr\u0101des r\u016bpniec\u012bbas apjomi pieauga par 8,5%, sal\u012bdzinot ar p\u0113rn\u0101 gada septembri, liecina jaun\u0101kie Centr\u0101l\u0101s statistikas&hellip;\n","protected":false},"author":2,"featured_media":39033,"comment_status":"","ping_status":"","sticky":false,"template":"","format":"standard","meta":{"footnotes":""},"categories":[12],"tags":[23,28,29,32,33,22,30,31,35,39,38,36,37,34,40,20,26,27,24,25,21],"class_list":{"0":"post-39032","1":"post","2":"type-post","3":"status-publish","4":"format-standard","5":"has-post-thumbnail","7":"category-latvija","8":"tag-aktualitates","9":"tag-breaking-news","10":"tag-breakingnews","11":"tag-featured-news","12":"tag-featurednews","13":"tag-headlines","14":"tag-latest-news","15":"tag-latestnews","16":"tag-latvia","17":"tag-latvian","18":"tag-latviesu","19":"tag-latviesu-valoda","20":"tag-latviesuvaloda","21":"tag-latvija","22":"tag-lv","23":"tag-news","24":"tag-popularakas-zinas","25":"tag-popularakaszinas","26":"tag-top-stories","27":"tag-topstories","28":"tag-zinas"},"share_on_mastodon":{"url":"https:\/\/pubeurope.com\/@lv\/115486454140983280","error":""},"_links":{"self":[{"href":"https:\/\/www.europesays.com\/lv\/wp-json\/wp\/v2\/posts\/39032","targetHints":{"allow":["GET"]}}],"collection":[{"href":"https:\/\/www.europesays.com\/lv\/wp-json\/wp\/v2\/posts"}],"about":[{"href":"https:\/\/www.europesays.com\/lv\/wp-json\/wp\/v2\/types\/post"}],"author":[{"embeddable":true,"href":"https:\/\/www.europesays.com\/lv\/wp-json\/wp\/v2\/users\/2"}],"replies":[{"embeddable":true,"href":"https:\/\/www.europesays.com\/lv\/wp-json\/wp\/v2\/comments?post=39032"}],"version-history":[{"count":0,"href":"https:\/\/www.europesays.com\/lv\/wp-json\/wp\/v2\/posts\/39032\/revisions"}],"wp:featuredmedia":[{"embeddable":true,"href":"https:\/\/www.europesays.com\/lv\/wp-json\/wp\/v2\/media\/39033"}],"wp:attachment":[{"href":"https:\/\/www.europesays.com\/lv\/wp-json\/wp\/v2\/media?parent=39032"}],"wp:term":[{"taxonomy":"category","embeddable":true,"href":"https:\/\/www.europesays.com\/lv\/wp-json\/wp\/v2\/categories?post=39032"},{"taxonomy":"post_tag","embeddable":true,"href":"https:\/\/www.europesays.com\/lv\/wp-json\/wp\/v2\/tags?post=39032"}],"curies":[{"name":"wp","href":"https:\/\/api.w.org\/{rel}","templated":true}]}}