{"id":39034,"date":"2025-11-03T15:27:09","date_gmt":"2025-11-03T15:27:09","guid":{"rendered":"https:\/\/www.europesays.com\/lv\/39034\/"},"modified":"2025-11-03T15:27:09","modified_gmt":"2025-11-03T15:27:09","slug":"pedejo-cetru-gadu-laika-lietuva-latvija-un-polija-liegusas-200-000-migrantu-ieklut-eiropas-savieniba-raksts","status":"publish","type":"post","link":"https:\/\/www.europesays.com\/lv\/39034\/","title":{"rendered":"P\u0113d\u0113jo \u010detru gadu laik\u0101 Lietuva, Latvija un Polija liegu\u0161as 200 000 migrantu iek\u013c\u016bt Eiropas Savien\u012bb\u0101 \/ Raksts"},"content":{"rendered":"<p>Lietuvas robe\u017esardze pazi\u0146ojusi, ka p\u0113d\u0113jo \u010detru gadu laik\u0101, kop\u0161 Baltkrievija izrais\u012bja migr\u0101cijas kr\u012bzi, Lietuva, Latvija un Polija ir liegu\u0161as\u00a0200 000 migrantu\u00a0iek\u013c\u016bt Eiropas Savien\u012bb\u0101 (ES).<\/p>\n<p>Pirmdien jau otro dienu p\u0113c k\u0101rtas Lietuv\u0101 nav fiks\u0113ti migrantu nelikum\u012bgi m\u0113\u0123in\u0101jumi iek\u013c\u016bt valst\u012b no Baltkrievijas teritorijas. \u0160obr\u012bd Minska neizmanto migr\u0101ciju k\u0101 spiediena l\u012bdzekli, jo priek\u0161pl\u0101n\u0101 izvirz\u012bjies str\u012bds, kura pamat\u0101 ir p\u0113d\u0113j\u0101 m\u0113ne\u0161a laik\u0101 fiks\u0113tie gad\u012bjumi, kad Lietuvas gaisa telp\u0101 no Baltkrievijas ielidoju\u0161i\u00a0kontrabandas gaisa baloni.<\/p>\n<blockquote>\n<p>Lietuvas robe\u017esardzes v\u0113rt\u0113jum\u0101 b\u016btisk\u0101kais l\u016bzuma punkts c\u012b\u0146\u0101 ar Baltkrievijas rad\u012bto migr\u0101cijas kr\u012bzi bija pirms \u010detriem gadiem pie\u0146emtais l\u0113mums atteikt migrantiem \u0161\u0137\u0113rsot robe\u017eu.<\/p>\n<\/blockquote>\n<p>Lai ilustr\u0113tu \u0161\u0101das politikas pan\u0101kumu, Lietuvas robe\u017esargi sav\u0101 pazi\u0146ojum\u0101 iek\u013c\u0101vu\u0161i ar\u012b statistiku par Poliju un Latviju. Un uz \u0161o abu valstu fona aizvad\u012bto \u010detru gadu laik\u0101 to cilv\u0113ku skaits, kuriem Lietuva piespiedusi doties atpaka\u013c, ir maz\u0101ks, konkr\u0113t\u0101k,\u00a024 508.<\/p>\n<p>Lietuvas public\u0113taj\u0101 pazi\u0146ojum\u0101 min\u0113ts, ka \u010detru gadu laik\u0101 Latvija \u0161\u0101d\u0101 veid\u0101 piespiedusi doties atpaka\u013c 39 724 cilv\u0113ku. P\u0113c Latvijas Valsts robe\u017esardzes datiem, \u0161ogad vien no Latvijas-Baltkrievijas robe\u017eas nelikum\u012bgas \u0161\u0137\u0113rso\u0161anas attur\u0113ti jau 11 234 cilv\u0113ki.<\/p>\n<p>Turkl\u0101t situ\u0101ciju pal\u012bdz kontrol\u0113t ar\u012b \u017eogs uz robe\u017eas un nov\u0113ro\u0161anas sist\u0113mas. P\u0113c Lietuvas robe\u017esargu teikt\u0101, \u0161obr\u012bd Lietuv\u0101 no Baltkrievijas teritorijas cen\u0161as iek\u013c\u016bt v\u012brie\u0161i vecum\u0101 no 20 l\u012bdz 40 gadiem, m\u0113\u0123inot izvair\u012bties no kontakta ar robe\u017esargiem.<\/p>\n<p>                    Valodas k\u013c\u016bda rakst\u0101?<\/p>\n<p class=\"d-none d-md-block\">Iez\u012bm\u0113jiet tekstu un spiediet Ctrl+Enter, lai nos\u016bt\u012btu labojamo teksta fragmentu redaktoram! Par faktu k\u013c\u016bd\u0101m l\u016bdzam zi\u0146ot e-past\u0101 <a href=\"https:\/\/www.lsm.lv\/cdn-cgi\/l\/email-protection\" class=\"__cf_email__\" data-cfemail=\"532136373238303a3932133f203e7d3f25\" rel=\"nofollow noopener\" target=\"_blank\">[email\u00a0protected]<\/a>.<\/p>\n<p class=\"d-md-none\">Iez\u012bm\u0113jiet tekstu un spiediet uz Zi\u0146ot par k\u013c\u016bdu pogas, lai nos\u016bt\u012btu labojamo teksta fragmentu redaktoram!<\/p>\n<p>\n                    Zi\u0146ot par k\u013c\u016bdu\n                <\/p>\n","protected":false},"excerpt":{"rendered":"Lietuvas robe\u017esardze pazi\u0146ojusi, ka p\u0113d\u0113jo \u010detru gadu laik\u0101, kop\u0161 Baltkrievija izrais\u012bja migr\u0101cijas kr\u012bzi, Lietuva, Latvija un Polija ir&hellip;\n","protected":false},"author":2,"featured_media":39035,"comment_status":"","ping_status":"","sticky":false,"template":"","format":"standard","meta":{"footnotes":""},"categories":[14],"tags":[23,57,28,29,32,33,22,30,31,35,39,38,36,37,34,40,20,26,27,24,25,54,55,56,21,58],"class_list":{"0":"post-39034","1":"post","2":"type-post","3":"status-publish","4":"format-standard","5":"has-post-thumbnail","7":"category-zinas-no-arvalstim","8":"tag-aktualitates","9":"tag-arvalstim","10":"tag-breaking-news","11":"tag-breakingnews","12":"tag-featured-news","13":"tag-featurednews","14":"tag-headlines","15":"tag-latest-news","16":"tag-latestnews","17":"tag-latvia","18":"tag-latvian","19":"tag-latviesu","20":"tag-latviesu-valoda","21":"tag-latviesuvaloda","22":"tag-latvija","23":"tag-lv","24":"tag-news","25":"tag-popularakas-zinas","26":"tag-popularakaszinas","27":"tag-top-stories","28":"tag-topstories","29":"tag-world","30":"tag-world-news","31":"tag-worldnews","32":"tag-zinas","33":"tag-zinas-no-arvalstim"},"share_on_mastodon":{"url":"https:\/\/pubeurope.com\/@lv\/115486473866719149","error":""},"_links":{"self":[{"href":"https:\/\/www.europesays.com\/lv\/wp-json\/wp\/v2\/posts\/39034","targetHints":{"allow":["GET"]}}],"collection":[{"href":"https:\/\/www.europesays.com\/lv\/wp-json\/wp\/v2\/posts"}],"about":[{"href":"https:\/\/www.europesays.com\/lv\/wp-json\/wp\/v2\/types\/post"}],"author":[{"embeddable":true,"href":"https:\/\/www.europesays.com\/lv\/wp-json\/wp\/v2\/users\/2"}],"replies":[{"embeddable":true,"href":"https:\/\/www.europesays.com\/lv\/wp-json\/wp\/v2\/comments?post=39034"}],"version-history":[{"count":0,"href":"https:\/\/www.europesays.com\/lv\/wp-json\/wp\/v2\/posts\/39034\/revisions"}],"wp:featuredmedia":[{"embeddable":true,"href":"https:\/\/www.europesays.com\/lv\/wp-json\/wp\/v2\/media\/39035"}],"wp:attachment":[{"href":"https:\/\/www.europesays.com\/lv\/wp-json\/wp\/v2\/media?parent=39034"}],"wp:term":[{"taxonomy":"category","embeddable":true,"href":"https:\/\/www.europesays.com\/lv\/wp-json\/wp\/v2\/categories?post=39034"},{"taxonomy":"post_tag","embeddable":true,"href":"https:\/\/www.europesays.com\/lv\/wp-json\/wp\/v2\/tags?post=39034"}],"curies":[{"name":"wp","href":"https:\/\/api.w.org\/{rel}","templated":true}]}}