{"id":39044,"date":"2025-11-03T15:34:08","date_gmt":"2025-11-03T15:34:08","guid":{"rendered":"https:\/\/www.europesays.com\/lv\/39044\/"},"modified":"2025-11-03T15:34:08","modified_gmt":"2025-11-03T15:34:08","slug":"premjere-silina-ka-alvis-hermanis-panaks-ekonomikas-attistibu-ar-teatri","status":"publish","type":"post","link":"https:\/\/www.europesays.com\/lv\/39044\/","title":{"rendered":"Premjere Sili\u0146a: K\u0101 Alvis Hermanis pan\u0101ks ekonomikas att\u012bst\u012bbu? Ar te\u0101tri?"},"content":{"rendered":"<p class=\"descr\">Diskusija ir laba lieta, bet svar\u012bgi, kur t\u0101 aizved, k\u0101ds ir rezult\u0101ts \u2013 koment\u0113jot Jaun\u0101 R\u012bgas te\u0101tra vad\u012bt\u0101ja Alvja Herma\u0146a izveidot\u0101s politisk\u0101s kust\u012bbas \u201cBez partij\u0101m\u201d kritiku un uzst\u0101d\u012bjumus, TV24 raid\u012bjum\u0101 \u201cNed\u0113\u013ca. Post scriptum\u201d atzina Ministru prezidente Evika Sili\u0146a (JV).<\/p>\n<blockquote><p>Jau pierasts, ka, tuvojoties Saeimas v\u0113l\u0113\u0161an\u0101m, par\u0101d\u0101s k\u0101ds jauns <a href=\"https:\/\/nra.lv\/neatkariga\/komentari\/bens-latkovskis\/504625-velesanu-sistemas-maina-latvija-hermana-un-domubiedru-piedavajums.htm\" data-item-link=\"true\" data-item-id=\"504625\" rel=\"nofollow noopener\" target=\"_blank\">politiskais sp\u0113ks<\/a>. \u0160oreiz t\u0101 ir politisk\u0101 kust\u012bba \u201cBez partij\u0101m\u201d, kas nevair\u0101s kritiz\u0113t gan premjeri, gan pa\u0161reiz\u0113jo v\u0113l\u0113\u0161anu sist\u0113mu. \u201cEs dom\u0101ju, ka demokr\u0101tisk\u0101 sabiedr\u012bb\u0101 ir norm\u0101li, ka ir diskusijas, ka par\u0101d\u0101s jauni veidojumi, ka cilv\u0113ki ir politiski akt\u012bvi,\u201d sprie\u017e Sili\u0146a. \u201cVienm\u0113r jau uzman\u012bbu var g\u016bt, kritiz\u0113jot t\u0101 br\u012b\u017ea l\u012bderus, vald\u012bbas vad\u012bt\u0101jus. Man \u0161\u0137iet, ka ar\u012b pie \u0161\u012b jau ir pierasts.\u201d<\/p><\/blockquote>\n<p>Koment\u0113jot ierosin\u0101jumu main\u012bt v\u0113l\u0113\u0161anu sist\u0113mu, premjere ap\u0161auba, vai tas pal\u012bdz\u0113s att\u012bst\u012bt ekonomiku Latvij\u0101. \u201cEs nezinu, vai v\u0113l\u0113\u0161anu sist\u0113mas mai\u0146a var pan\u0101kt to rezult\u0101tu, ko m\u0113s visi gaid\u0101m\u2026 K\u0101 <a href=\"https:\/\/nra.lv\/tautaruna\/slavenibas\/505707-alvis-hermanis-sanem-bridinajumu-par-jrt-finansu-parkapumiem.htm\" data-item-link=\"true\" data-item-id=\"505707\" rel=\"nofollow noopener\" target=\"_blank\">Alvis Hermanis<\/a> pan\u0101ks ekonomikas att\u012bst\u012bbu? Ar te\u0101tri? Mums jau bija laiks, kad cilv\u0113ki balsoja par kult\u016bras darbiniekiem, aktieriem, sportistiem, bet vi\u0146iem diezgan gr\u016bti g\u0101ja vald\u012bb\u0101. Saeim\u0101 varb\u016bt ir mazliet cit\u0101d\u0101k, bet izpildvar\u0101, mened\u017ement\u0101 ir gr\u016bti, ja tev nav to zin\u0101\u0161anu par vad\u012bbu un ja nav profesion\u0101lo prasmju. Svar\u012bgi, lai m\u0113s diskut\u0113jam, bet neaizraujamies ar procesa mai\u0146\u0101m. Galvenais ir rezult\u0101ts,\u201d teic Sili\u0146a.<\/p>\n<p>\t\t\t\t\t\tinfo<\/p>\n<p>Uzzini pirmais<br \/>kas interesants noticis Latvij\u0101 un pasaul\u0113,<br \/>pievienojoties mums <a href=\"https:\/\/t.me\/neatkariga\" rel=\"nofollow\">Telegram<\/a> vai <a href=\"https:\/\/whatsapp.com\/channel\/0029VaMLFUH5K3zLU5s4wm3y\" rel=\"nofollow noopener\" target=\"_blank\">Whatsapp<\/a> kan\u0101l\u0101<\/p>\n","protected":false},"excerpt":{"rendered":"Diskusija ir laba lieta, bet svar\u012bgi, kur t\u0101 aizved, k\u0101ds ir rezult\u0101ts \u2013 koment\u0113jot Jaun\u0101 R\u012bgas te\u0101tra vad\u012bt\u0101ja&hellip;\n","protected":false},"author":2,"featured_media":39045,"comment_status":"","ping_status":"","sticky":false,"template":"","format":"standard","meta":{"footnotes":""},"categories":[12],"tags":[23,28,29,32,33,22,30,31,35,39,38,36,37,34,40,20,26,27,24,25,21],"class_list":{"0":"post-39044","1":"post","2":"type-post","3":"status-publish","4":"format-standard","5":"has-post-thumbnail","7":"category-latvija","8":"tag-aktualitates","9":"tag-breaking-news","10":"tag-breakingnews","11":"tag-featured-news","12":"tag-featurednews","13":"tag-headlines","14":"tag-latest-news","15":"tag-latestnews","16":"tag-latvia","17":"tag-latvian","18":"tag-latviesu","19":"tag-latviesu-valoda","20":"tag-latviesuvaloda","21":"tag-latvija","22":"tag-lv","23":"tag-news","24":"tag-popularakas-zinas","25":"tag-popularakaszinas","26":"tag-top-stories","27":"tag-topstories","28":"tag-zinas"},"share_on_mastodon":{"url":"https:\/\/pubeurope.com\/@lv\/115486501273299419","error":""},"_links":{"self":[{"href":"https:\/\/www.europesays.com\/lv\/wp-json\/wp\/v2\/posts\/39044","targetHints":{"allow":["GET"]}}],"collection":[{"href":"https:\/\/www.europesays.com\/lv\/wp-json\/wp\/v2\/posts"}],"about":[{"href":"https:\/\/www.europesays.com\/lv\/wp-json\/wp\/v2\/types\/post"}],"author":[{"embeddable":true,"href":"https:\/\/www.europesays.com\/lv\/wp-json\/wp\/v2\/users\/2"}],"replies":[{"embeddable":true,"href":"https:\/\/www.europesays.com\/lv\/wp-json\/wp\/v2\/comments?post=39044"}],"version-history":[{"count":0,"href":"https:\/\/www.europesays.com\/lv\/wp-json\/wp\/v2\/posts\/39044\/revisions"}],"wp:featuredmedia":[{"embeddable":true,"href":"https:\/\/www.europesays.com\/lv\/wp-json\/wp\/v2\/media\/39045"}],"wp:attachment":[{"href":"https:\/\/www.europesays.com\/lv\/wp-json\/wp\/v2\/media?parent=39044"}],"wp:term":[{"taxonomy":"category","embeddable":true,"href":"https:\/\/www.europesays.com\/lv\/wp-json\/wp\/v2\/categories?post=39044"},{"taxonomy":"post_tag","embeddable":true,"href":"https:\/\/www.europesays.com\/lv\/wp-json\/wp\/v2\/tags?post=39044"}],"curies":[{"name":"wp","href":"https:\/\/api.w.org\/{rel}","templated":true}]}}