{"id":39048,"date":"2025-11-03T15:38:08","date_gmt":"2025-11-03T15:38:08","guid":{"rendered":"https:\/\/www.europesays.com\/lv\/39048\/"},"modified":"2025-11-03T15:38:08","modified_gmt":"2025-11-03T15:38:08","slug":"lina-liva-iecelta-par-as-ekspress-grupp-jauno-izpilddirektori-sola-digitalo-transformaciju-lente-lv","status":"publish","type":"post","link":"https:\/\/www.europesays.com\/lv\/39048\/","title":{"rendered":"L\u012bna L\u012bva iecelta par AS &#8220;Ekspress Grupp&#8221; jauno izpilddirektori, sola digit\u0101lo transform\u0101ciju\u00a0\u2014\u00a0Lente.lv"},"content":{"rendered":"<p>AS &#8220;Ekspress Grupp&#8221; iece\u013c L\u012bnu L\u012bvu par jauno izpilddirektori<\/p>\n<p>Vado\u0161\u0101 mediju grupa Baltij\u0101, AS &#8220;Ekspress Grupp&#8221;, ir pazi\u0146ojusi par noz\u012bm\u012bg\u0101m p\u0101rmai\u0146\u0101m sav\u0101 vad\u012bb\u0101. L\u012bna L\u012bva iecelta jaunaj\u0101 amat\u0101 k\u0101 uz\u0146\u0113muma valdes locekle un izpilddirektore, st\u0101joties sp\u0113k\u0101 nekav\u0113joties. \u0160is solis ir strat\u0113\u0123iski svar\u012bgs &#8220;Ekspress Grupp&#8221; t\u0101l\u0101kai izaugsmei un att\u012bst\u012bbai re\u0123ion\u0101. L\u012bvas pla\u0161\u0101 pieredze ir iev\u0113rojama, un tiek prognoz\u0113ts, ka vi\u0146a sp\u0113s ieviest jaunas v\u0113smas un veicin\u0101t inovat\u012bvus risin\u0101jumus dinamiskaj\u0101 mediju vid\u0113.<\/p>\n<p>Starptautiska pieredze un l\u012bdera sp\u0113jas<\/p>\n<p>L\u012bna L\u012bva pievienojas &#8220;Ekspress Grupp&#8221; ar bag\u0101t\u012bgu starptautisku pieredzi, kas aptver da\u017e\u0101dus biznesa virzienus, tostarp biznesa att\u012bst\u012bbu, m\u0101rketingu un komunik\u0101cijas vad\u012bbu. Vi\u0146as iepriek\u0161\u0113j\u0101 karjera apliecina sp\u0113ju veiksm\u012bgi vad\u012bt sare\u017e\u0123\u012btus projektus un sasniegt izvirz\u012btos m\u0113r\u0137us da\u017e\u0101d\u0101s organiz\u0101cij\u0101s. \u0160\u012b pieredze ir \u012bpa\u0161i v\u0113rt\u012bga mediju industrij\u0101, kas past\u0101v\u012bgi main\u0101s un prasa sp\u0113ju \u0101tri adapt\u0113ties jaun\u0101m tendenc\u0113m un tehnolo\u0123ij\u0101m. L\u012bvas vad\u012bbas stils tiek rakturots k\u0101 uz rezult\u0101tu orient\u0113ts, vienlaikus veicinot rado\u0161u un motiv\u0113jo\u0161u darba vidi. Vi\u0146as starptautiskais skat\u012bjums \u013caus &#8220;Ekspress Grupp&#8221; stiprin\u0101t savas poz\u012bcijas ne tikai Baltijas, bet ar\u012b pla\u0161\u0101k\u0101 Eiropas tirg\u016b. \u0160\u0101das p\u0101rmai\u0146as vad\u012bb\u0101 bie\u017ei vien ir k\u0101 gr\u016bdiens uz\u0146\u0113muma att\u012bst\u012bbai, l\u012bdz\u012bgi k\u0101 jauns dzin\u0113jsp\u0113ks automa\u0161\u012bnai, kas \u013cauj tai braukt \u0101tr\u0101k un efekt\u012bv\u0101k.<\/p>\n<p>Strat\u0113\u0123iskais skat\u012bjums un n\u0101kotnes v\u012bzija<\/p>\n<p>AS &#8220;Ekspress Grupp&#8221; ir ap\u0146\u0113m\u012bbas pilna turpin\u0101t savu izaugsmi, un L\u012bvas iecel\u0161ana amat\u0101 ir da\u013ca no pla\u0161\u0101kas strat\u0113\u0123ijas, kuras m\u0113r\u0137is ir nostiprin\u0101t uz\u0146\u0113muma l\u012bderpoz\u012bcijas. Vi\u0146a pl\u0101no piev\u0113rst \u012bpa\u0161u uzman\u012bbu digit\u0101lajai transform\u0101cijai, satura inov\u0101cij\u0101m un jaunu auditoriju piesaistei. &#8220;M\u016bsu m\u0113r\u0137is ir ne tikai saglab\u0101t eso\u0161\u0101s poz\u012bcijas, bet ar\u012b atrast jaunus veidus, k\u0101 sasniegt m\u016bsu auditoriju un nodro\u0161in\u0101t vi\u0146iem kvalitat\u012bvu un interesantu saturu,&#8221; uzsv\u0113ra L\u012bva sav\u0101 pirmaj\u0101 koment\u0101r\u0101 p\u0113c iecel\u0161anas. &#8220;Esmu saj\u016bsmin\u0101ta par iesp\u0113ju str\u0101d\u0101t ar tik talant\u012bgu un pieredz\u0113ju\u0161u komandu un kop\u012bgi veidot mediju n\u0101kotni Baltij\u0101.&#8221; Vi\u0146as v\u012bzija ietver ar\u012b eso\u0161o z\u012bmolu stiprin\u0101\u0161anu un jaunu, inovat\u012bvu mediju produktu att\u012bst\u012b\u0161anu, kas atbilstu m\u016bsdienu pat\u0113r\u0113t\u0101ju pras\u012bb\u0101m. \u0160is ir aizraujo\u0161s laiks gan uz\u0146\u0113mumam, gan visai mediju nozarei kopum\u0101.<\/p>\n<p>Iepriek\u0161\u0113j\u0101 pieredze un pan\u0101kumi<\/p>\n<p>Pirms pievieno\u0161an\u0101s &#8220;Ekspress Grupp&#8221;, L\u012bna L\u012bva ir ie\u0146\u0113musi vado\u0161us amatus vair\u0101k\u0101s starptautisk\u0101s komp\u0101nij\u0101s, kur vi\u0146a ir demonstr\u0113jusi izcilas sp\u0113jas biznesa strat\u0113\u0123iju izstr\u0101d\u0113 un \u012bsteno\u0161an\u0101. Vi\u0146as veiksm\u012bgie projekti ir biju\u0161i saist\u012bti ar z\u012bmolu att\u012bst\u012bbu, tirgus izp\u0113ti un jaunu biznesa virzienu atv\u0113r\u0161anu. L\u012bvas sp\u0113ja analiz\u0113t tirgus tendences un piel\u0101goties main\u012bgajiem apst\u0101k\u013ciem ir \u013c\u0101vusi vi\u0146ai g\u016bt pan\u0101kumus pat \u013coti konkur\u0113tsp\u0113j\u012bg\u0101s nozar\u0113s. Vi\u0146a ir paz\u012bstama ar savu sp\u0113ju motiv\u0113t komandas un rad\u012bt pozit\u012bvu darba atmosf\u0113ru, kas veicina efektivit\u0101ti un inov\u0101cijas. \u0160\u0101da l\u012bdera kl\u0101tb\u016btne sniedz stabilu pamatu turpm\u0101kajai att\u012bst\u012bbai un uz\u0146\u0113muma v\u0113rt\u012bbas palielin\u0101\u0161anai.<\/p>\n<p>N\u0101kotnes perspekt\u012bvas un izaicin\u0101jumi<\/p>\n<p>L\u012bnas L\u012bvas iecel\u0161ana izpilddirektores amat\u0101 ir skaidrs sign\u0101ls par &#8220;Ekspress Grupp&#8221; amb\u012bcij\u0101m un gatav\u012bbu risin\u0101t n\u0101kotnes izaicin\u0101jumus. Mediju vide ir nep\u0101rtraukt\u0101 transform\u0101cij\u0101, ko virza tehnolo\u0123iskie jaunievedumi un main\u012bg\u0101s pat\u0113r\u0113t\u0101ju paradumi. L\u012bva ir ap\u0146\u0113musies vad\u012bt uz\u0146\u0113mumu cauri \u0161iem p\u0101rmai\u0146u procesiem, nodro\u0161inot, ka &#8220;Ekspress Grupp&#8221; paliek inovat\u012bva un konkur\u0113tsp\u0113j\u012bga. Tas noz\u012bm\u0113 invest\u012bcijas digit\u0101lajos risin\u0101jumos, datu anal\u012btik\u0101 un jaunu satura form\u0101tu izstr\u0101d\u0113. T\u0101pat svar\u012bga b\u016bs sadarb\u012bba ar cit\u0101m industrij\u0101m un partneriem, lai rad\u012btu siner\u0123iju un atkl\u0101tu jaunas iesp\u0113jas. L\u012bvas ener\u0123ija un redz\u0113jums sola ne tikai uz\u0146\u0113muma izaugsmi, bet ar\u012b iev\u0113rojamu ieguld\u012bjumu Baltijas mediju ekosist\u0113mas att\u012bst\u012bb\u0101.<\/p>\n","protected":false},"excerpt":{"rendered":"AS &#8220;Ekspress Grupp&#8221; iece\u013c L\u012bnu L\u012bvu par jauno izpilddirektori Vado\u0161\u0101 mediju grupa Baltij\u0101, AS &#8220;Ekspress Grupp&#8221;, ir pazi\u0146ojusi&hellip;\n","protected":false},"author":2,"featured_media":39049,"comment_status":"","ping_status":"","sticky":false,"template":"","format":"standard","meta":{"footnotes":""},"categories":[16],"tags":[11367,77,76,7104,11365,35,39,38,36,37,34,11364,40,11366],"class_list":{"0":"post-39048","1":"post","2":"type-post","3":"status-publish","4":"format-standard","5":"has-post-thumbnail","7":"category-bizness","8":"tag-baltijas-mediji","9":"tag-bizness","10":"tag-business","11":"tag-ekspress-grupp","12":"tag-izpilddirektore","13":"tag-latvia","14":"tag-latvian","15":"tag-latviesu","16":"tag-latviesu-valoda","17":"tag-latviesuvaloda","18":"tag-latvija","19":"tag-lina-liva","20":"tag-lv","21":"tag-mediju-grupa"},"share_on_mastodon":{"url":"https:\/\/pubeurope.com\/@lv\/115486517117490915","error":""},"_links":{"self":[{"href":"https:\/\/www.europesays.com\/lv\/wp-json\/wp\/v2\/posts\/39048","targetHints":{"allow":["GET"]}}],"collection":[{"href":"https:\/\/www.europesays.com\/lv\/wp-json\/wp\/v2\/posts"}],"about":[{"href":"https:\/\/www.europesays.com\/lv\/wp-json\/wp\/v2\/types\/post"}],"author":[{"embeddable":true,"href":"https:\/\/www.europesays.com\/lv\/wp-json\/wp\/v2\/users\/2"}],"replies":[{"embeddable":true,"href":"https:\/\/www.europesays.com\/lv\/wp-json\/wp\/v2\/comments?post=39048"}],"version-history":[{"count":0,"href":"https:\/\/www.europesays.com\/lv\/wp-json\/wp\/v2\/posts\/39048\/revisions"}],"wp:featuredmedia":[{"embeddable":true,"href":"https:\/\/www.europesays.com\/lv\/wp-json\/wp\/v2\/media\/39049"}],"wp:attachment":[{"href":"https:\/\/www.europesays.com\/lv\/wp-json\/wp\/v2\/media?parent=39048"}],"wp:term":[{"taxonomy":"category","embeddable":true,"href":"https:\/\/www.europesays.com\/lv\/wp-json\/wp\/v2\/categories?post=39048"},{"taxonomy":"post_tag","embeddable":true,"href":"https:\/\/www.europesays.com\/lv\/wp-json\/wp\/v2\/tags?post=39048"}],"curies":[{"name":"wp","href":"https:\/\/api.w.org\/{rel}","templated":true}]}}