{"id":39143,"date":"2025-11-03T18:05:16","date_gmt":"2025-11-03T18:05:16","guid":{"rendered":"https:\/\/www.europesays.com\/lv\/39143\/"},"modified":"2025-11-03T18:05:16","modified_gmt":"2025-11-03T18:05:16","slug":"cetru-zvaigznu-viesnica-bet-ne-tikai-rigas-lidostai-lidz-2050-gadam-ambiciozi-attistibas-plani","status":"publish","type":"post","link":"https:\/\/www.europesays.com\/lv\/39143\/","title":{"rendered":"\u010cetru zvaig\u017e\u0146u viesn\u012bca, bet ne tikai: R\u012bgas lidostai l\u012bdz 2050. gadam ambiciozi att\u012bst\u012bbas pl\u0101ni"},"content":{"rendered":"<p>Viens no tuv\u0101kajiem lielajiem att\u012bst\u012bbas projektiem ir R\u012bgas lidostas termin\u0101\u013ca p\u0101rb\u016bve. Eso\u0161ais termin\u0101lis ir novecojos, un, Lidostas vad\u012bbas ieskat\u0101, t\u0101 rekonstrukcija ir galvenais priek\u0161noteikums, lai n\u0101kotn\u0113 k\u0101pin\u0101tu pasa\u017eieru skaitu.<\/p>\n<blockquote class=\"skaties-quote\">\n<p>Laila Odi\u0146a<\/p>\n<p>R\u012bgas lidostas valdes priek\u0161s\u0113d\u0113t\u0101ja<\/p>\n<p>\u201cT\u0101 ir ak\u016bta vajadz\u012bba, kas ir iest\u0101jusies jau sen, pirms kovida, kad bija 7,8 miljoni pasa\u017eieru, bija skaidrs, ka lidostas eso\u0161ais termin\u0101lis ir novecojis, 50 gadu atpaka\u013c b\u016bv\u0113ts. Un l\u012bdz ar to ir nepiecie\u0161ams vair\u0101k vietas, kur m\u0113s var\u0113tu izvietot ar\u012b jaun\u0101s tehnolo\u0123ijas, avi\u0101cijas dro\u0161\u012bbai, bag\u0101\u017eas p\u0101rbaudei utt.\u201d<\/p>\n<\/blockquote>\n<p>Jaun\u0101 termin\u0101\u013ca b\u016bvniec\u012bbas iepirkums ir jau izsludin\u0101ts, un pl\u0101nots, ka to pabeigs l\u012bdz 2029. gadam, t\u0101 ne tikai piln\u012bb\u0101 mainot lidostas vaibstus, bet dodot iesp\u0113ju apkalpot ar\u012b liel\u0101ku pasa\u017eieru skaitu. V\u012bzija, k\u0101 m\u016bsu lidostai n\u0101kotn\u0113 b\u016btu j\u0101att\u012bst\u0101s gan ir v\u0113l ambicioz\u0101ka.<\/p>\n<p>Pl\u0101n\u0101, kas izstr\u0101d\u0101ts sadarb\u012bb\u0101 ar Sp\u0101nijas avi\u0101cijas in\u017eenierijas uz\u0146\u0113mumu \u201cIneco\u201d, iecer\u0113ts, ka, ja piepras\u012bjums p\u0113c m\u016bsu lidostas pakalpojumiem turpin\u0101s pieaugt, l\u012bdz 2050. gadam j\u0101\u012bsteno v\u0113l citi lielie att\u012bst\u012bbas projekti \u2013 jaunu lidma\u0161\u012bnu peronu izb\u016bve, skrejce\u013ca moderniz\u0101cija, k\u0101 ar\u012b lidostas pils\u0113tas att\u012bst\u012bba, kas paredz uzcelt ar\u012b \u010detru zvaig\u017e\u0146u viesn\u012bcu un cita veida infrastrukt\u016bru.<\/p>\n<blockquote class=\"skaties-quote\">\n<p>Migels de Bernardo<\/p>\n<p>R\u012bgas lidostas att\u012bst\u012bbas pl\u0101na izstr\u0101d\u0101t\u0101ja \u201cIneco\u201d p\u0101rst\u0101vis<\/p>\n<p>\u201cM\u016bsdien\u0101s lidostas k\u013c\u016bst arvien pievilc\u012bg\u0101kas nekustamo \u012bpa\u0161umu att\u012bst\u012bbai. T\u0101s atrodas strat\u0113\u0123iski izdev\u012bg\u0101s viet\u0101s un pied\u0101v\u0101 iesp\u0113jas da\u017e\u0101du komercobjektu izb\u016bvei \u2014 viesn\u012bc\u0101m, birojiem, ang\u0101riem, noliktav\u0101m un citiem uz\u0146\u0113mumiem, kuriem nepiecie\u0161amas pla\u0161as teritorijas un laba piek\u013cuve gan pils\u0113tas centram, gan starptautiskajiem tirgiem. Un lidosta tie\u0161i to ar\u012b nodro\u0161ina.\u201d<\/p>\n<\/blockquote>\n<p class=\"ad-desc ad-desc-main\">Saturs turpin\u0101s p\u0113c rekl\u0101mas<\/p>\n<p class=\"ad-desc ad-desc-sec\">Rekl\u0101ma<\/p>\n<blockquote class=\"skaties-quote\">\n<p>Laila Odi\u0146a<\/p>\n<p>R\u012bgas lidostas valdes priek\u0161s\u0113d\u0113t\u0101ja<\/p>\n<p>\u201cLiels iemesls ir neavi\u0101cijas ie\u0146\u0113mumi, kurus m\u0113s v\u0113lamies stiprin\u0101t, palielin\u0101t. Jo tas zin\u0101m\u0101 m\u0113r\u0101 sadala riskus, ja kaut kas notiek ar avi\u0101cijas ie\u0146\u0113mumiem, samazin\u0101s lidojumu vai pasa\u017eieru skaits, tad lidostai ir \u0161ie ne avi\u0101cijas ie\u0146\u0113mumi.\u201d<\/p>\n<\/blockquote>\n<p>Lai visas ieceres \u012bstenotu, apl\u0113sts, ka nepiecie\u0161am\u0101s invest\u012bcijas var\u0113tu sasniegt vismaz pus miljardu eiro. Valsts \u0161ajos projektos neiesaist\u0101s, ta\u010du lidost\u0101 uzskata \u2013 piesaist\u012bt \u0161adu finans\u0113jumu ir sp\u0113j\u012bgi ar\u012b vi\u0146i pa\u0161i.<\/p>\n<blockquote class=\"skaties-quote\">\n<p>Laila Odi\u0146a<\/p>\n<p>R\u012bgas lidostas valdes priek\u0161s\u0113d\u0113t\u0101ja<\/p>\n<p>\u201c\u0160obr\u012bd mums ir jau finans\u0113jums paredz\u0113ts un aizrun\u0101ts no liel\u0101m rekontrukcijas bank\u0101m, kas ir gatavi finans\u0113t termin\u0101li. Bet t\u0101l\u0101k m\u0113s skat\u012bsimies. Tiekam gal\u0101 ar \u0161iem, b\u016bv\u0113jam un tad speram n\u0101kamos so\u013cus.\u201d<\/p>\n<\/blockquote>\n<p>T\u0101pat R\u012bgas lidosta nor\u0101da, ka t\u0101s n\u0101kotnes att\u012bst\u012bbas pl\u0101ni aizvien ir sasaist\u012bti ar \u201cRail Baltica\u201d dzelzce\u013ca savienojumu un \u0161obr\u012bd b\u016bv\u0113to staciju. T\u0101d\u0113\u013c lidosta cer, ka, ja ne ar iepriek\u0161 sol\u012bto \u0101trvilcienu, tad vismaz ar \u201cVivi\u201d vilcieniem caur Imantu izdosies lidostu savienot ar R\u012bgas centru.<\/p>\n<p class=\"tv3-fw-500\">Zi\u0146o par k\u013c\u016bdu rakst\u0101<\/p>\n<p class=\"d-md-block d-none\">Iez\u012bm\u0113 k\u013c\u016bdaino tekstu un spied Ctrl+Enter.<\/p>\n<p class=\"d-md-none d-block\">Iez\u012bm\u0113 k\u013c\u016bdaino tekstu un zi\u0146o par to!<\/p>\n","protected":false},"excerpt":{"rendered":"Viens no tuv\u0101kajiem lielajiem att\u012bst\u012bbas projektiem ir R\u012bgas lidostas termin\u0101\u013ca p\u0101rb\u016bve. Eso\u0161ais termin\u0101lis ir novecojos, un, Lidostas vad\u012bbas&hellip;\n","protected":false},"author":2,"featured_media":39144,"comment_status":"","ping_status":"","sticky":false,"template":"","format":"standard","meta":{"footnotes":""},"categories":[5],"tags":[23,28,29,32,33,22,11395,30,31,35,39,38,36,37,34,40,20,26,27,24,25,21],"class_list":{"0":"post-39143","1":"post","2":"type-post","3":"status-publish","4":"format-standard","5":"has-post-thumbnail","7":"category-aktualitates","8":"tag-aktualitates","9":"tag-breaking-news","10":"tag-breakingnews","11":"tag-featured-news","12":"tag-featurednews","13":"tag-headlines","14":"tag-laila-odinarigas-lidosta","15":"tag-latest-news","16":"tag-latestnews","17":"tag-latvia","18":"tag-latvian","19":"tag-latviesu","20":"tag-latviesu-valoda","21":"tag-latviesuvaloda","22":"tag-latvija","23":"tag-lv","24":"tag-news","25":"tag-popularakas-zinas","26":"tag-popularakaszinas","27":"tag-top-stories","28":"tag-topstories","29":"tag-zinas"},"share_on_mastodon":{"url":"https:\/\/pubeurope.com\/@lv\/115487095125494639","error":""},"_links":{"self":[{"href":"https:\/\/www.europesays.com\/lv\/wp-json\/wp\/v2\/posts\/39143","targetHints":{"allow":["GET"]}}],"collection":[{"href":"https:\/\/www.europesays.com\/lv\/wp-json\/wp\/v2\/posts"}],"about":[{"href":"https:\/\/www.europesays.com\/lv\/wp-json\/wp\/v2\/types\/post"}],"author":[{"embeddable":true,"href":"https:\/\/www.europesays.com\/lv\/wp-json\/wp\/v2\/users\/2"}],"replies":[{"embeddable":true,"href":"https:\/\/www.europesays.com\/lv\/wp-json\/wp\/v2\/comments?post=39143"}],"version-history":[{"count":0,"href":"https:\/\/www.europesays.com\/lv\/wp-json\/wp\/v2\/posts\/39143\/revisions"}],"wp:featuredmedia":[{"embeddable":true,"href":"https:\/\/www.europesays.com\/lv\/wp-json\/wp\/v2\/media\/39144"}],"wp:attachment":[{"href":"https:\/\/www.europesays.com\/lv\/wp-json\/wp\/v2\/media?parent=39143"}],"wp:term":[{"taxonomy":"category","embeddable":true,"href":"https:\/\/www.europesays.com\/lv\/wp-json\/wp\/v2\/categories?post=39143"},{"taxonomy":"post_tag","embeddable":true,"href":"https:\/\/www.europesays.com\/lv\/wp-json\/wp\/v2\/tags?post=39143"}],"curies":[{"name":"wp","href":"https:\/\/api.w.org\/{rel}","templated":true}]}}