{"id":39184,"date":"2025-11-03T18:54:30","date_gmt":"2025-11-03T18:54:30","guid":{"rendered":"https:\/\/www.europesays.com\/lv\/39184\/"},"modified":"2025-11-03T18:54:30","modified_gmt":"2025-11-03T18:54:30","slug":"muziki-un-vinu-berni-kopa-uz-skatuves-lente-lv","status":"publish","type":"post","link":"https:\/\/www.europesays.com\/lv\/39184\/","title":{"rendered":"m\u016bzi\u0137i un vi\u0146u b\u0113rni kop\u0101 uz skatuves\u00a0\u2014\u00a0Lente.lv"},"content":{"rendered":"<p>Festiv\u0101ls \u201cBildes\u201d atkl\u0101j unik\u0101lu koncertu: m\u016bzi\u0137i un vi\u0146u b\u0113rni kop\u0101 uz skatuves<\/p>\n<p>M\u016bzikas un m\u0101kslas festiv\u0101ls \u201cBildes\u201d \u0161ogad sav\u0101 pied\u0101v\u0101jum\u0101 iepriecin\u0101s skat\u012bt\u0101jus ar \u012bpa\u0161u un aizkustino\u0161u notikumu \u2013 m\u016bzi\u0137u un vi\u0146u b\u0113rnu kop\u0101 veikto koncertu, ko vad\u012bs atrakt\u012bv\u0101 Ieva D\u016bda. \u0160is pas\u0101kums vienm\u0113r ir bijis viens no gaid\u012bt\u0101kajiem un intri\u0123\u0113jo\u0161\u0101kajiem festiv\u0101la akcentiem, radot iesp\u0113ju ieskat\u012bties talant\u012bgaj\u0101s m\u016bzi\u0137u \u0123imen\u0113s un v\u0113rot, k\u0101 augu\u0161as un att\u012bst\u012bju\u0161\u0101s jaun\u0101s paaudzes m\u0101kslinieki.<\/p>\n<p>Trad\u012bcija, kas vieno paaudzes<\/p>\n<p>Koncerts, kur\u0101 uz vienas skatuves satiekas pieredz\u0113ju\u0161i m\u016bzi\u0137i un vi\u0146u atvases, ir k\u013cuvis par skaistu \u201cBil\u017eu\u201d festiv\u0101la trad\u012bciju. Tas pied\u0101v\u0101 unik\u0101lu ieskatu m\u016bzi\u0137u \u0123imenes dz\u012bv\u0113, \u013caujot skat\u012bt\u0101jiem kl\u0101tien\u0113 izbaud\u012bt kop\u012bgo rad\u012b\u0161anas prieku un muzik\u0101lo mantojumu. Katru gadu tiek ar nepaciet\u012bbu gaid\u012bts, kuri m\u0101kslinieki \u0161oreiz pievienosies saviem b\u0113rniem uz skatuves, lai kop\u0101 rad\u012btu neaizmirstamus muzik\u0101lus mirk\u013cus. \u0160\u012b form\u0101ta sp\u0113ks sl\u0113pjas t\u0101 dabiskum\u0101 un sirsn\u012bb\u0101 \u2013 redz\u0113t, k\u0101 vec\u0101ki un b\u0113rni kop\u0101 muzic\u0113, dal\u0101s pieredz\u0113 un atbalsta viens otru, ir patiesi iedvesmojo\u0161i.<\/p>\n<p>Intriga un atkl\u0101jumi<\/p>\n<p>Viena no galvenaj\u0101m \u0161\u012b koncerta intrig\u0101m vienm\u0113r ir bijusi tie\u0161i dal\u012bbnieku sast\u0101vs. Kur\u0161 no zin\u0101majiem m\u016bzi\u0137iem \u0161ogad izv\u0113l\u0113jies uz skatuves k\u0101pt kop\u0101 ar savu d\u0113lu vai meitu? K\u0101das dziesmas tiks izpild\u012btas? Vai skat\u012bt\u0101ji dzird\u0113s gan jaunus, gan jau iem\u012b\u013cotus ska\u0146darbus, kas interpret\u0113ti jaun\u0101 gaism\u0101? Nereti \u0161ajos koncertos atkl\u0101jas jauni talanti, kuri, iesp\u0113jams, v\u0113l nav pla\u0161\u0101k zin\u0101mi publikai, bet jau demonstr\u0113 iespaid\u012bgas sp\u0113jas. Festiv\u0101ls \u201cBildes\u201d k\u013c\u016bst par platformu, kur \u0161\u012bs jaun\u0101s zvaigznes var mirdz\u0113t blakus saviem vec\u0101kiem, sa\u0146emot pirmo noz\u012bm\u012bgo skatuves pieredzi un aplausus.<\/p>\n<p>Ievas D\u016bdumas vad\u012bb\u0101<\/p>\n<p>Par koncerta muzik\u0101lo un emocion\u0101lo vad\u012bbu r\u016bp\u0113sies atrakt\u012bv\u0101 Ieva D\u016bda, kuras ener\u0123ija un sirds pieder m\u016bzikai. Vi\u0146a sp\u0113s rad\u012bt neform\u0101lu un draudz\u012bgu atmosf\u0113ru, kas veicin\u0101s gan m\u016bzi\u0137u, gan publikas kop\u012bbas saj\u016btu. Ievas D\u016bdas vad\u012btie pas\u0101kumi vienm\u0113r ir pies\u0101tin\u0101ti ar pozit\u012bv\u0101m emocij\u0101m un sirsn\u012bbu, padarot tos par neaizmirstamiem. Vi\u0146as sp\u0113ja vienk\u0101r\u0161\u0101 un atrakt\u012bv\u0101 veid\u0101 komunic\u0113t ar skat\u012bt\u0101jiem un dal\u012bbniekiem padara \u0161o koncertu v\u0113l \u012bpa\u0161\u0101ku.<\/p>\n<p>Kult\u016bras un m\u0101kslas festiv\u0101ls \u201cBildes\u201d<\/p>\n<p>Festiv\u0101ls \u201cBildes\u201d ir pla\u0161\u0101k paz\u012bstams k\u0101 notikums, kas pulc\u0113 Latvijas m\u016bzi\u0137us un m\u0101ksliniekus, pied\u0101v\u0101jot daudzveid\u012bgu programmu gan jaun\u0101kajiem, gan vec\u0101kajiem apmekl\u0113t\u0101jiem. Papildus muzik\u0101lajiem priek\u0161nesumiem, festiv\u0101l\u0101 bie\u017ei vien iek\u013cautas ar\u012b citas m\u0101kslas izpausmes, radot unik\u0101lu kult\u016bras notikumu kopumu. \u0160is festiv\u0101ls ir noz\u012bm\u012bgs kult\u016bras notikums, kas stiprina latvie\u0161u m\u016bzikas un m\u0101kslas trad\u012bcijas un sniedz platformu jaunradei un savstarp\u0113jai iedvesmai.<\/p>\n<p>Iesp\u0113ja sastapt Latvijas m\u016bzikas eliti<\/p>\n<p>Koncerts VEF Kult\u016bras pil\u012b ir lieliska iesp\u0113ja ne tikai izbaud\u012bt muzik\u0101lus priek\u0161nesumus, bet ar\u012b satikties ar daudziem Latvijas m\u016bzikas dz\u012bves spilgt\u0101kajiem p\u0101rst\u0101vjiem vienuviet. \u0160\u0101da form\u0101ta pas\u0101kumi veicina kop\u012bbas saj\u016btu m\u016bzikas industrij\u0101 un \u013cauj skat\u012bt\u0101jiem tuv\u0101k iepaz\u012bt savus iem\u012b\u013cotos m\u0101ksliniekus un vi\u0146u \u0123imenes. T\u0101 ir sirsn\u012bga un emocion\u0101la tik\u0161an\u0101s reize, kas paliek atmi\u0146\u0101 ilgi p\u0113c koncerta beig\u0101m, atg\u0101dinot par m\u016bzikas sp\u0113ku un \u0123imenes v\u0113rt\u012bb\u0101m.<\/p>\n","protected":false},"excerpt":{"rendered":"Festiv\u0101ls \u201cBildes\u201d atkl\u0101j unik\u0101lu koncertu: m\u016bzi\u0137i un vi\u0146u b\u0113rni kop\u0101 uz skatuves M\u016bzikas un m\u0101kslas festiv\u0101ls \u201cBildes\u201d \u0161ogad&hellip;\n","protected":false},"author":2,"featured_media":39185,"comment_status":"","ping_status":"","sticky":false,"template":"","format":"standard","meta":{"footnotes":""},"categories":[19],"tags":[11417,89,11419,90,35,39,38,194,36,37,34,40,11418,431],"class_list":{"0":"post-39184","1":"post","2":"type-post","3":"status-publish","4":"format-standard","5":"has-post-thumbnail","7":"category-izklaide","8":"tag-bildes-festivals","9":"tag-entertainment","10":"tag-ieva-duda","11":"tag-izklaide","12":"tag-latvia","13":"tag-latvian","14":"tag-latviesu","15":"tag-latviesu-muzika","16":"tag-latviesu-valoda","17":"tag-latviesuvaloda","18":"tag-latvija","19":"tag-lv","20":"tag-muziku-bernu-koncerts","21":"tag-vef-kulturas-pils"},"share_on_mastodon":{"url":"https:\/\/pubeurope.com\/@lv\/115487287788813394","error":""},"_links":{"self":[{"href":"https:\/\/www.europesays.com\/lv\/wp-json\/wp\/v2\/posts\/39184","targetHints":{"allow":["GET"]}}],"collection":[{"href":"https:\/\/www.europesays.com\/lv\/wp-json\/wp\/v2\/posts"}],"about":[{"href":"https:\/\/www.europesays.com\/lv\/wp-json\/wp\/v2\/types\/post"}],"author":[{"embeddable":true,"href":"https:\/\/www.europesays.com\/lv\/wp-json\/wp\/v2\/users\/2"}],"replies":[{"embeddable":true,"href":"https:\/\/www.europesays.com\/lv\/wp-json\/wp\/v2\/comments?post=39184"}],"version-history":[{"count":0,"href":"https:\/\/www.europesays.com\/lv\/wp-json\/wp\/v2\/posts\/39184\/revisions"}],"wp:featuredmedia":[{"embeddable":true,"href":"https:\/\/www.europesays.com\/lv\/wp-json\/wp\/v2\/media\/39185"}],"wp:attachment":[{"href":"https:\/\/www.europesays.com\/lv\/wp-json\/wp\/v2\/media?parent=39184"}],"wp:term":[{"taxonomy":"category","embeddable":true,"href":"https:\/\/www.europesays.com\/lv\/wp-json\/wp\/v2\/categories?post=39184"},{"taxonomy":"post_tag","embeddable":true,"href":"https:\/\/www.europesays.com\/lv\/wp-json\/wp\/v2\/tags?post=39184"}],"curies":[{"name":"wp","href":"https:\/\/api.w.org\/{rel}","templated":true}]}}