{"id":39270,"date":"2025-11-03T22:45:09","date_gmt":"2025-11-03T22:45:09","guid":{"rendered":"https:\/\/www.europesays.com\/lv\/39270\/"},"modified":"2025-11-03T22:45:09","modified_gmt":"2025-11-03T22:45:09","slug":"trampa-publiceta-fotografija-iedzen-vinu-sturi-cilveki-soreiz-ir-patiesi-nikni","status":"publish","type":"post","link":"https:\/\/www.europesays.com\/lv\/39270\/","title":{"rendered":"Trampa public\u0113t\u0101 fotogr\u0101fija iedzen vi\u0146u st\u016br\u012b \u2013 cilv\u0113ki \u0161oreiz ir patiesi nikni"},"content":{"rendered":"<p>    <img decoding=\"async\" src=\"https:\/\/www.europesays.com\/lv\/wp-content\/uploads\/2025\/11\/2025-03-06t214558z_188354382_rc2v7danu280_rtrmadp_3_usa-trump-tariffs-1024x683.jpg\" alt=\"&#10;ASV prezidents Donalds Tramps.&#10;\"\/><\/p>\n<p>ASV prezidents Donalds Tramps.<\/p>\n<p>Foto: REUTERS\/SCANPIX\/LETA\n<\/p>\n<p>ASV prezidents Donalds Tramps non\u0101cis interneta lietot\u0101ju kritikas krustugun\u012bs p\u0113c tam, kad public\u0113ja fotogr\u0101fijas ar jaunizveidoto, grezno Balt\u0101 nama vannas istabu, kuras interjer\u0101 domin\u0113 zelts.<\/p>\n<p>        Las\u012bt\u0101kie<br \/>\n        <a data-imagesrc=\"{&quot;300&quot;:&quot;https:\\\/\\\/lastatic.ams3.cdn.digitaloceanspaces.com\\\/2024\\\/04\\\/11258746-300x200.jpg&quot;,&quot;1024&quot;:&quot;https:\\\/\\\/lastatic.ams3.cdn.digitaloceanspaces.com\\\/2024\\\/04\\\/11258746-1024x683.jpg&quot;,&quot;768&quot;:&quot;https:\\\/\\\/lastatic.ams3.cdn.digitaloceanspaces.com\\\/2024\\\/04\\\/11258746-768x512.jpg&quot;,&quot;1536&quot;:&quot;https:\\\/\\\/lastatic.ams3.cdn.digitaloceanspaces.com\\\/2024\\\/04\\\/11258746-1536x1024.jpg&quot;,&quot;2048&quot;:&quot;https:\\\/\\\/lastatic.ams3.cdn.digitaloceanspaces.com\\\/2024\\\/04\\\/11258746-2048x1365.jpg&quot;,&quot;200&quot;:&quot;https:\\\/\\\/lastatic.ams3.cdn.digitaloceanspaces.com\\\/2024\\\/04\\\/11258746-200x133.jpg&quot;,&quot;400&quot;:&quot;https:\\\/\\\/lastatic.ams3.cdn.digitaloceanspaces.com\\\/2024\\\/04\\\/11258746-400x267.jpg&quot;,&quot;500&quot;:&quot;https:\\\/\\\/lastatic.ams3.cdn.digitaloceanspaces.com\\\/2024\\\/04\\\/11258746-500x333.jpg&quot;,&quot;800&quot;:&quot;https:\\\/\\\/lastatic.ams3.cdn.digitaloceanspaces.com\\\/2024\\\/04\\\/11258746-800x533.jpg&quot;,&quot;1000&quot;:&quot;https:\\\/\\\/lastatic.ams3.cdn.digitaloceanspaces.com\\\/2024\\\/04\\\/11258746-1000x667.jpg&quot;,&quot;2560&quot;:&quot;https:\\\/\\\/lastatic.ams3.cdn.digitaloceanspaces.com\\\/2024\\\/04\\\/11258746-scaled.jpg&quot;}\" data-focuspoint=\"&quot;&quot;\" data-p=\"2460119\" href=\"https:\/\/www.la.lv\/igaunija-latvija-vai-lietuva-sanemtu-nato-admiralis-suta-skaidru-signalu-maskavai-par-baltijas-valstim\" class=\"content-item lazy-load\" wp_automatic_readability=\"27\" rel=\"nofollow noopener\" target=\"_blank\"><\/p>\n<p>                                <img decoding=\"async\" src=\"\" alt=\"\" style=\"\" data-imageid=\"\"\/><\/p>\n<p>\n                                                \u201cIgaunija, Latvija vai Lietuva sa\u0146emtu\u2026\u201d NATO admir\u0101lis s\u016bta skaidru sign\u0101lu Maskavai par Baltijas valst\u012bm\n                            <\/p>\n<p><\/a><a data-imagesrc=\"{&quot;300&quot;:&quot;https:\\\/\\\/lastatic.ams3.cdn.digitaloceanspaces.com\\\/2021\\\/11\\\/kakis6-300x199.jpg&quot;,&quot;1024&quot;:&quot;https:\\\/\\\/lastatic.ams3.cdn.digitaloceanspaces.com\\\/2021\\\/11\\\/kakis6-1024x680.jpg&quot;,&quot;768&quot;:&quot;https:\\\/\\\/lastatic.ams3.cdn.digitaloceanspaces.com\\\/2021\\\/11\\\/kakis6-768x510.jpg&quot;,&quot;200&quot;:&quot;https:\\\/\\\/lastatic.ams3.cdn.digitaloceanspaces.com\\\/2021\\\/11\\\/kakis6-200x133.jpg&quot;,&quot;400&quot;:&quot;https:\\\/\\\/lastatic.ams3.cdn.digitaloceanspaces.com\\\/2021\\\/11\\\/kakis6-400x265.jpg&quot;,&quot;500&quot;:&quot;https:\\\/\\\/lastatic.ams3.cdn.digitaloceanspaces.com\\\/2021\\\/11\\\/kakis6-500x332.jpg&quot;,&quot;800&quot;:&quot;https:\\\/\\\/lastatic.ams3.cdn.digitaloceanspaces.com\\\/2021\\\/11\\\/kakis6-800x531.jpg&quot;,&quot;1000&quot;:&quot;https:\\\/\\\/lastatic.ams3.cdn.digitaloceanspaces.com\\\/2021\\\/11\\\/kakis6-1000x664.jpg&quot;,&quot;1252&quot;:&quot;https:\\\/\\\/lastatic.ams3.cdn.digitaloceanspaces.com\\\/2021\\\/11\\\/kakis6.jpg&quot;}\" data-focuspoint=\"&quot;&quot;\" data-p=\"2459691\" href=\"https:\/\/www.la.lv\/berzesanas-gar-kajam-gulesana-virsu-astes-kustinasana-iemacies-saprast-ko-kakis-tev-sadi-saka\" class=\"content-item lazy-load\" wp_automatic_readability=\"28\" rel=\"nofollow noopener\" target=\"_blank\"><\/p>\n<p>                                <img decoding=\"async\" src=\"\" alt=\"\" style=\"\" data-imageid=\"\"\/><\/p>\n<p>                                M\u0101jas<\/p>\n<p>\n                                                Berz\u0113\u0161an\u0101s gar k\u0101j\u0101m, gul\u0113\u0161ana virs\u016b, astes kustin\u0101\u0161ana \u2013 iem\u0101cies saprast, ko ka\u0137is tev \u0161\u0101di \u201csaka\u201d\n                            <\/p>\n<p><\/a><a data-imagesrc=\"{&quot;300&quot;:&quot;https:\\\/\\\/lastatic.ams3.cdn.digitaloceanspaces.com\\\/2019\\\/09\\\/LET_22175967-1-300x221.jpg&quot;,&quot;768&quot;:&quot;https:\\\/\\\/lastatic.ams3.cdn.digitaloceanspaces.com\\\/2019\\\/09\\\/LET_22175967-1-768x567.jpg&quot;,&quot;200&quot;:&quot;https:\\\/\\\/lastatic.ams3.cdn.digitaloceanspaces.com\\\/2019\\\/09\\\/LET_22175967-1-200x148.jpg&quot;,&quot;400&quot;:&quot;https:\\\/\\\/lastatic.ams3.cdn.digitaloceanspaces.com\\\/2019\\\/09\\\/LET_22175967-1-400x295.jpg&quot;,&quot;500&quot;:&quot;https:\\\/\\\/lastatic.ams3.cdn.digitaloceanspaces.com\\\/2019\\\/09\\\/LET_22175967-1-500x369.jpg&quot;,&quot;800&quot;:&quot;https:\\\/\\\/lastatic.ams3.cdn.digitaloceanspaces.com\\\/2019\\\/09\\\/LET_22175967-1-800x590.jpg&quot;,&quot;1000&quot;:&quot;https:\\\/\\\/lastatic.ams3.cdn.digitaloceanspaces.com\\\/2019\\\/09\\\/LET_22175967-1.jpg&quot;}\" data-focuspoint=\"&quot;&quot;\" data-p=\"2459716\" href=\"https:\/\/www.la.lv\/tas-ir-noticis-atbildot-uz-jautajumu-kapec-latvijai-jaizstajas-no-stambulas-konvencijas-ingmars-lidaka-parspejis-pats-savu-aizver-muti\" class=\"content-item lazy-load\" wp_automatic_readability=\"27.5\" rel=\"nofollow noopener\" target=\"_blank\"><\/p>\n<p>                                <img decoding=\"async\" src=\"\" alt=\"\" style=\"\" data-imageid=\"\"\/><\/p>\n<p>\n                                                Tas ir noticis! Atbildot uz jaut\u0101jumu, k\u0101p\u0113c Latvijai j\u0101izst\u0101jas no Stambulas konvencijas, Ingm\u0101rs L\u012bdaka p\u0101rsp\u0113jis pats savu \u201cAizver muti!\u201d\n                            <\/p>\n<p><\/a><br \/>\n        <a class=\"read-more\" href=\"https:\/\/www.la.lv\/top\" rel=\"nofollow noopener\" target=\"_blank\">Las\u012bt citas zi\u0146as<\/a><\/p>\n<p>Tas noticis tikai da\u017eas dienas p\u0113c tam, kad miljoniem amerik\u0101\u0146u tika liegta piek\u013cuve b\u016btiskiem soci\u0101lajiem pabalstiem, zi\u0146o <a href=\"https:\/\/www.tyla.com\/news\/politics\/donald-trump-white-house-renovations-bathroom-snap-benefits-039296-20251103\" rel=\"nofollow noopener\" target=\"_blank\">Tyla<\/a>.<\/p>\n<p>Tramps \u0161odien, 3. novembr\u012b, platform\u0101 \u201cX\u201d dal\u012bj\u0101s ar att\u0113liem, kuros redzamas p\u0101rmai\u0146as v\u0113sturiskaj\u0101 Linkolna vannas istab\u0101, kas tagad izgreznota ar zeltu.<\/p>\n<p>    CITI \u0160OBR\u012aD LASA<\/p>\n<p><img decoding=\"async\" src=\"https:\/\/www.europesays.com\/lv\/wp-content\/uploads\/2025\/11\/Ekranuznemums-2025-11-03-225754.png\" alt=\"\"\/><\/p>\n<p>\u0160\u012b grezn\u0101 tualete ir da\u013ca no Trampa v\u0113rien\u012bg\u0101 p\u0101rb\u016bves pl\u0101na, par ko tika pazi\u0146ots j\u016blij\u0101. Taj\u0101 ietilpst ar\u012b jaunas balles z\u0101les izb\u016bve Austrumu flang\u0101, kur prezidents var\u0113tu uz\u0146emt \u0101rvalstu viesus.<\/p>\n<p>Turkl\u0101t vi\u0146\u0161 atzina, ka projekts izmaks\u0101s 300 miljonus dol\u0101ru, kas ir par 100 miljoniem vair\u0101k, nek\u0101 bija s\u0101kotn\u0113ji sol\u012bts. Tramps gan apgalvo, ka to finans\u0113jot priv\u0101ti investori.<\/p>\n<p>Kam\u0113r Tramps veic greznus remontus, 42 miljoni amerik\u0101\u0146u paliek bez atbalsta p\u0101rtikas ieg\u0101dei \u2013 SNAP programmas finans\u0113jums ir beidzies. Ir apstiprin\u0101ts, ka cilv\u0113ki, kuri pa\u013caujas uz feder\u0101lo P\u0101rtikas talonu programmu, sa\u0146ems tikai pusi no ierast\u0101 atbalsta.<\/p>\n<p>Finans\u0113juma gr\u016bt\u012bbas radu\u0161\u0101s vald\u012bbas darba p\u0101rtraukuma d\u0113\u013c \u2013 Trampa administr\u0101cija atsak\u0101s piek\u0101pties saist\u012bb\u0101 ar vesel\u012bbas apr\u016bpes likumu, ko demokr\u0101ti cen\u0161as saglab\u0101t pieejamu.<\/p>\n<p>Saska\u0146\u0101 ar ASV domn\u012bcas \u201cCenter on Budget and Policy Priorities\u201d datiem Trampa politikas rezult\u0101t\u0101 l\u012bdz 2034. gadam bez vesel\u012bbas apdro\u0161in\u0101\u0161anas var\u0113tu palikt 15 miljoni amerik\u0101\u0146u.<\/p>\n<p>Reakcija uz Trampa ierakstu bija t\u016bl\u012bt\u0113ja \u2013 soci\u0101lo t\u012bklu lietot\u0101ji kritiz\u0113ja prezidentu par to, ka vi\u0146\u0161 liel\u0101s ar grezno Balt\u0101 nama renov\u0101ciju laik\u0101, kad 40 miljoni amerik\u0101\u0146u zaud\u0113 pal\u012bdz\u012bbu, bet miljoniem citu amerik\u0101\u0146u izj\u016bt draudus palikt bez vesel\u012bbas apr\u016bpes. Cilv\u0113ki pau\u017e sa\u0161utumu un aps\u016bdz vi\u0146u miljonu t\u0113r\u0113\u0161an\u0101 \u201cuz zelt\u012btiem podiem sava ego d\u0113\u013c\u201d.<\/p>\n<p>T\u0113mas<\/p>\n<p>    SAIST\u012aTIE RAKSTI<\/p>\n","protected":false},"excerpt":{"rendered":"ASV prezidents Donalds Tramps. Foto: REUTERS\/SCANPIX\/LETA ASV prezidents Donalds Tramps non\u0101cis interneta lietot\u0101ju kritikas krustugun\u012bs p\u0113c tam, kad&hellip;\n","protected":false},"author":2,"featured_media":5404,"comment_status":"","ping_status":"","sticky":false,"template":"","format":"standard","meta":{"footnotes":""},"categories":[14],"tags":[23,57,28,29,32,33,22,30,31,35,39,38,36,37,34,40,20,26,27,24,25,54,55,56,21,58],"class_list":{"0":"post-39270","1":"post","2":"type-post","3":"status-publish","4":"format-standard","5":"has-post-thumbnail","7":"category-zinas-no-arvalstim","8":"tag-aktualitates","9":"tag-arvalstim","10":"tag-breaking-news","11":"tag-breakingnews","12":"tag-featured-news","13":"tag-featurednews","14":"tag-headlines","15":"tag-latest-news","16":"tag-latestnews","17":"tag-latvia","18":"tag-latvian","19":"tag-latviesu","20":"tag-latviesu-valoda","21":"tag-latviesuvaloda","22":"tag-latvija","23":"tag-lv","24":"tag-news","25":"tag-popularakas-zinas","26":"tag-popularakaszinas","27":"tag-top-stories","28":"tag-topstories","29":"tag-world","30":"tag-world-news","31":"tag-worldnews","32":"tag-zinas","33":"tag-zinas-no-arvalstim"},"share_on_mastodon":{"url":"https:\/\/pubeurope.com\/@lv\/115488196166746875","error":""},"_links":{"self":[{"href":"https:\/\/www.europesays.com\/lv\/wp-json\/wp\/v2\/posts\/39270","targetHints":{"allow":["GET"]}}],"collection":[{"href":"https:\/\/www.europesays.com\/lv\/wp-json\/wp\/v2\/posts"}],"about":[{"href":"https:\/\/www.europesays.com\/lv\/wp-json\/wp\/v2\/types\/post"}],"author":[{"embeddable":true,"href":"https:\/\/www.europesays.com\/lv\/wp-json\/wp\/v2\/users\/2"}],"replies":[{"embeddable":true,"href":"https:\/\/www.europesays.com\/lv\/wp-json\/wp\/v2\/comments?post=39270"}],"version-history":[{"count":0,"href":"https:\/\/www.europesays.com\/lv\/wp-json\/wp\/v2\/posts\/39270\/revisions"}],"wp:featuredmedia":[{"embeddable":true,"href":"https:\/\/www.europesays.com\/lv\/wp-json\/wp\/v2\/media\/5404"}],"wp:attachment":[{"href":"https:\/\/www.europesays.com\/lv\/wp-json\/wp\/v2\/media?parent=39270"}],"wp:term":[{"taxonomy":"category","embeddable":true,"href":"https:\/\/www.europesays.com\/lv\/wp-json\/wp\/v2\/categories?post=39270"},{"taxonomy":"post_tag","embeddable":true,"href":"https:\/\/www.europesays.com\/lv\/wp-json\/wp\/v2\/tags?post=39270"}],"curies":[{"name":"wp","href":"https:\/\/api.w.org\/{rel}","templated":true}]}}