{"id":39278,"date":"2025-11-03T23:01:13","date_gmt":"2025-11-03T23:01:13","guid":{"rendered":"https:\/\/www.europesays.com\/lv\/39278\/"},"modified":"2025-11-03T23:01:13","modified_gmt":"2025-11-03T23:01:13","slug":"ir-tikai-viena-ista-nelaime-zaudet-bernu-jau-11-gadi-bez-sergeja-santa","status":"publish","type":"post","link":"https:\/\/www.europesays.com\/lv\/39278\/","title":{"rendered":"\u00abIr tikai viena \u012bsta nelaime\u00a0\u2013 zaud\u0113t b\u0113rnu\u00bb. Jau 11 gadi bez Sergeja \u2014 Santa"},"content":{"rendered":"<p>\u00abAtsaucos visam, kur mani aicina Sergeja piemi\u0146as v\u0101rd\u0101. \u013boti uztraucos, bet eju, lai ar\u012b reiz\u0113m pat gr\u016bti parun\u0101t. Ar\u012b abiem mazd\u0113liem vienm\u0113r atg\u0101dinu: ja k\u0101ds jums kaut ko jaut\u0101 par t\u0113ti, nekad neatsakiet\u00a0\u2013 run\u0101jiet,\u00bb \u017eurn\u0101lam Ieva savulaik sac\u012bja slaven\u0101 hokejista Sergeja \u017doltoka mamma\u00a0D\u017eenija. 3. novembr\u012b aprit 11 gadi kop\u0161 vi\u0146as d\u0113ls pameta \u0161o pasauli.\u00a0<\/p>\n<p>Talant\u012bgais sportists\u00a0 p\u0113d\u0113jo reizi uz ledus izg\u0101ja Minsk\u0101, kad Baltkrievijas hokeja l\u012bgas ietvaros tik\u0101s vi\u0146a p\u0101rst\u0101v\u0113t\u0101 HK R\u012bga 2000 un Minskas Dinamo. \u017doltoks, dodoties uz rezervistu soli\u0146u, pa ce\u013cam p\u0113k\u0161\u0146i nokrita. Hokejistu nog\u0101d\u0101ja slimn\u012bc\u0101, kur vi\u0146a dz\u012bv\u012bba izdzisa. P\u0101r\u0101k agri, ne\u017e\u0113l\u012bgi strauji\u2026<\/p>\n<p>\u00abDz\u012bv\u0113 visu var pie\u0146emt un p\u0101rdz\u012bvot, ir tikai viena \u012bsta nelaime\u00a0\u2013 zaud\u0113t b\u0113rnu,\u00bb sac\u012bja\u00a0Sergeja\u00a0mamma.\u00a0\u00abTas ir uz visu manu m\u016b\u017eu un nekad nep\u0101ries.<\/p>\n<blockquote><p>&#13;<\/p>\n<p>S\u0101pes nekur nav zudu\u0161as, tikai vairs nav virspus\u0113, bet pasl\u0113pu\u0161\u0101s kaut kur dzi\u013c\u0101k. <\/p>\n<p>&#13;\n<\/p><\/blockquote>\n<p>Reiz\u0113m pamanu k\u0101du s\u012bkumu, kas atg\u0101dina par Sergeju, un uzreiz ir tik daudz atmi\u0146u! Ieraugu cilv\u0113ku, kas pastaig\u0101jas ar haskiju, un man asaras ac\u012bs\u00a0\u2013 ar\u012b Sergejam bija haskijs. P\u0113c d\u0113la aizie\u0161anas ilgi nesp\u0113ju atg\u016bties, bet tagad, vienk\u0101r\u0161i cen\u0161os b\u016bt stipr\u0101ka par pesimismu,\u00bb st\u0101st\u012bja\u00a0D\u017eenija. \u00abMan \u013coti pat\u012bk dz\u012bvot. Man pat\u012bk daba\u00a0\u2013 p\u0113c pastaigas pa me\u017eu vienm\u0113r ir lab\u0101ks garast\u0101voklis. Daba man pal\u012bdz\u0113ja, ar\u012b kad zaud\u0113ju Sergeju. Divat\u0101 ar v\u012bru bij\u0101m Siguldas m\u0101j\u0101s, un burtiski sajutu, k\u0101 daba \u0101rst\u0113.<\/p>\n<blockquote><p>&#13;<\/p>\n<p>No r\u012bta l\u012bdz vakaram biju \u0101r\u0101\u00a0\u2013 gul\u0113ju, las\u012bju un raud\u0101ju, un t\u0101 uz ri\u0146\u0137i, l\u012bdz pamaz\u0101m sajutu, k\u0101 dv\u0113selei k\u013c\u016bst viegl\u0101k.<\/p>\n<p>&#13;\n<\/p><\/blockquote>\n<p>Cik \u013coti man tolaik grib\u0113j\u0101s izkliegties, bet nevar\u0113ju atrast tam piem\u0113rotu vietu. Asinsspiediena probl\u0113mu d\u0113\u013c ziem\u0101 non\u0101cu slimn\u012bc\u0101 J\u016brmal\u0101. Dom\u0101ju\u00a0\u2013 aizie\u0161u vakar\u0101 pie j\u016bras un tur izklieg\u0161u visu savu s\u0101pi. Bet visur staig\u0101ja cilv\u0113ki\u2026 T\u0101 ar\u012b neizkliedzos\u00a0\u2013 nekur nebija t\u0101das iesp\u0113jas,\u00bb atcer\u0113j\u0101s\u00a0D\u017eenija.\u00a0<\/p>\n<p>    <img decoding=\"async\" src=\"https:\/\/www.santa.lv\/assets\/logo\/santa-plus-logo.svg\" alt=\"Santa+\" class=\"thumbnail__splus no-convert\"\/><img decoding=\"async\" class=\"no-convert\" alt=\"\" data-init=\"lazy-image\" src=\"https:\/\/www.europesays.com\/lv\/wp-content\/uploads\/2025\/11\/40ce29190326.jpg\"\/><a target=\"_self\" href=\"https:\/\/www.santa.lv\/plus\/raksts\/ieva_\/hokejista-sergeja-zoltoka-mamma-dzenija-cagina-ja-sergejs-vareja-varu-ari-es-57877\/\" aria-label=\"Hokejista Sergeja \u017doltoka mamma D\u017eenija \u010cagina: Ja Sergejs var\u0113ja, varu ar\u012b es\" rel=\"nofollow noopener\"><a class=\"thumbnail__title\" target=\"_self\" href=\"https:\/\/www.santa.lv\/plus\/raksts\/ieva_\/hokejista-sergeja-zoltoka-mamma-dzenija-cagina-ja-sergejs-vareja-varu-ari-es-57877\/\" aria-label=\"Hokejista Sergeja \u017doltoka mamma D\u017eenija \u010cagina: Ja Sergejs var\u0113ja, varu ar\u012b es\" rel=\"nofollow noopener\">Hokejista Sergeja \u017doltoka mamma D\u017eenija \u010cagina: Ja Sergejs var\u0113ja, varu ar\u012b es <\/a><\/p>\n<p>\u00a0<\/p>\n","protected":false},"excerpt":{"rendered":"\u00abAtsaucos visam, kur mani aicina Sergeja piemi\u0146as v\u0101rd\u0101. \u013boti uztraucos, bet eju, lai ar\u012b reiz\u0113m pat gr\u016bti parun\u0101t.&hellip;\n","protected":false},"author":2,"featured_media":39279,"comment_status":"","ping_status":"","sticky":false,"template":"","format":"standard","meta":{"footnotes":""},"categories":[17],"tags":[35,39,38,36,37,34,40,67],"class_list":{"0":"post-39278","1":"post","2":"type-post","3":"status-publish","4":"format-standard","5":"has-post-thumbnail","7":"category-sports","8":"tag-latvia","9":"tag-latvian","10":"tag-latviesu","11":"tag-latviesu-valoda","12":"tag-latviesuvaloda","13":"tag-latvija","14":"tag-lv","15":"tag-sports"},"share_on_mastodon":{"url":"https:\/\/pubeurope.com\/@lv\/115488259024227519","error":""},"_links":{"self":[{"href":"https:\/\/www.europesays.com\/lv\/wp-json\/wp\/v2\/posts\/39278","targetHints":{"allow":["GET"]}}],"collection":[{"href":"https:\/\/www.europesays.com\/lv\/wp-json\/wp\/v2\/posts"}],"about":[{"href":"https:\/\/www.europesays.com\/lv\/wp-json\/wp\/v2\/types\/post"}],"author":[{"embeddable":true,"href":"https:\/\/www.europesays.com\/lv\/wp-json\/wp\/v2\/users\/2"}],"replies":[{"embeddable":true,"href":"https:\/\/www.europesays.com\/lv\/wp-json\/wp\/v2\/comments?post=39278"}],"version-history":[{"count":0,"href":"https:\/\/www.europesays.com\/lv\/wp-json\/wp\/v2\/posts\/39278\/revisions"}],"wp:featuredmedia":[{"embeddable":true,"href":"https:\/\/www.europesays.com\/lv\/wp-json\/wp\/v2\/media\/39279"}],"wp:attachment":[{"href":"https:\/\/www.europesays.com\/lv\/wp-json\/wp\/v2\/media?parent=39278"}],"wp:term":[{"taxonomy":"category","embeddable":true,"href":"https:\/\/www.europesays.com\/lv\/wp-json\/wp\/v2\/categories?post=39278"},{"taxonomy":"post_tag","embeddable":true,"href":"https:\/\/www.europesays.com\/lv\/wp-json\/wp\/v2\/tags?post=39278"}],"curies":[{"name":"wp","href":"https:\/\/api.w.org\/{rel}","templated":true}]}}