{"id":39312,"date":"2025-11-04T01:13:11","date_gmt":"2025-11-04T01:13:11","guid":{"rendered":"https:\/\/www.europesays.com\/lv\/39312\/"},"modified":"2025-11-04T01:13:11","modified_gmt":"2025-11-04T01:13:11","slug":"davis-bertans-netiek-pieteikts-spelei-dubai-aba-liga-uzvar-partizan","status":"publish","type":"post","link":"https:\/\/www.europesays.com\/lv\/39312\/","title":{"rendered":"D\u0101vis Bert\u0101ns netiek pieteikts sp\u0113lei, \u201cDubai\u201d ABA l\u012bg\u0101 uzvar \u201cPartizan\u201d"},"content":{"rendered":"<p>\u201cDubai\u201d ar piec\u0101m uzvar\u0101m piec\u0101s turn\u012bra tabul\u0101 sp\u0113l\u0113s ie\u0146em pirmo vietu, bet Belgradas komanda ar bilanci 4-1 ir otr\u0101.<\/p>\n<p>Dubaijas komandai \u0161\u012b ir otr\u0101 sezona Adrijas l\u012bg\u0101 (ABA).<\/p>\n<p>Iepriek\u0161\u0113j\u0101 sezon\u0101 \u201cDubai\u201d pamatturn\u012br\u0101 ar 25 uzvar\u0101m 30 ma\u010dos ie\u0146\u0113ma tre\u0161o vietu, bet izsl\u0113g\u0161anas sp\u0113\u013cu turn\u012bra pusfin\u0101l\u0101 s\u0113rij\u0101 ar 1-2 piek\u0101p\u0101s n\u0101kamajai \u010dempionei Belgradas \u201cPartizan\u201d.<\/p>\n<p class=\"tv3-fw-500\">Zi\u0146o par k\u013c\u016bdu rakst\u0101<\/p>\n<p class=\"d-md-block d-none\">Iez\u012bm\u0113 k\u013c\u016bdaino tekstu un spied Ctrl+Enter.<\/p>\n<p class=\"d-md-none d-block\">Iez\u012bm\u0113 k\u013c\u016bdaino tekstu un zi\u0146o par to!<\/p>\n","protected":false},"excerpt":{"rendered":"\u201cDubai\u201d ar piec\u0101m uzvar\u0101m piec\u0101s turn\u012bra tabul\u0101 sp\u0113l\u0113s ie\u0146em pirmo vietu, bet Belgradas komanda ar bilanci 4-1 ir&hellip;\n","protected":false},"author":2,"featured_media":39313,"comment_status":"","ping_status":"","sticky":false,"template":"","format":"standard","meta":{"footnotes":""},"categories":[17],"tags":[11443,35,39,38,36,37,34,40,67],"class_list":{"0":"post-39312","1":"post","2":"type-post","3":"status-publish","4":"format-standard","5":"has-post-thumbnail","7":"category-sports","8":"tag-aba-ligaadrijas-ligabc-dubaibelgradas-partizandavis-bertans","9":"tag-latvia","10":"tag-latvian","11":"tag-latviesu","12":"tag-latviesu-valoda","13":"tag-latviesuvaloda","14":"tag-latvija","15":"tag-lv","16":"tag-sports"},"share_on_mastodon":{"url":"https:\/\/pubeurope.com\/@lv\/115488778039683388","error":""},"_links":{"self":[{"href":"https:\/\/www.europesays.com\/lv\/wp-json\/wp\/v2\/posts\/39312","targetHints":{"allow":["GET"]}}],"collection":[{"href":"https:\/\/www.europesays.com\/lv\/wp-json\/wp\/v2\/posts"}],"about":[{"href":"https:\/\/www.europesays.com\/lv\/wp-json\/wp\/v2\/types\/post"}],"author":[{"embeddable":true,"href":"https:\/\/www.europesays.com\/lv\/wp-json\/wp\/v2\/users\/2"}],"replies":[{"embeddable":true,"href":"https:\/\/www.europesays.com\/lv\/wp-json\/wp\/v2\/comments?post=39312"}],"version-history":[{"count":0,"href":"https:\/\/www.europesays.com\/lv\/wp-json\/wp\/v2\/posts\/39312\/revisions"}],"wp:featuredmedia":[{"embeddable":true,"href":"https:\/\/www.europesays.com\/lv\/wp-json\/wp\/v2\/media\/39313"}],"wp:attachment":[{"href":"https:\/\/www.europesays.com\/lv\/wp-json\/wp\/v2\/media?parent=39312"}],"wp:term":[{"taxonomy":"category","embeddable":true,"href":"https:\/\/www.europesays.com\/lv\/wp-json\/wp\/v2\/categories?post=39312"},{"taxonomy":"post_tag","embeddable":true,"href":"https:\/\/www.europesays.com\/lv\/wp-json\/wp\/v2\/tags?post=39312"}],"curies":[{"name":"wp","href":"https:\/\/api.w.org\/{rel}","templated":true}]}}