{"id":39316,"date":"2025-11-04T01:53:04","date_gmt":"2025-11-04T01:53:04","guid":{"rendered":"https:\/\/www.europesays.com\/lv\/39316\/"},"modified":"2025-11-04T01:53:04","modified_gmt":"2025-11-04T01:53:04","slug":"sakas-nato-macibu-resolute-warrior-aktiva-faze-gaidama-militaras-tehnikas-parvietosanas-latvija-lente-lv","status":"publish","type":"post","link":"https:\/\/www.europesays.com\/lv\/39316\/","title":{"rendered":"S\u0101kas NATO m\u0101c\u012bbu &#8220;Resolute Warrior&#8221; akt\u012bv\u0101 f\u0101ze; gaid\u0101ma milit\u0101r\u0101s tehnikas p\u0101rvieto\u0161an\u0101s Latvij\u0101\u00a0\u2014\u00a0Lente.lv"},"content":{"rendered":"<p>NATO m\u0101c\u012bbu &#8220;Resolute Warrior&#8221; akt\u012bv\u0101 f\u0101ze un milit\u0101r\u0101s tehnikas p\u0101rvieto\u0161an\u0101s Latvij\u0101<\/p>\n<p>No sv\u0113tdienas, 2025. gada 2. novembra, l\u012bdz 10. novembrim Latvijas teritorij\u0101 notiks NATO Daudznacion\u0101l\u0101s brig\u0101des \u012bstenot\u0101s m\u0101c\u012bbu &#8220;Resolute Warrior&#8221; akt\u012bv\u0101 f\u0101ze. \u0160\u012b v\u0113rien\u012bg\u0101 milit\u0101r\u0101 aktivit\u0101te paredz pastiprin\u0101tu sabiedroto valstu milit\u0101r\u0101s tehnikas p\u0101rvieto\u0161anos pa valsts noz\u012bmes un re\u0123ion\u0101lajiem autoce\u013ciem, galvenok\u0101rt Daugavpils, J\u0113kabpils un Madonas apk\u0101rtn\u0113, k\u0101 ar\u012b S\u0113lijas re\u0123ion\u0101. Pas\u0101kuma m\u0113r\u0137is ir stiprin\u0101t brig\u0101des vien\u012bbu sp\u0113jas veikt aizsardz\u012bbas uzdevumus vis\u0101 Latvijas teritorij\u0101, uzlabojot savstarp\u0113jo sadarb\u012bbu un savietojam\u012bbu.<\/p>\n<p>Satiksmes dro\u0161\u012bba un iedz\u012bvot\u0101ju aicin\u0101jumi<\/p>\n<p>Milit\u0101r\u0101s tehnikas p\u0101rvieto\u0161ana tiks veikta saska\u0146\u0101 ar iepriek\u0161 izstr\u0101d\u0101tiem un apstiprin\u0101tiem mar\u0161rutiem, nodro\u0161inot dro\u0161\u012bbu un p\u0101rskat\u0101m\u012bbu satiksm\u0113. Kolonnas pavad\u012bs Milit\u0101r\u0101 policija, Valsts policija vai Nacion\u0101lo bru\u0146oto sp\u0113ku P\u0101rvieto\u0161anas koordin\u0101cijas centrs. Autovad\u012bt\u0101ji tiek aicin\u0101ti b\u016bt \u012bpa\u0161i v\u0113r\u012bgi, atrodoties milit\u0101r\u0101s tehnikas tuvum\u0101, iev\u0113rot dro\u0161u distanci un attur\u0113ties no kolonnu apdz\u012b\u0161anas. Iedz\u012bvot\u0101ji tiek l\u016bgti iztur\u0113ties ar sapratni pret iesp\u0113jamiem \u012bslaic\u012bgiem satiksmes trauc\u0113jumiem, jo \u0161\u0101das m\u0101c\u012bbas ir b\u016btiskas valsts aizsardz\u012bbas sp\u0113ju uztur\u0113\u0161an\u0101. T\u0101pat paredz\u0113ti pl\u0101noti gaisa ku\u0123u un bezpilota lidapar\u0101tu lidojumi Latvijas gaisa telp\u0101, kas nepiecie\u0161ami vien\u012bbu kaujas un vad\u012bbas sp\u0113ju pilnveido\u0161anai.<\/p>\n<p>M\u0101c\u012bbu &#8220;Resolute Warrior&#8221; m\u0113r\u0137i un ieguvumi<\/p>\n<p>M\u0101c\u012bbas &#8220;Resolute Warrior&#8221; ietver da\u017e\u0101dus uzdevumus gan milit\u0101rajos poligonos, gan \u0101rpus tiem, pilnveidojot karav\u012bru prasmes civil\u0101s vides un Latvijas teritorijas \u012bpatn\u012bbu izpratn\u0113. Scen\u0101rijs paredz p\u0101rbaud\u012bt sp\u0113ju operat\u012bvi un saska\u0146oti p\u0101rvietot kaujas tehniku un atbalsta vien\u012bbas no past\u0101v\u012bgaj\u0101m dislok\u0101cijas viet\u0101m uz da\u017e\u0101diem Latvijas re\u0123ioniem. \u0160\u012bs aktivit\u0101tes pal\u012bdz\u0113s ne tikai stiprin\u0101t NATO sp\u0113ku gatav\u012bbu, bet ar\u012b uzlabot koordin\u0101ciju ar valsts un pa\u0161vald\u012bbu instit\u016bcij\u0101m, nodro\u0161inot efekt\u012bvu atbalstu gan ikdien\u0101, gan potenci\u0101la apdraud\u0113juma gad\u012bjum\u0101.<\/p>\n","protected":false},"excerpt":{"rendered":"NATO m\u0101c\u012bbu &#8220;Resolute Warrior&#8221; akt\u012bv\u0101 f\u0101ze un milit\u0101r\u0101s tehnikas p\u0101rvieto\u0161an\u0101s Latvij\u0101 No sv\u0113tdienas, 2025. gada 2. novembra, l\u012bdz&hellip;\n","protected":false},"author":2,"featured_media":39317,"comment_status":"","ping_status":"","sticky":false,"template":"","format":"standard","meta":{"footnotes":""},"categories":[5],"tags":[23,28,29,334,32,33,22,30,31,35,39,38,36,37,34,11445,40,575,11444,20,26,27,11000,24,25,21],"class_list":{"0":"post-39316","1":"post","2":"type-post","3":"status-publish","4":"format-standard","5":"has-post-thumbnail","7":"category-aktualitates","8":"tag-aktualitates","9":"tag-breaking-news","10":"tag-breakingnews","11":"tag-drosiba","12":"tag-featured-news","13":"tag-featurednews","14":"tag-headlines","15":"tag-latest-news","16":"tag-latestnews","17":"tag-latvia","18":"tag-latvian","19":"tag-latviesu","20":"tag-latviesu-valoda","21":"tag-latviesuvaloda","22":"tag-latvija","23":"tag-latvijas-celi","24":"tag-lv","25":"tag-militara-tehnika","26":"tag-nato-macibas","27":"tag-news","28":"tag-popularakas-zinas","29":"tag-popularakaszinas","30":"tag-resolute-warrior","31":"tag-top-stories","32":"tag-topstories","33":"tag-zinas"},"share_on_mastodon":{"url":"https:\/\/pubeurope.com\/@lv\/115488935344310052","error":""},"_links":{"self":[{"href":"https:\/\/www.europesays.com\/lv\/wp-json\/wp\/v2\/posts\/39316","targetHints":{"allow":["GET"]}}],"collection":[{"href":"https:\/\/www.europesays.com\/lv\/wp-json\/wp\/v2\/posts"}],"about":[{"href":"https:\/\/www.europesays.com\/lv\/wp-json\/wp\/v2\/types\/post"}],"author":[{"embeddable":true,"href":"https:\/\/www.europesays.com\/lv\/wp-json\/wp\/v2\/users\/2"}],"replies":[{"embeddable":true,"href":"https:\/\/www.europesays.com\/lv\/wp-json\/wp\/v2\/comments?post=39316"}],"version-history":[{"count":0,"href":"https:\/\/www.europesays.com\/lv\/wp-json\/wp\/v2\/posts\/39316\/revisions"}],"wp:featuredmedia":[{"embeddable":true,"href":"https:\/\/www.europesays.com\/lv\/wp-json\/wp\/v2\/media\/39317"}],"wp:attachment":[{"href":"https:\/\/www.europesays.com\/lv\/wp-json\/wp\/v2\/media?parent=39316"}],"wp:term":[{"taxonomy":"category","embeddable":true,"href":"https:\/\/www.europesays.com\/lv\/wp-json\/wp\/v2\/categories?post=39316"},{"taxonomy":"post_tag","embeddable":true,"href":"https:\/\/www.europesays.com\/lv\/wp-json\/wp\/v2\/tags?post=39316"}],"curies":[{"name":"wp","href":"https:\/\/api.w.org\/{rel}","templated":true}]}}