{"id":39318,"date":"2025-11-04T01:55:17","date_gmt":"2025-11-04T01:55:17","guid":{"rendered":"https:\/\/www.europesays.com\/lv\/39318\/"},"modified":"2025-11-04T01:55:17","modified_gmt":"2025-11-04T01:55:17","slug":"ulas-kausus-izcina-ridzenes-un-rbs-centra-meitenes-basketbols-sportacentrs-com","status":"publish","type":"post","link":"https:\/\/www.europesays.com\/lv\/39318\/","title":{"rendered":"U\u013cas kausus izc\u012bna &#8220;R\u012bdzenes&#8221; un RBS &#8220;Centra&#8221; meitenes \u2013 Basketbols \u2013 Sportacentrs.com"},"content":{"rendered":"<p>U15 grupas turn\u012br\u0101 p\u0101rliecino\u0161i uzvar\u0113ja RSS \u201cR\u012bdzene\u201d komanda (trenere Daiga \u017dvirble), kas uzvar\u0113ja vis\u0101s piec\u0101s sp\u0113l\u0113s. Pa trij\u0101m uzvar\u0101m sakr\u0101ja RBS P\u0101rdaugava\/\u201dKolibri\u201d (trenere Mud\u012bte G\u016btmane), RBS Centrs (treneris Ain\u0101rs \u010cukste) un Zviedrijas komanda \u201cKungsholmen Basket\u201d.<\/p>\n<p>U13 grupas turn\u012br\u0101 vis\u0101s piec\u0101s sp\u0113l\u0113s uzvar\u0113ja RBS Centrs (trenere L\u012bga Alilujeva). \u010cetras uzvaras RBS Jugla komanda (trenere Di\u0101na Kuzina), tr\u012bs \u2013 Ung\u0101rijas vien\u012bbai \u201cDarazsak Spotacademy\u201d.<\/p>\n<p>Katra komanda sagatavoja video sveicienu U\u013cjanai Semjonovai un apmekl\u0113ja Basketbola muzeja kr\u0101tuvi, lai uzzin\u0101tu vair\u0101k par Latvijas le\u0123endu.<\/p>\n<p>U\u013cjana Semjonova no 1968. l\u012bdz 1987. gadam bija R\u012bgas TTT komandas un Latvijas izlases l\u012bdere \u2013 vienpadsmitk\u0101rt\u0113ja Eiropas \u010dempionu kausa un Lili\u0101nas Ronketi Eiropas kausa ieguv\u0113ja, \u010detrk\u0101rt\u0113ja Tautu spartaki\u0101des \u010dempione. Sp\u0113l\u0113jot Padomju Savien\u012bbas izlas\u0113 \u2013 divk\u0101rt\u0113ja olimpisk\u0101, tr\u012bsk\u0101rt\u0113ja pasaules un desmitk\u0101rt\u0113ja Eiropas \u010dempione. 1993. gad\u0101 k\u0101 pirm\u0101 eiropiete uz\u0146emta Pasaules basketbola Slavas z\u0101l\u0113 Springf\u012bld\u0101, 1999. gad\u0101 \u2013 Sievie\u0161u basketbola Slavas z\u0101l\u0113, 2007. gad\u0101 \u2013 FIBA Slavas z\u0101l\u0113.<\/p>\n<p>Turn\u012brs notika \u012bpa\u0161\u0101 laik\u0101 \u2013 novembra s\u0101kum\u0101 1958. gad\u0101 jaundibin\u0101t\u0101 sievie\u0161u basketbola komanda R\u012bgas TTT aizvad\u012bja pirm\u0101s sp\u0113les, bet 6. novembr\u012b paredz\u0113ta pirmizr\u0101de re\u017eisora Dzintara Dreiberga  sp\u0113lfilmai \u201cT\u012bkl\u0101. TTT le\u0123endas dzim\u0161ana\u201d, kas v\u0113sta par komandas veido\u0161anu un t\u0101s pirm\u0101 sast\u0101va galvenaj\u0101m varon\u0113m.<\/p>\n<p>Izmantotie resursi:<br \/><a target=\"_blank\" href=\"https:\/\/ljbl.basket.lv\/ulas-kausus-izcina-ridzene-un-rbs-centrs-meitenes\/\" rel=\"nofollow noopener\">https:\/\/ljbl.basket.lv\/ulas-kausus-&#8230;<\/a><\/p>\n","protected":false},"excerpt":{"rendered":"U15 grupas turn\u012br\u0101 p\u0101rliecino\u0161i uzvar\u0113ja RSS \u201cR\u012bdzene\u201d komanda (trenere Daiga \u017dvirble), kas uzvar\u0113ja vis\u0101s piec\u0101s sp\u0113l\u0113s. Pa trij\u0101m&hellip;\n","protected":false},"author":2,"featured_media":36935,"comment_status":"","ping_status":"","sticky":false,"template":"","format":"standard","meta":{"footnotes":""},"categories":[17],"tags":[145,35,39,38,36,37,34,40,67],"class_list":{"0":"post-39318","1":"post","2":"type-post","3":"status-publish","4":"format-standard","5":"has-post-thumbnail","7":"category-sports","8":"tag-basketbols","9":"tag-latvia","10":"tag-latvian","11":"tag-latviesu","12":"tag-latviesu-valoda","13":"tag-latviesuvaloda","14":"tag-latvija","15":"tag-lv","16":"tag-sports"},"share_on_mastodon":{"url":"https:\/\/pubeurope.com\/@lv\/115488943173855072","error":""},"_links":{"self":[{"href":"https:\/\/www.europesays.com\/lv\/wp-json\/wp\/v2\/posts\/39318","targetHints":{"allow":["GET"]}}],"collection":[{"href":"https:\/\/www.europesays.com\/lv\/wp-json\/wp\/v2\/posts"}],"about":[{"href":"https:\/\/www.europesays.com\/lv\/wp-json\/wp\/v2\/types\/post"}],"author":[{"embeddable":true,"href":"https:\/\/www.europesays.com\/lv\/wp-json\/wp\/v2\/users\/2"}],"replies":[{"embeddable":true,"href":"https:\/\/www.europesays.com\/lv\/wp-json\/wp\/v2\/comments?post=39318"}],"version-history":[{"count":0,"href":"https:\/\/www.europesays.com\/lv\/wp-json\/wp\/v2\/posts\/39318\/revisions"}],"wp:featuredmedia":[{"embeddable":true,"href":"https:\/\/www.europesays.com\/lv\/wp-json\/wp\/v2\/media\/36935"}],"wp:attachment":[{"href":"https:\/\/www.europesays.com\/lv\/wp-json\/wp\/v2\/media?parent=39318"}],"wp:term":[{"taxonomy":"category","embeddable":true,"href":"https:\/\/www.europesays.com\/lv\/wp-json\/wp\/v2\/categories?post=39318"},{"taxonomy":"post_tag","embeddable":true,"href":"https:\/\/www.europesays.com\/lv\/wp-json\/wp\/v2\/tags?post=39318"}],"curies":[{"name":"wp","href":"https:\/\/api.w.org\/{rel}","templated":true}]}}