{"id":39327,"date":"2025-11-04T03:37:11","date_gmt":"2025-11-04T03:37:11","guid":{"rendered":"https:\/\/www.europesays.com\/lv\/39327\/"},"modified":"2025-11-04T03:37:11","modified_gmt":"2025-11-04T03:37:11","slug":"neesmu-gatavs-braukt-uz-vietu-kas-roberts-bukarts-par-situaciju-karjera","status":"publish","type":"post","link":"https:\/\/www.europesays.com\/lv\/39327\/","title":{"rendered":"&#8220;Neesmu gatavs braukt uz vietu, kas&#8230;&#8221; &#8211; Roberts Bukarts par situ\u0101ciju karjer\u0101"},"content":{"rendered":"<p>                                <img decoding=\"async\" src=\"https:\/\/www.europesays.com\/lv\/wp-content\/uploads\/2025\/11\/let_24767696-750x450.jpg\"   alt=\"Roberts Bukarts\" class=\"post-featured-image\"\/><\/p>\n<p>Roberts Bukarts | Foto: Edijs P\u0101lens\/LETA<\/p>\n<p>Latvijas hokeja izlases uzbruc\u0113js <a href=\"https:\/\/www.sportazinas.com\/atsl%C4%93gv%C4%81rdi\/roberts-bukarts\/\" rel=\"nofollow noopener\" target=\"_blank\">Roberts Bukarts<\/a> sarun\u0101 ar port\u0101lu \u201cSportazinas.com\u201d koment\u0113jis pievieno\u0161anos valstsvien\u012bbai un pa\u0161reiz\u0113jo situ\u0101ciju karjer\u0101.<\/p>\n<p>Latvijas valstsvien\u012bba \u0161odien aizvad\u012bja pirmo treni\u0146u, gatavojoties ned\u0113\u013cas izska\u0146\u0101 paredz\u0113tajam p\u0101rbaudes turn\u012bram V\u0101cij\u0101. <a href=\"https:\/\/www.lhf.lv\/lv\/jaunumi\/pazinots-latvijas-izlases-sastavs-prestizajam-deutschland-cup-turniram\" target=\"_blank\" rel=\"noreferrer noopener nofollow\">Izlases sast\u0101v\u0101<\/a> iek\u013cauti teju visi lab\u0101kie Eirop\u0101 sp\u0113l\u0113jo\u0161ie hokejisti, ta\u010du vi\u0146u vid\u016b ir ar\u012b vec\u0101kais no br\u0101\u013ciem Bukartiem, kur\u0161 \u0161obr\u012bd ir bez kluba. Robertam \u0161is bija pirmais treni\u0146\u0161 izlas\u0113 p\u0113c vair\u0101k nek\u0101 gada pauzes \u2013 j\u0101atg\u0101dina, ka \u0161opavasar vi\u0146\u0161 nepiedal\u012bj\u0101s pasaules \u010dempion\u0101t\u0101.<\/p>\n<p>\u201c[Tas nav nekas t\u0101ds, jo] bija viens br\u012bdis, kad mani uz izlasi visp\u0101r nesauca,\u201d p\u0113c pirm\u0101 treni\u0146a sac\u012bja Bukarts. \u201cFor\u0161s treni\u0146\u0161, for\u0161i paslidoj\u0101m. Vismaz beidzot par ledu nav j\u0101maks\u0101 \u2013 tas ir pozit\u012bvi! Kad darbi\u0146a nav, tad pa\u0161am j\u0101maks\u0101, neviens tav\u0101 viet\u0101 to nedar\u012bs.\u201d<\/p>\n<p>Vai Bukartam \u0161\u012b ned\u0113\u013ca, kur\u0101 Latvijas izlase dosies uz V\u0101ciju, jau ilg\u0101ku laiku bija apvilkta kalend\u0101r\u0101? \u201cVisp\u0101r n\u0113!\u201d nor\u0101d\u012bja uzbruc\u0113js. \u201cEs jau nezin\u0101ju, vai mani sauks vai nesauks. Vien\u0101 br\u012bd\u012b \u0123ener\u0101lmened\u017eeris R\u016bdolfs Kalv\u012btis piezvan\u012bja un teica, ka b\u016bs iesp\u0113ja uzsp\u0113l\u0113t.\u201d<\/p>\n<p>\u201cTas uzreiz iedeva skaidr\u012bbu,\u201d savu mentalit\u0101ti p\u0113c sa\u0146emt\u0101 zvana no Kalv\u012b\u0161a skaidroja Bukarts. \u201cJo cit\u0101d\u0101k tu gatavojies, ieej form\u0101, izej no formas \u2013 t\u0101 vismaz kaut k\u0101das tr\u012bs reizes bija. Tad [p\u0113c izsaukuma] zin\u0101ju, kam gatavoties, jo bija zin\u0101mi konkr\u0113ti datumi, kad b\u016bs kop\u012bgi izlases treni\u0146i. K\u0101d\u0101 form\u0101 esmu \u0161obr\u012bd? Gr\u016bti pateikt. Kad pien\u0101ks sp\u0113les, tad redz\u0113sim. K\u0101 saka \u2013 tu vari tren\u0113ties, cik gribi, bet sp\u0113les ir sp\u0113les.\u201d<\/p>\n<p>Bukarts iepriek\u0161\u0113j\u0101s devi\u0146as no desmit sezon\u0101m pavad\u012bja \u010cehijas ekstral\u012bg\u0101, kur vi\u0146\u0161 alla\u017e laic\u012bgi bija ticis pie l\u012bgumiem. Neskatoties uz to, ka uzbruc\u0113js ir non\u0101cis sev neierast\u0101 situ\u0101cij\u0101, vi\u0146\u0161 par to p\u0101r\u0101k neuztraucas.<\/p>\n<p>\u201cMan ir 35 gadi un \u0161obr\u012bd l\u012bdz kaut k\u0101dam decembra s\u0101kumam neesmu gatavs braukt uz vietu, kas mani neuzrun\u0101 kaut k\u0101d\u0101s noteikt\u0101s v\u0113lm\u0113s. Viss ir piln\u012bb\u0101 norm\u0101li, esmu visp\u0101r bez stresa,\u201d nor\u0101d\u012bja 11 pasaules \u010dempion\u0101ts dal\u012bbnieks Bukarts.<\/p>\n<p><img fetchpriority=\"high\" decoding=\"async\" width=\"1638\" height=\"1080\" src=\"https:\/\/www.europesays.com\/lv\/wp-content\/uploads\/2025\/11\/roberts-bukarts-sportazinas-scaled.jpeg\" alt=\"Roberts Bukarts\" class=\"wp-image-433257\"\/>Roberts Bukarts pag\u0101ju\u0161\u0101 sezon\u0101 \u201cVitkovice\u201d komandas rind\u0101s | Foto: \u201cVitkovice\u201d<\/p>\n<p>\u201cMan bija l\u012bdz\u012bgi pirms desmit gadiem [pirms es non\u0101cu \u010cehij\u0101 pirmo reizi]. T\u0101 vienk\u0101r\u0161i ir realit\u0101te. Taj\u0101 pa\u0161\u0101 laik\u0101 person\u012bgaj\u0101 dz\u012bv\u0113 bija daudzas lietas sakr\u0101ju\u0161\u0101s, ko bija iesp\u0113ja atrisin\u0101t. Var\u0113ju padarboties \u0101rpus hokeja, jo t\u0101 viss p\u0101r\u0113jais vienm\u0113r bija palicis otraj\u0101 pl\u0101n\u0101. \u0160is ar\u012b dod priek\u0161statu, k\u0101da var\u0113tu b\u016bt saj\u016bta, kad hokejs beigsies, t\u0101d\u0113\u013c uzskatu, ka viss ir k\u0101rt\u012bb\u0101 \u2013 pozit\u012bvi izmantots laiks.\u201d<\/p>\n<p>P\u0113rn Bukarts p\u0101rst\u0101v\u0113ja Ostravas \u201cVitkovice\u201d komandu, kuras rind\u0101s vi\u0146\u0161 46 pamatturn\u012bra sp\u0113l\u0113s guva se\u0161us v\u0101rtus un izdar\u012bja devi\u0146as rezultat\u012bvas piesp\u0113les, bet piec\u0101s \u201cplay-off\u201d  c\u012b\u0146\u0101s tika pie viena gola. Lai ar\u012b \u010cehijas ekstral\u012bg\u0101 nosp\u0113l\u0113tas devi\u0146as sezonas, Bukarts nezin\u0101ja, vai \u0161\u012bs valsts klubi par vi\u0146u izr\u0101da interesi. \u201cTas jau nav j\u0101prasa man, tas j\u0101prasa klubu vad\u012bb\u0101m un manam a\u0123entam. Kam\u0113r uz galda nav konkr\u0113ts l\u012bgums, mans a\u0123ents zina, ka vi\u0146am nav man j\u0101zvana.\u201d<\/p>\n<p>Roberts gan nav vien\u012bgais hokejists Bukartu \u0123imen\u0113, kur\u0161 \u0161obr\u012bd ir bez kluba. L\u012bdz\u012bg\u0101 situ\u0101cij\u0101 ir vi\u0146a br\u0101lis Rihards, kur\u0161 ar\u012b sa\u0146\u0113mis izsaukumu uz izlasi. \u201cT\u0101 ir realit\u0101te \u2013 ja darba nav, tad ej un tren\u0113jies, gatavojies, dari kaut ko citu. Viss jau ir atkar\u012bgs no t\u0101, k\u0101 tu to uztver. Katra konkr\u0113t\u0101 situ\u0101cija j\u0101uztver k\u0101 iesp\u0113ja kaut kam jaunam. K\u0101 ir, t\u0101 ir \u2013 t\u0101d\u0101 situ\u0101cij\u0101 \u0161obr\u012bd esam. \u0160\u012b situ\u0101cija vienk\u0101r\u0161i j\u0101pie\u0146em un j\u0101cen\u0161as no t\u0101s izspiest maksimumu.\u201d<\/p>\n<p>Roberts t\u0101pat negras\u012bj\u0101s spriest, cik ilgi vi\u0146\u0161 gatavs gaid\u012bt, lai atrastu darbavietu. \u201cGrib\u0113tos jau \u0161odien atrast. Viss ir Dieva rok\u0101s \u2013 dz\u012bvosim, redz\u0113sim,\u201d pauda pieredz\u0113ju\u0161ais uzbruc\u0113js.<\/p>\n","protected":false},"excerpt":{"rendered":"Roberts Bukarts | Foto: Edijs P\u0101lens\/LETA Latvijas hokeja izlases uzbruc\u0113js Roberts Bukarts sarun\u0101 ar port\u0101lu \u201cSportazinas.com\u201d koment\u0113jis pievieno\u0161anos&hellip;\n","protected":false},"author":2,"featured_media":39328,"comment_status":"","ping_status":"","sticky":false,"template":"","format":"standard","meta":{"footnotes":""},"categories":[17],"tags":[35,39,38,36,37,34,40,67],"class_list":{"0":"post-39327","1":"post","2":"type-post","3":"status-publish","4":"format-standard","5":"has-post-thumbnail","7":"category-sports","8":"tag-latvia","9":"tag-latvian","10":"tag-latviesu","11":"tag-latviesu-valoda","12":"tag-latviesuvaloda","13":"tag-latvija","14":"tag-lv","15":"tag-sports"},"share_on_mastodon":{"url":"https:\/\/pubeurope.com\/@lv\/115489344300835348","error":""},"_links":{"self":[{"href":"https:\/\/www.europesays.com\/lv\/wp-json\/wp\/v2\/posts\/39327","targetHints":{"allow":["GET"]}}],"collection":[{"href":"https:\/\/www.europesays.com\/lv\/wp-json\/wp\/v2\/posts"}],"about":[{"href":"https:\/\/www.europesays.com\/lv\/wp-json\/wp\/v2\/types\/post"}],"author":[{"embeddable":true,"href":"https:\/\/www.europesays.com\/lv\/wp-json\/wp\/v2\/users\/2"}],"replies":[{"embeddable":true,"href":"https:\/\/www.europesays.com\/lv\/wp-json\/wp\/v2\/comments?post=39327"}],"version-history":[{"count":0,"href":"https:\/\/www.europesays.com\/lv\/wp-json\/wp\/v2\/posts\/39327\/revisions"}],"wp:featuredmedia":[{"embeddable":true,"href":"https:\/\/www.europesays.com\/lv\/wp-json\/wp\/v2\/media\/39328"}],"wp:attachment":[{"href":"https:\/\/www.europesays.com\/lv\/wp-json\/wp\/v2\/media?parent=39327"}],"wp:term":[{"taxonomy":"category","embeddable":true,"href":"https:\/\/www.europesays.com\/lv\/wp-json\/wp\/v2\/categories?post=39327"},{"taxonomy":"post_tag","embeddable":true,"href":"https:\/\/www.europesays.com\/lv\/wp-json\/wp\/v2\/tags?post=39327"}],"curies":[{"name":"wp","href":"https:\/\/api.w.org\/{rel}","templated":true}]}}