{"id":39329,"date":"2025-11-04T03:43:21","date_gmt":"2025-11-04T03:43:21","guid":{"rendered":"https:\/\/www.europesays.com\/lv\/39329\/"},"modified":"2025-11-04T03:43:21","modified_gmt":"2025-11-04T03:43:21","slug":"kristapa-porzinga-sezonas-pirmais-double-double-neglabj-atlantas-hawks-no-zaudejuma-jauns-lv-2","status":"publish","type":"post","link":"https:\/\/www.europesays.com\/lv\/39329\/","title":{"rendered":"Kristapa Porzi\u0146\u0123a sezonas pirmais &quot;double-double&quot; negl\u0101bj Atlantas &quot;Hawks&quot; no zaud\u0113juma &#8211; Jauns.lv"},"content":{"rendered":"<ol>\n<li><a href=\"https:\/\/news.google.com\/rss\/articles\/CBMivwFBVV95cUxOenR0ZnhDTHVnZHhqWU1mQXpvTjZvZ1JzQzdXQ2htTmVtNmRhUU1XLUtRYUJFQ01GQjlpbV9hOHdjRk0ySWtOZmJpVWVVZ0xza1BSbGhCU3JoXzVVVUk5TGx6UTZqd2NaVHl2T0g3UnBwSWtHMzNfaE1oMmUzenB1dmVoVV9QWlF2bmJXeEl5bV94OWs5QW5GT2tBVXY1QWFTMnIxTlQ4U2ZJSGxHdkRfWFBCS281WEg4bzlhNVR6NA?oc=5\" target=\"_blank\" rel=\"nofollow noopener\">Kristapa Porzi\u0146\u0123a sezonas pirmais &#8220;double-double&#8221; negl\u0101bj Atlantas &#8220;Hawks&#8221; no zaud\u0113juma<\/a>&nbsp;&nbsp;Jauns.lv<\/li>\n<li><a href=\"https:\/\/news.google.com\/rss\/articles\/CBMivgFBVV95cUxQVThBdmlKNm0xdF9oLUlaaWhTMmZ6aWVsY3Q0UzhNcWY0ektmV05VWGk2cGp6b3RkWllKUE1LX2Y3WDZSOWVRd3lRMF9yYlpuNV9sbFViQnJ1a2dPUXFfLWlBYmltN0FmTG11bno5aFlZRVIxNlloX0lNUUsyUVFCNlpWdFNuaGVvWkpEZ2lUNHdHT1VuQVQxNlphSXAzYXgwcFZiRU1kdGhIVHBWTmc3UTZsWjhDQTBXd05zSXBn?oc=5\" target=\"_blank\" rel=\"nofollow noopener\">VIDEO: Meistar\u012bgais Vienradzis &#8211; Porzi\u0146\u0123is piesp\u0113l\u0113 gu\u013cot uz gr\u012bdas un uzliek jumtu Moblijam<\/a>&nbsp;&nbsp;tv3.lv<\/li>\n<li><a href=\"https:\/\/news.google.com\/rss\/articles\/CBMitAFBVV95cUxNcVM1aThUYXlFdEFIaHEwbGpjRkd1V2UxUUVvWkZPQU16N0pEWk9wZUdXLXRQV05EMVl1U014ZG9CdkN2aWZraFEzdzlPUlhPNWYzWmpuWlN3WVJ2QTQ0Qkw1a1dZLUd5ZFBzTVFVWnB4YlBfaDUxOHU2dzhwVkpTSjYyRThpUkRXSGJ4UDJ5U1RVelA5eDZMeG1BRUtKRTk4VXppLWZ0eGJ0ajlEM2lvYXlzT3E?oc=5\" target=\"_blank\" rel=\"nofollow noopener\">&#8220;Hawks&#8221; bez l\u012bdera Janga b\u016bs j\u0101iztiek vismaz viens m\u0113nesis<\/a>&nbsp;&nbsp;Delfi<\/li>\n<li><a href=\"https:\/\/news.google.com\/rss\/articles\/CBMirgFBVV95cUxQaWlOdnAwUENqcFQyWFlhQWV1LWlIaWJqTFZCcmg5cHFveEl5TGJxTVJ1VlhwbzNuYUpacFJhSjdXMHVCVHZlZ2c3NEx3UjNCT2dwVFdCYXQzRldQZGtlNmZDWUVfN2ltTmRMd290LWZnQVhqbjVUWlU0Zm1GVk11cEVTdVhhX2RSUng4U1NHVlkyWXZCU181MnJWZGRQZDhIRjR5RGRPNERRbVc5d3c?oc=5\" target=\"_blank\" rel=\"nofollow noopener\">Video: Porzi\u0146\u0123is iekr\u0101j 12 atl\u0113ku\u0161\u0101s bumbas un atdod piecas rezultat\u012bvas piesp\u0113les \u2013 Basketbols<\/a>&nbsp;&nbsp;Sportacentrs.com<\/li>\n<li><a href=\"https:\/\/news.google.com\/rss\/articles\/CBMib0FVX3lxTE82ZXZ4TjgtaVdkMkZ2dnQ1VW5UdUllN0d3bUhvXzZzVjFyazZwM1o3TnN0TXg3N1lnUGc3SXR3RjczS3FWRy1FMHZ6TzgyUS1iWmROX3ZqalZ2MjVIS0xuVWdWTGlRc0g5eS1hNGFJUQ?oc=5\" target=\"_blank\" rel=\"nofollow noopener\">Porzi\u0146\u0123im &#8220;double-double&#8221; NBA ma\u010d\u0101<\/a>&nbsp;&nbsp;Apollo.lv<\/li>\n<\/ol>\n","protected":false},"excerpt":{"rendered":"Kristapa Porzi\u0146\u0123a sezonas pirmais &#8220;double-double&#8221; negl\u0101bj Atlantas &#8220;Hawks&#8221; no zaud\u0113juma&nbsp;&nbsp;Jauns.lv VIDEO: Meistar\u012bgais Vienradzis &#8211; Porzi\u0146\u0123is piesp\u0113l\u0113 gu\u013cot uz&hellip;\n","protected":false},"author":2,"featured_media":38487,"comment_status":"","ping_status":"","sticky":false,"template":"","format":"standard","meta":{"footnotes":""},"categories":[17],"tags":[35,39,38,36,37,34,40,67],"class_list":{"0":"post-39329","1":"post","2":"type-post","3":"status-publish","4":"format-standard","5":"has-post-thumbnail","7":"category-sports","8":"tag-latvia","9":"tag-latvian","10":"tag-latviesu","11":"tag-latviesu-valoda","12":"tag-latviesuvaloda","13":"tag-latvija","14":"tag-lv","15":"tag-sports"},"share_on_mastodon":{"url":"https:\/\/pubeurope.com\/@lv\/115489367829095151","error":""},"_links":{"self":[{"href":"https:\/\/www.europesays.com\/lv\/wp-json\/wp\/v2\/posts\/39329","targetHints":{"allow":["GET"]}}],"collection":[{"href":"https:\/\/www.europesays.com\/lv\/wp-json\/wp\/v2\/posts"}],"about":[{"href":"https:\/\/www.europesays.com\/lv\/wp-json\/wp\/v2\/types\/post"}],"author":[{"embeddable":true,"href":"https:\/\/www.europesays.com\/lv\/wp-json\/wp\/v2\/users\/2"}],"replies":[{"embeddable":true,"href":"https:\/\/www.europesays.com\/lv\/wp-json\/wp\/v2\/comments?post=39329"}],"version-history":[{"count":0,"href":"https:\/\/www.europesays.com\/lv\/wp-json\/wp\/v2\/posts\/39329\/revisions"}],"wp:featuredmedia":[{"embeddable":true,"href":"https:\/\/www.europesays.com\/lv\/wp-json\/wp\/v2\/media\/38487"}],"wp:attachment":[{"href":"https:\/\/www.europesays.com\/lv\/wp-json\/wp\/v2\/media?parent=39329"}],"wp:term":[{"taxonomy":"category","embeddable":true,"href":"https:\/\/www.europesays.com\/lv\/wp-json\/wp\/v2\/categories?post=39329"},{"taxonomy":"post_tag","embeddable":true,"href":"https:\/\/www.europesays.com\/lv\/wp-json\/wp\/v2\/tags?post=39329"}],"curies":[{"name":"wp","href":"https:\/\/api.w.org\/{rel}","templated":true}]}}