{"id":39373,"date":"2025-11-04T05:17:32","date_gmt":"2025-11-04T05:17:32","guid":{"rendered":"https:\/\/www.europesays.com\/lv\/39373\/"},"modified":"2025-11-04T05:17:32","modified_gmt":"2025-11-04T05:17:32","slug":"prognoze-uz-nedelu-sinoptiki-atklaj-kartes","status":"publish","type":"post","link":"https:\/\/www.europesays.com\/lv\/39373\/","title":{"rendered":"Prognoze uz ned\u0113\u013cu &#8211; sinopti\u0137i atkl\u0101j kartes"},"content":{"rendered":"<p>\u0160aj\u0101 ned\u0113\u013c\u0101 Latvij\u0101 saglab\u0101sies p\u0101rsvar\u0101 m\u0101ko\u0146aina un silta laika prognoze ar \u012bslaic\u012bgiem lietiem, prognoz\u0113 sinopti\u0137i.<\/p>\n<p>Pirmdien liel\u0101kaj\u0101 da\u013c\u0101 re\u0123ionu gaid\u0101mi \u012bslaic\u012bgi lieti, gaisa temperat\u016bra b\u016bs +7\u2026+11 gr\u0101di.<\/p>\n<p>Otrdien debes\u012bs viet\u0101m skaidrosies, daudzos re\u0123ionos l\u012bs, piekrast\u0113 gaid\u0101mas dienvidrietumu v\u0113ja br\u0101zmas l\u012bdz 16 metriem sekund\u0113. Minim\u0101l\u0101 gaisa temperat\u016bra nakt\u012b b\u016bs +3\u2026+7 gr\u0101di, dien\u0101 gaiss uzsils l\u012bdz +8\u2026+12 gr\u0101diem.<\/p>\n<p>Ned\u0113\u013cas vid\u016b viet\u0101m gaid\u0101mi lieti un migla, p\u016bt\u012bs v\u0101ji un m\u0113reni dienvidrietumu v\u0113ji, gaisa temperat\u016bra b\u016bs +8\u2026+13 gr\u0101di, nakt\u012b &#8211; ap +6 gr\u0101diem. Atsevi\u0161\u0137os re\u0123ionos var tikt p\u0101rsp\u0113ti siltuma rekordi.<\/p>\n<p>Saska\u0146\u0101 ar pa\u0161reiz\u0113j\u0101m prognoz\u0113m br\u012bvdien\u0101s b\u016btiski nokri\u0161\u0146i netiek gaid\u012bti, ta\u010du k\u013c\u016bs v\u0113s\u0101k.<\/p>\n<p>Saska\u0146\u0101 ar Eiropas vid\u0113ja termi\u0146a laika progno\u017eu centru, vid\u0113j\u0101 gaisa temperat\u016bra \u0161aj\u0101 ned\u0113\u013c\u0101 Latvij\u0101 b\u016bs par \u010detriem gr\u0101diem augst\u0101ka par normu, savuk\u0101rt n\u0101kamned\u0113\u013c t\u0101 var samazin\u0101ties l\u012bdz novembrim rakstur\u012bgajam l\u012bmenim.<\/p>\n","protected":false},"excerpt":{"rendered":"\u0160aj\u0101 ned\u0113\u013c\u0101 Latvij\u0101 saglab\u0101sies p\u0101rsvar\u0101 m\u0101ko\u0146aina un silta laika prognoze ar \u012bslaic\u012bgiem lietiem, prognoz\u0113 sinopti\u0137i. Pirmdien liel\u0101kaj\u0101 da\u013c\u0101&hellip;\n","protected":false},"author":2,"featured_media":39374,"comment_status":"","ping_status":"","sticky":false,"template":"","format":"standard","meta":{"footnotes":""},"categories":[5],"tags":[23,28,29,32,33,22,30,31,35,39,38,36,37,34,40,20,26,27,24,25,21],"class_list":{"0":"post-39373","1":"post","2":"type-post","3":"status-publish","4":"format-standard","5":"has-post-thumbnail","7":"category-aktualitates","8":"tag-aktualitates","9":"tag-breaking-news","10":"tag-breakingnews","11":"tag-featured-news","12":"tag-featurednews","13":"tag-headlines","14":"tag-latest-news","15":"tag-latestnews","16":"tag-latvia","17":"tag-latvian","18":"tag-latviesu","19":"tag-latviesu-valoda","20":"tag-latviesuvaloda","21":"tag-latvija","22":"tag-lv","23":"tag-news","24":"tag-popularakas-zinas","25":"tag-popularakaszinas","26":"tag-top-stories","27":"tag-topstories","28":"tag-zinas"},"share_on_mastodon":{"url":"https:\/\/pubeurope.com\/@lv\/115489737512079065","error":""},"_links":{"self":[{"href":"https:\/\/www.europesays.com\/lv\/wp-json\/wp\/v2\/posts\/39373","targetHints":{"allow":["GET"]}}],"collection":[{"href":"https:\/\/www.europesays.com\/lv\/wp-json\/wp\/v2\/posts"}],"about":[{"href":"https:\/\/www.europesays.com\/lv\/wp-json\/wp\/v2\/types\/post"}],"author":[{"embeddable":true,"href":"https:\/\/www.europesays.com\/lv\/wp-json\/wp\/v2\/users\/2"}],"replies":[{"embeddable":true,"href":"https:\/\/www.europesays.com\/lv\/wp-json\/wp\/v2\/comments?post=39373"}],"version-history":[{"count":0,"href":"https:\/\/www.europesays.com\/lv\/wp-json\/wp\/v2\/posts\/39373\/revisions"}],"wp:featuredmedia":[{"embeddable":true,"href":"https:\/\/www.europesays.com\/lv\/wp-json\/wp\/v2\/media\/39374"}],"wp:attachment":[{"href":"https:\/\/www.europesays.com\/lv\/wp-json\/wp\/v2\/media?parent=39373"}],"wp:term":[{"taxonomy":"category","embeddable":true,"href":"https:\/\/www.europesays.com\/lv\/wp-json\/wp\/v2\/categories?post=39373"},{"taxonomy":"post_tag","embeddable":true,"href":"https:\/\/www.europesays.com\/lv\/wp-json\/wp\/v2\/tags?post=39373"}],"curies":[{"name":"wp","href":"https:\/\/api.w.org\/{rel}","templated":true}]}}