{"id":39383,"date":"2025-11-04T05:33:08","date_gmt":"2025-11-04T05:33:08","guid":{"rendered":"https:\/\/www.europesays.com\/lv\/39383\/"},"modified":"2025-11-04T05:33:08","modified_gmt":"2025-11-04T05:33:08","slug":"zelenskis-noliedz-krievijas-apgalvojumus-par-panakumiem-pokrovska-diena","status":"publish","type":"post","link":"https:\/\/www.europesays.com\/lv\/39383\/","title":{"rendered":"Zelenskis noliedz Krievijas apgalvojumus par pan\u0101kumiem Pokrovsk\u0101 \/ Diena"},"content":{"rendered":"<p>Zelenskis sac\u012bja, ka krievu sp\u0113kiem &#8220;p\u0113d\u0113j\u0101s dien\u0101s&#8221; &#8220;nav biju\u0161i nek\u0101di pan\u0101kumi&#8221; Pokrovsk\u0101.<\/p>\n<p>&#13;<br \/>\n&#13;<\/p>\n<blockquote><p>&#13;<\/p>\n<p>Prezidents atzina, ka situ\u0101cija Ukrainas sp\u0113kiem ir &#8220;gr\u016bta&#8221;, bet sac\u012bja, ka tiem v\u0113l arvien ir virsroka Dobropi\u013c\u013cas pils\u0113t\u0101 net\u0101lu no Pokrovskas.<\/p>\n<p>&#13;\n<\/p><\/blockquote>\n<p>&#13;<br \/>\n&#13;<\/p>\n<p>Savuk\u0101rt situ\u0101cija Liman\u0101, Kramatorsk\u0101 un Kostjanti\u0146ivk\u0101 nav main\u012bjusies, piebilda Zelenskis.<\/p>\n<p>&#13;<br \/>\n&#13;<\/p>\n<p>Run\u0101jot par Harkivas apgabala Kupjanskas pils\u0113tu, Zelenskis sac\u012bja, ka \u0161aj\u0101 pils\u0113t\u0101 paliku\u0161i tikai 60 krievu karav\u012bru. &#8220;M\u0113s to visu izt\u012br\u012bsim&#8221; no krievu okupantiem, sac\u012bja Zelenskis.<\/p>\n<p>&#13;<br \/>\n&#13;<\/p>\n<p>Krievijas diktators Vladimirs Zelenskis ir vair\u0101kk\u0101rt apgalvojis, ka Ukrainas sp\u0113ki Pokrovsk\u0101 un Kupjansk\u0101 esot aplenkti. Kijiva ir konsekventi noliegusi \u0161os apgalvojumus, bet atz\u012bst, ka situ\u0101cija Pokrovsk\u0101 ir gr\u016bta.<\/p>\n<p>&#13;<br \/>\n&#13;<\/p>\n<p>Ir zi\u0146ots, ka apm\u0113ram 30% no kauj\u0101m front\u0113 notiek Pokrovskas rajon\u0101 Doneckas apgabal\u0101.<\/p>\n<p>&#13;<\/p>\n","protected":false},"excerpt":{"rendered":"Zelenskis sac\u012bja, ka krievu sp\u0113kiem &#8220;p\u0113d\u0113j\u0101s dien\u0101s&#8221; &#8220;nav biju\u0161i nek\u0101di pan\u0101kumi&#8221; Pokrovsk\u0101. &#13; &#13; &#13; Prezidents atzina, ka&hellip;\n","protected":false},"author":2,"featured_media":39384,"comment_status":"","ping_status":"","sticky":false,"template":"","format":"standard","meta":{"footnotes":""},"categories":[14],"tags":[23,57,28,29,32,33,22,30,31,35,39,38,36,37,34,40,20,26,27,24,25,54,55,56,21,58],"class_list":{"0":"post-39383","1":"post","2":"type-post","3":"status-publish","4":"format-standard","5":"has-post-thumbnail","7":"category-zinas-no-arvalstim","8":"tag-aktualitates","9":"tag-arvalstim","10":"tag-breaking-news","11":"tag-breakingnews","12":"tag-featured-news","13":"tag-featurednews","14":"tag-headlines","15":"tag-latest-news","16":"tag-latestnews","17":"tag-latvia","18":"tag-latvian","19":"tag-latviesu","20":"tag-latviesu-valoda","21":"tag-latviesuvaloda","22":"tag-latvija","23":"tag-lv","24":"tag-news","25":"tag-popularakas-zinas","26":"tag-popularakaszinas","27":"tag-top-stories","28":"tag-topstories","29":"tag-world","30":"tag-world-news","31":"tag-worldnews","32":"tag-zinas","33":"tag-zinas-no-arvalstim"},"share_on_mastodon":{"url":"https:\/\/pubeurope.com\/@lv\/115489800372137146","error":""},"_links":{"self":[{"href":"https:\/\/www.europesays.com\/lv\/wp-json\/wp\/v2\/posts\/39383","targetHints":{"allow":["GET"]}}],"collection":[{"href":"https:\/\/www.europesays.com\/lv\/wp-json\/wp\/v2\/posts"}],"about":[{"href":"https:\/\/www.europesays.com\/lv\/wp-json\/wp\/v2\/types\/post"}],"author":[{"embeddable":true,"href":"https:\/\/www.europesays.com\/lv\/wp-json\/wp\/v2\/users\/2"}],"replies":[{"embeddable":true,"href":"https:\/\/www.europesays.com\/lv\/wp-json\/wp\/v2\/comments?post=39383"}],"version-history":[{"count":0,"href":"https:\/\/www.europesays.com\/lv\/wp-json\/wp\/v2\/posts\/39383\/revisions"}],"wp:featuredmedia":[{"embeddable":true,"href":"https:\/\/www.europesays.com\/lv\/wp-json\/wp\/v2\/media\/39384"}],"wp:attachment":[{"href":"https:\/\/www.europesays.com\/lv\/wp-json\/wp\/v2\/media?parent=39383"}],"wp:term":[{"taxonomy":"category","embeddable":true,"href":"https:\/\/www.europesays.com\/lv\/wp-json\/wp\/v2\/categories?post=39383"},{"taxonomy":"post_tag","embeddable":true,"href":"https:\/\/www.europesays.com\/lv\/wp-json\/wp\/v2\/tags?post=39383"}],"curies":[{"name":"wp","href":"https:\/\/api.w.org\/{rel}","templated":true}]}}