{"id":39407,"date":"2025-11-04T06:05:13","date_gmt":"2025-11-04T06:05:13","guid":{"rendered":"https:\/\/www.europesays.com\/lv\/39407\/"},"modified":"2025-11-04T06:05:13","modified_gmt":"2025-11-04T06:05:13","slug":"belgija-noverojusi-aizdomigus-lidrobotus-pastav-bazas-par-spiegosanu-bnn-lv","status":"publish","type":"post","link":"https:\/\/www.europesays.com\/lv\/39407\/","title":{"rendered":"Be\u013c\u0123ija nov\u0113rojusi aizdom\u012bgus lidrobotus; past\u0101v ba\u017eas par spiego\u0161anu &#8211; &#8211; bnn.lv"},"content":{"rendered":"<ol>\n<li><a href=\"https:\/\/news.google.com\/rss\/articles\/CBMikwFBVV95cUxNVXlXTlNWZWpmaG5VVVZIUXRlOExoZ3hIN2J6SFFPdGRzRWQ2bkxyc1MwNHdKLUZvbXJocXlPVHRUU1pzR0dyV0ZLRzRob29PN05lVHVlT21RNnZPN01aYUJBMEJFQm9QdHVucndsWVVTQTYtODdpMmF3ZS1hbzgtOVg2M1BFc1ROTF9aOU0xdXpyTW8?oc=5\" target=\"_blank\" rel=\"nofollow noopener\">Be\u013c\u0123ija nov\u0113rojusi aizdom\u012bgus lidrobotus; past\u0101v ba\u017eas par spiego\u0161anu &#8211;<\/a>&nbsp;&nbsp;bnn.lv<\/li>\n<li><a href=\"https:\/\/news.google.com\/rss\/articles\/CBMi1gFBVV95cUxPbGFIRUg0OGgzUzVJeVVLeDFMclV4VUIySFpRQ2J4OVFZMHM5YW9LRkdYbG1EWGRmZl9tdXRNNGlrQmRLdk52T3Y0X3k1WGRnYk9STWJVcjNiRGN4QzZKdXZzYjR3MzNKMkRsOHJqWjR6ZzdJZ3JLNTdGVk1wQ0lfU1FzN1M4ckFZbC1tUUFmY1FIZ09iS01xc2RSOXZnZEdYdk9oaVV6QUV5QUE2ellSMDRlb283Q0JDWmRlUEo3RTB4SEhPdlJ2TUIxRjJGQ0t4Y2JTTEFn?oc=5\" target=\"_blank\" rel=\"nofollow noopener\">Be\u013c\u0123ij\u0101 virs NATO sp\u0113ku karab\u0101zes atkal droni \u2013 tie pazudu\u0161i N\u012bderlandes virzien\u0101 \/ Raksts<\/a>&nbsp;&nbsp;LSM<\/li>\n<li><a href=\"https:\/\/news.google.com\/rss\/articles\/CBMioAFBVV95cUxPckNpVFNnYzQ5WGlXTnVyM3RKcHhUcGcza29lelMwNllYSnBqQU9uSXl5S2p3bk1STE4ydkRlbkx1TllnTktTemlReUZWSzJxYXJPM1B3TWR0WEczdllCMFBPaWJQNWZMXy1yRkpjMmJKbzJ0RzEwWnBQd19oWDlaeUd0R2lEc1czYWlYWkNmalF1cjNfQnp2Y21SM0VXd3Zl?oc=5\" target=\"_blank\" rel=\"nofollow noopener\">Drona d\u0113\u013c uz stundu aptur\u0113ti reisi Br\u0113menes lidost\u0101<\/a>&nbsp;&nbsp;Delfi<\/li>\n<li><a href=\"https:\/\/news.google.com\/rss\/articles\/CBMirgFBVV95cUxQZ0NOT2FwYUF3YXpJdFNPTHhONFNJY2lKQ3ZTN2VEQXR0LWs0NjBVeGF1VnlpalhCSmYyOE91THBUTFV3dkF1bURLc3VqNUNnZzJPOVVka0p6RWhtWnB6azJRUl9vdjdwLVIwMHc1aWR2Y0RJMzhnN3hxbENYLXlBRjZlNHRKM2tycDFKX09HbXNPT3FKaDJRMWFQT3J3SGloTkhIaEtyTUhJSy1tVFE?oc=5\" target=\"_blank\" rel=\"nofollow noopener\">Neidentific\u0113ti droni pie Berl\u012bnas lidostas: avioreisi tika aptur\u0113ti uz gandr\u012bz div\u0101m stund\u0101m<\/a>&nbsp;&nbsp;LA.LV<\/li>\n<li><a href=\"https:\/\/news.google.com\/rss\/articles\/CBMiiAFBVV95cUxPbWNZZFAwS2RzRm52R053NnhrLXQ5MW15emNFVWh4eDVHa09WMk9IaUdJeVdXbEg0NkRnZUlGVV9Yc0d4dDNtczQ3SEtKNXF6ZFpIempCUDhQbVpzSkpJZ3pkbDNyTUs1ZEd0a0JwRzQybWRfQ1lBRUV2X3FDck1JZVhoTUJncG1O?oc=5\" target=\"_blank\" rel=\"nofollow noopener\">Virs milit\u0101r\u0101s b\u0101zes Be\u013c\u0123ij\u0101 paman\u012bti vair\u0101ki droni<\/a>&nbsp;&nbsp;Apollo.lv<\/li>\n<\/ol>\n","protected":false},"excerpt":{"rendered":"Be\u013c\u0123ija nov\u0113rojusi aizdom\u012bgus lidrobotus; past\u0101v ba\u017eas par spiego\u0161anu &#8211;&nbsp;&nbsp;bnn.lv Be\u013c\u0123ij\u0101 virs NATO sp\u0113ku karab\u0101zes atkal droni \u2013 tie&hellip;\n","protected":false},"author":2,"featured_media":39408,"comment_status":"","ping_status":"","sticky":false,"template":"","format":"standard","meta":{"footnotes":""},"categories":[5],"tags":[23,28,29,32,33,22,30,31,35,39,38,36,37,34,40,20,26,27,24,25,21],"class_list":{"0":"post-39407","1":"post","2":"type-post","3":"status-publish","4":"format-standard","5":"has-post-thumbnail","7":"category-aktualitates","8":"tag-aktualitates","9":"tag-breaking-news","10":"tag-breakingnews","11":"tag-featured-news","12":"tag-featurednews","13":"tag-headlines","14":"tag-latest-news","15":"tag-latestnews","16":"tag-latvia","17":"tag-latvian","18":"tag-latviesu","19":"tag-latviesu-valoda","20":"tag-latviesuvaloda","21":"tag-latvija","22":"tag-lv","23":"tag-news","24":"tag-popularakas-zinas","25":"tag-popularakaszinas","26":"tag-top-stories","27":"tag-topstories","28":"tag-zinas"},"share_on_mastodon":{"url":"https:\/\/pubeurope.com\/@lv\/115489926234729273","error":""},"_links":{"self":[{"href":"https:\/\/www.europesays.com\/lv\/wp-json\/wp\/v2\/posts\/39407","targetHints":{"allow":["GET"]}}],"collection":[{"href":"https:\/\/www.europesays.com\/lv\/wp-json\/wp\/v2\/posts"}],"about":[{"href":"https:\/\/www.europesays.com\/lv\/wp-json\/wp\/v2\/types\/post"}],"author":[{"embeddable":true,"href":"https:\/\/www.europesays.com\/lv\/wp-json\/wp\/v2\/users\/2"}],"replies":[{"embeddable":true,"href":"https:\/\/www.europesays.com\/lv\/wp-json\/wp\/v2\/comments?post=39407"}],"version-history":[{"count":0,"href":"https:\/\/www.europesays.com\/lv\/wp-json\/wp\/v2\/posts\/39407\/revisions"}],"wp:featuredmedia":[{"embeddable":true,"href":"https:\/\/www.europesays.com\/lv\/wp-json\/wp\/v2\/media\/39408"}],"wp:attachment":[{"href":"https:\/\/www.europesays.com\/lv\/wp-json\/wp\/v2\/media?parent=39407"}],"wp:term":[{"taxonomy":"category","embeddable":true,"href":"https:\/\/www.europesays.com\/lv\/wp-json\/wp\/v2\/categories?post=39407"},{"taxonomy":"post_tag","embeddable":true,"href":"https:\/\/www.europesays.com\/lv\/wp-json\/wp\/v2\/tags?post=39407"}],"curies":[{"name":"wp","href":"https:\/\/api.w.org\/{rel}","templated":true}]}}