{"id":39411,"date":"2025-11-04T06:17:07","date_gmt":"2025-11-04T06:17:07","guid":{"rendered":"https:\/\/www.europesays.com\/lv\/39411\/"},"modified":"2025-11-04T06:17:07","modified_gmt":"2025-11-04T06:17:07","slug":"policija-izvirzijusi-apsudzibas-par-cilveku-sadursanu-vilciena-aizturetajam-diena","status":"publish","type":"post","link":"https:\/\/www.europesays.com\/lv\/39411\/","title":{"rendered":"Policija izvirz\u012bjusi aps\u016bdz\u012bbas par cilv\u0113ku sadur\u0161anu vilcien\u0101 aiztur\u0113tajam \/ Diena"},"content":{"rendered":"<p>BBC v\u0113sta, ka pirmdien aps\u016bdz\u0113tais \u2013 32 gadus vecais P\u012bterboro iedz\u012bvot\u0101js \u2013 tika nog\u0101d\u0101ts \u0161\u012bs pa\u0161as pils\u0113tas ties\u0101 dro\u0161\u012bbas l\u012bdzek\u013ca noteik\u0161anai. Policija joproj\u0101m cen\u0161as noskaidrot uzbrukumu mot\u012bvus, ta\u010du uzsver, ka notiku\u0161ais, visticam\u0101k, nav saist\u012bts ar terorismu. Dzelzce\u013ca stacij\u0101s London\u0101 un vilcienos pirmdien bija nov\u0113rojama pastiprin\u0101ta bru\u0146otu policistu patrul\u0113\u0161ana.<\/p>\n<p>&#13;<br \/>\n&#13;<\/p>\n<p>Sestdien LNER \u0101trvilciens pulksten 18.25 izbrauca no Donkasteras stacijas Dienvidjork\u0161\u012br\u0101 mar\u0161rut\u0101 uz Kingskrosas staciju London\u0101. Stundu v\u0113l\u0101k pasa\u017eieru vid\u016b izplat\u012bj\u0101s saucieni, aicinot b\u0113gt, jo vilcien\u0101 esot cilv\u0113ks, kur\u0161 durot visus p\u0101r\u0113jos. Cilv\u0113ki s\u0101ka skriet pa vilcienu. Kembrid\u017e\u0161\u012bras policija pirmo zvanu par notieko\u0161o sa\u0146\u0113ma 19.30, Lielbrit\u0101nijas Transporta policija \u2013 19.42. V\u0113l p\u0113c asto\u0146\u0101m min\u016bt\u0113m vilciens tika apst\u0101din\u0101ts nepl\u0101not\u0101 pietur\u0101 Hantingdon\u0101, Kembrid\u017e\u0161\u012br\u0101. Bru\u0146oti policisti aiztur\u0113ja divus v\u012brie\u0161us aizdom\u0101s par uzbrukumu. Viens no vi\u0146iem v\u0113l\u0101k tika atbr\u012bvots.<\/p>\n<p>&#13;<br \/>\n&#13;<\/p>\n<p>Slimn\u012bc\u0101 tika nog\u0101d\u0101ti 11 cilv\u0113ki. Pirmdienas r\u012bt\u0101 slimn\u012bc\u0101 v\u0113l bija pieci sadurtie. Viena no vi\u0146iem \u2013 vilciena\u00a0apkalpes darbinieka, kur\u0161 cent\u0101s pasarg\u0101t pasa\u017eierus no uzbruc\u0113ja, \u2013 vesel\u012bbas st\u0101voklis joproj\u0101m bija kritisks, ta\u010du stabils.<\/p>\n<p>&#13;<br \/>\n&#13;<\/p>\n<p>Par aizdom\u0101s tur\u0113to publiski zin\u0101ms vien tas, ka vi\u0146\u0161 ir meln\u0101dains Lielbrit\u0101nijas pilsonis. Lielbrit\u0101nijas Trans &#8211; porta policija vakar pazi\u0146oja, ka saist\u012bb\u0101 ar notiku\u0161o vilcien\u0101 E. Viljamsam izvirz\u012btas aps\u016bdz\u012bbas par 10 personu slepkav\u012bbas m\u0113\u0123in\u0101jumiem, par miesas boj\u0101juma nodar\u012b\u0161ana vienai personai un par aukst\u0101 iero\u010du n\u0113s\u0101\u0161anu. Atsevi\u0161\u0137a aps\u016bdz\u012bba vi\u0146am izvirz\u012bta ar\u012b par vienas personas slepkav\u012bbas m\u0113\u0123in\u0101jumu un aukst\u0101 iero\u010da n\u0113s\u0101\u0161anu saist\u012bb\u0101 ar incidentu Londonas DLR transporta sist\u0113mas stacij\u0101 sestdien pulksten 00.46. Policija bija noskaidrojusi, ka uzbrukuma upurim tika ar nazi nodar\u012bti sejas boj\u0101jumi. E. Viljamss tika identific\u0113ts k\u0101 aizdom\u0101s tur\u0113tais par \u0161o uzbrukumu.<\/p>\n<p>&#13;<br \/>\n&#13;<\/p>\n<p>Britu transporta ministre Heidi Aleksandera vakar pazi\u0146oja, ka policija pa\u0161laik p\u0101rbauda inform\u0101ciju par aizdom\u0101s tur\u0113t\u0101 psihisko vesel\u012bbu. Vi\u0146a ar\u012b apstiprin\u0101ja, ka tiks palielin\u0101ta policistu kl\u0101tb\u016btne stacij\u0101s un vilcienos.\u00a0<\/p>\n<p>&#13;<\/p>\n","protected":false},"excerpt":{"rendered":"BBC v\u0113sta, ka pirmdien aps\u016bdz\u0113tais \u2013 32 gadus vecais P\u012bterboro iedz\u012bvot\u0101js \u2013 tika nog\u0101d\u0101ts \u0161\u012bs pa\u0161as pils\u0113tas ties\u0101&hellip;\n","protected":false},"author":2,"featured_media":39412,"comment_status":"","ping_status":"","sticky":false,"template":"","format":"standard","meta":{"footnotes":""},"categories":[5],"tags":[23,28,29,32,33,22,30,31,35,39,38,36,37,34,40,20,26,27,24,25,21],"class_list":{"0":"post-39411","1":"post","2":"type-post","3":"status-publish","4":"format-standard","5":"has-post-thumbnail","7":"category-aktualitates","8":"tag-aktualitates","9":"tag-breaking-news","10":"tag-breakingnews","11":"tag-featured-news","12":"tag-featurednews","13":"tag-headlines","14":"tag-latest-news","15":"tag-latestnews","16":"tag-latvia","17":"tag-latvian","18":"tag-latviesu","19":"tag-latviesu-valoda","20":"tag-latviesuvaloda","21":"tag-latvija","22":"tag-lv","23":"tag-news","24":"tag-popularakas-zinas","25":"tag-popularakaszinas","26":"tag-top-stories","27":"tag-topstories","28":"tag-zinas"},"share_on_mastodon":{"url":"https:\/\/pubeurope.com\/@lv\/115489973471158942","error":""},"_links":{"self":[{"href":"https:\/\/www.europesays.com\/lv\/wp-json\/wp\/v2\/posts\/39411","targetHints":{"allow":["GET"]}}],"collection":[{"href":"https:\/\/www.europesays.com\/lv\/wp-json\/wp\/v2\/posts"}],"about":[{"href":"https:\/\/www.europesays.com\/lv\/wp-json\/wp\/v2\/types\/post"}],"author":[{"embeddable":true,"href":"https:\/\/www.europesays.com\/lv\/wp-json\/wp\/v2\/users\/2"}],"replies":[{"embeddable":true,"href":"https:\/\/www.europesays.com\/lv\/wp-json\/wp\/v2\/comments?post=39411"}],"version-history":[{"count":0,"href":"https:\/\/www.europesays.com\/lv\/wp-json\/wp\/v2\/posts\/39411\/revisions"}],"wp:featuredmedia":[{"embeddable":true,"href":"https:\/\/www.europesays.com\/lv\/wp-json\/wp\/v2\/media\/39412"}],"wp:attachment":[{"href":"https:\/\/www.europesays.com\/lv\/wp-json\/wp\/v2\/media?parent=39411"}],"wp:term":[{"taxonomy":"category","embeddable":true,"href":"https:\/\/www.europesays.com\/lv\/wp-json\/wp\/v2\/categories?post=39411"},{"taxonomy":"post_tag","embeddable":true,"href":"https:\/\/www.europesays.com\/lv\/wp-json\/wp\/v2\/tags?post=39411"}],"curies":[{"name":"wp","href":"https:\/\/api.w.org\/{rel}","templated":true}]}}