{"id":39419,"date":"2025-11-04T06:26:08","date_gmt":"2025-11-04T06:26:08","guid":{"rendered":"https:\/\/www.europesays.com\/lv\/39419\/"},"modified":"2025-11-04T06:26:08","modified_gmt":"2025-11-04T06:26:08","slug":"dacia-gatavo-jaunu-universali-lai-konkuretu-ar-skoda-octavia","status":"publish","type":"post","link":"https:\/\/www.europesays.com\/lv\/39419\/","title":{"rendered":"\u201cDacia\u201d gatavo jaunu univers\u0101li, lai konkur\u0113tu ar \u201c\u0160koda Octavia\u201d"},"content":{"rendered":"<p>\u0160koda Octavia ir viens no popul\u0101r\u0101kajiem vid\u0113j\u0101s klases univers\u0101\u013ciem, bet rum\u0101\u0146u autora\u017eot\u0101js Dacia v\u0113las pakonkur\u0113t ar \u010dehu\u00a0bestselleri, t\u0101p\u0113c Dacia gatavo pa\u0161i savu univers\u0101li, medijam Autocar\u00a0apstiprin\u0101ju\u0161i autora\u017eot\u0101ja p\u0101rst\u0101vji.\n<\/p>\n<p>Pl\u0101nots, ka jaunais modelis tiks prezent\u0113ts jau n\u0101kamo da\u017eu m\u0113ne\u0161u laik\u0101, klientus sasniedzot n\u0101kam\u0101 gada otraj\u0101 pus\u0113, bet auto veidots uz Bigster krosovera b\u0101zes un, visticam\u0101k, izmantos tos pa\u0161us benz\u012bna motorus.\n<\/p>\n<p>Dacia jaun\u0101 izpilddirektore Katr\u012bna Adta nor\u0101d\u012bjusi, ka Bigster pan\u0101kumi \u0161aj\u0101 segment\u0101 devu\u0161i p\u0101rliec\u012bbu, ka \u0161\u012b platforma ir konkur\u0113tsp\u0113j\u012bga un Dacia var b\u016bt piepras\u012bta ar\u012b vid\u0113j\u0101s klases segment\u0101.\n<\/p>\n<p>No nopludin\u0101tiem prototipu att\u0113liem noprotams, ka topo\u0161ais Dacia univers\u0101lis vizu\u0101li izskat\u012bsies p\u0113c augst\u0101ka, izstiepta Sandero. Autora\u017eot\u0101ja p\u0101rst\u0101vji skaidro, ka, lai ar\u012b ma\u0161\u012bnas pamat\u0101 ir Bigster, jaunais modelis b\u016bs visnota\u013c at\u0161\u0137ir\u012bgs no krosovera, Dacia radot pied\u0101v\u0101jumu tiem cilv\u0113kiem, kuri nev\u0113las krosoveru, bet gan univers\u0101li.\n<\/p>\n<p>Dacia pietur\u0113sies pie saviem trumpjiem, proti, auto b\u016bs apr\u012bkots tikai ar pa\u0161u nepiecie\u0161am\u0101ko, atsakoties no da\u017e\u0101d\u0101m ekstr\u0101m, t\u0101d\u0113j\u0101di komp\u0101nijai samazinot ma\u0161\u012bnas cenu un p\u0101rsp\u0113jot savus konkurentus. Pl\u0101nots, ka s\u0101kumcena b\u016bs ap 20 t\u016bksto\u0161iem eiro vai nedaudz virs \u0161\u012bs atz\u012bmes, komp\u0101nijas p\u0101rst\u0101vjiem uzsverot \u2013 \u0161is nav auto, kuru novietot st\u0101vviet\u0101 k\u0101 statusa simbolu, bet gan ma\u0161\u012bna, kuru ikdien\u0101 izmantot visos nepiecie\u0161amajos darbos.<\/p>\n","protected":false},"excerpt":{"rendered":"\u0160koda Octavia ir viens no popul\u0101r\u0101kajiem vid\u0113j\u0101s klases univers\u0101\u013ciem, bet rum\u0101\u0146u autora\u017eot\u0101js Dacia v\u0113las pakonkur\u0113t ar \u010dehu\u00a0bestselleri, t\u0101p\u0113c&hellip;\n","protected":false},"author":2,"featured_media":39420,"comment_status":"","ping_status":"","sticky":false,"template":"","format":"standard","meta":{"footnotes":""},"categories":[16],"tags":[77,76,35,39,38,36,37,34,40],"class_list":{"0":"post-39419","1":"post","2":"type-post","3":"status-publish","4":"format-standard","5":"has-post-thumbnail","7":"category-bizness","8":"tag-bizness","9":"tag-business","10":"tag-latvia","11":"tag-latvian","12":"tag-latviesu","13":"tag-latviesu-valoda","14":"tag-latviesuvaloda","15":"tag-latvija","16":"tag-lv"},"share_on_mastodon":{"url":"https:\/\/pubeurope.com\/@lv\/115490008929383394","error":""},"_links":{"self":[{"href":"https:\/\/www.europesays.com\/lv\/wp-json\/wp\/v2\/posts\/39419","targetHints":{"allow":["GET"]}}],"collection":[{"href":"https:\/\/www.europesays.com\/lv\/wp-json\/wp\/v2\/posts"}],"about":[{"href":"https:\/\/www.europesays.com\/lv\/wp-json\/wp\/v2\/types\/post"}],"author":[{"embeddable":true,"href":"https:\/\/www.europesays.com\/lv\/wp-json\/wp\/v2\/users\/2"}],"replies":[{"embeddable":true,"href":"https:\/\/www.europesays.com\/lv\/wp-json\/wp\/v2\/comments?post=39419"}],"version-history":[{"count":0,"href":"https:\/\/www.europesays.com\/lv\/wp-json\/wp\/v2\/posts\/39419\/revisions"}],"wp:featuredmedia":[{"embeddable":true,"href":"https:\/\/www.europesays.com\/lv\/wp-json\/wp\/v2\/media\/39420"}],"wp:attachment":[{"href":"https:\/\/www.europesays.com\/lv\/wp-json\/wp\/v2\/media?parent=39419"}],"wp:term":[{"taxonomy":"category","embeddable":true,"href":"https:\/\/www.europesays.com\/lv\/wp-json\/wp\/v2\/categories?post=39419"},{"taxonomy":"post_tag","embeddable":true,"href":"https:\/\/www.europesays.com\/lv\/wp-json\/wp\/v2\/tags?post=39419"}],"curies":[{"name":"wp","href":"https:\/\/api.w.org\/{rel}","templated":true}]}}