{"id":39423,"date":"2025-11-04T06:28:08","date_gmt":"2025-11-04T06:28:08","guid":{"rendered":"https:\/\/www.europesays.com\/lv\/39423\/"},"modified":"2025-11-04T06:28:08","modified_gmt":"2025-11-04T06:28:08","slug":"austrija-aizturets-latvijas-pilsonis-kas-draudejis-sagrabt-kilniekus-vilciena","status":"publish","type":"post","link":"https:\/\/www.europesays.com\/lv\/39423\/","title":{"rendered":"Austrij\u0101 aiztur\u0113ts Latvijas pilsonis, kas draud\u0113jis sagr\u0101bt \u0137\u012blniekus vilcien\u0101"},"content":{"rendered":"<p>Brauciena laik\u0101 31 gadu vecais v\u012brietis pazi\u0146oja, ka vi\u0146\u0161 sagr\u0101bs \u0137\u012blniekus, ja vilcien\u0101 iek\u0101ps policisti, pav\u0113st\u012bja Zalcburgas policijas preses sekret\u0101rs.<\/p>\n<p>Kad <a href=\"https:\/\/www.apollo.lv\/term\/563546\/vilciens\" class=\"topicLink\" target=\"_blank\" rel=\"nofollow noopener\">vilciens<\/a> apst\u0101j\u0101s Zalcburg\u0101, v\u012brieti aiztur\u0113ja specvien\u012bba. Viens policists tika ievainots, kad v\u012brietis m\u0113\u0123in\u0101ja pretoties aiztur\u0113\u0161anai, sac\u012bja policijas preses sekret\u0101rs.<\/p>\n<p>Aiztur\u0113tais v\u012brietis nebija bru\u0146ots, pav\u0113st\u012bja policija.<\/p>\n<p>Incidents notika da\u017eas dienas p\u0113c tam, kad vilcien\u0101 Lielbrit\u0101nij\u0101 tika sadurti vair\u0101ki cilv\u0113ki. \u0160aj\u0101 liet\u0101 ir aiztur\u0113ts un aps\u016bdz\u0113ts 32 gadus vecs v\u012brietis.<\/p>\n","protected":false},"excerpt":{"rendered":"Brauciena laik\u0101 31 gadu vecais v\u012brietis pazi\u0146oja, ka vi\u0146\u0161 sagr\u0101bs \u0137\u012blniekus, ja vilcien\u0101 iek\u0101ps policisti, pav\u0113st\u012bja Zalcburgas policijas&hellip;\n","protected":false},"author":2,"featured_media":39424,"comment_status":"","ping_status":"","sticky":false,"template":"","format":"standard","meta":{"footnotes":""},"categories":[12],"tags":[23,623,28,29,32,33,22,1273,30,31,35,39,11468,38,36,37,34,40,20,26,27,24,25,2020,21],"class_list":{"0":"post-39423","1":"post","2":"type-post","3":"status-publish","4":"format-standard","5":"has-post-thumbnail","7":"category-latvija","8":"tag-aktualitates","9":"tag-austrija","10":"tag-breaking-news","11":"tag-breakingnews","12":"tag-featured-news","13":"tag-featurednews","14":"tag-headlines","15":"tag-kilnieki","16":"tag-latest-news","17":"tag-latestnews","18":"tag-latvia","19":"tag-latvian","20":"tag-latviesi-eiropa","21":"tag-latviesu","22":"tag-latviesu-valoda","23":"tag-latviesuvaloda","24":"tag-latvija","25":"tag-lv","26":"tag-news","27":"tag-popularakas-zinas","28":"tag-popularakaszinas","29":"tag-top-stories","30":"tag-topstories","31":"tag-vilciens","32":"tag-zinas"},"share_on_mastodon":{"url":"https:\/\/pubeurope.com\/@lv\/115490016636313564","error":""},"_links":{"self":[{"href":"https:\/\/www.europesays.com\/lv\/wp-json\/wp\/v2\/posts\/39423","targetHints":{"allow":["GET"]}}],"collection":[{"href":"https:\/\/www.europesays.com\/lv\/wp-json\/wp\/v2\/posts"}],"about":[{"href":"https:\/\/www.europesays.com\/lv\/wp-json\/wp\/v2\/types\/post"}],"author":[{"embeddable":true,"href":"https:\/\/www.europesays.com\/lv\/wp-json\/wp\/v2\/users\/2"}],"replies":[{"embeddable":true,"href":"https:\/\/www.europesays.com\/lv\/wp-json\/wp\/v2\/comments?post=39423"}],"version-history":[{"count":0,"href":"https:\/\/www.europesays.com\/lv\/wp-json\/wp\/v2\/posts\/39423\/revisions"}],"wp:featuredmedia":[{"embeddable":true,"href":"https:\/\/www.europesays.com\/lv\/wp-json\/wp\/v2\/media\/39424"}],"wp:attachment":[{"href":"https:\/\/www.europesays.com\/lv\/wp-json\/wp\/v2\/media?parent=39423"}],"wp:term":[{"taxonomy":"category","embeddable":true,"href":"https:\/\/www.europesays.com\/lv\/wp-json\/wp\/v2\/categories?post=39423"},{"taxonomy":"post_tag","embeddable":true,"href":"https:\/\/www.europesays.com\/lv\/wp-json\/wp\/v2\/tags?post=39423"}],"curies":[{"name":"wp","href":"https:\/\/api.w.org\/{rel}","templated":true}]}}