{"id":39427,"date":"2025-11-04T06:34:08","date_gmt":"2025-11-04T06:34:08","guid":{"rendered":"https:\/\/www.europesays.com\/lv\/39427\/"},"modified":"2025-11-04T06:34:08","modified_gmt":"2025-11-04T06:34:08","slug":"karina-lidojumi-kucinskis-gatavs-atbalstit-citskovski","status":"publish","type":"post","link":"https:\/\/www.europesays.com\/lv\/39427\/","title":{"rendered":"Kari\u0146a lidojumi: Ku\u010dinskis gatavs atbalst\u012bt Citskovski"},"content":{"rendered":"<p class=\"descr\">Prokurat\u016bra nodevusi tiesai biju\u0161\u0101 ministru prezidenta Kri\u0161j\u0101\u0146a Kari\u0146a lidojumu lietu, kur vien\u012bgais aps\u016bdz\u0113tais ir biju\u0161ais Valsts kancelejas direktors J\u0101nis Citskovskis. Vain\u012bgs ir nevis tas, kur\u0161 lidoja un guva labumu, bet tas, kurs paraksta pap\u012brus. Saeimas deput\u0101ts (\u201cApvienotais saraksts\u201d), biju\u0161ais iek\u0161lietu ministrs un premjers M\u0101ris Ku\u010dinskis TV24 to nod\u0113v\u0113ja par n\u0101kamo br\u012bnumu.<\/p>\n<p>M. Ku\u010dinskis sac\u012bja, ka var apliecin\u0101t, ka, gandr\u012bz tr\u012bs gadus esot ministru prezidenta amat\u0101, neviens no neskait\u0101majiem lidojumiem, neviens mar\u0161ruts nenotika t\u0101, ka Valsts kanceleja viena izl\u0113ma, nesaska\u0146ojot to ar premjera biroju, un birojs savuk\u0101rt vaic\u0101ja premjeram. <\/p>\n<p><a href=\"https:\/\/nra.lv\/birka\/maris-kucinskis\/\" rel=\"nofollow noopener\" target=\"_blank\">M. Ku\u010dinskis<\/a> pauda savu gatav\u012bbu b\u016bt lieciniekam \u0161aj\u0101 liet\u0101 un pateikt to <a href=\"https:\/\/nra.lv\/birka\/janis-citskovskis\/\" rel=\"nofollow noopener\" target=\"_blank\">J. Citskovskim<\/a>, \u201cjo tas ir liels nonsenss, kad emocijas iet p\u0101ri, un es varu st\u0101d\u012bties priek\u0161\u0101, k\u0101 tas viss tur notika, bet tad viens ir gal\u0113jais\u201d. <\/p>\n<p>Biju\u0161o premjeru satrauc, ka tagad saist\u012bb\u0101 ar birokr\u0101tijas samazin\u0101\u0161anu neviens ier\u0113dnis vairs nerisk\u0113s likt savu parakstu, jo birokr\u0101tijas mazin\u0101\u0161ana noz\u012bm\u0113 liel\u0101ku atbild\u012bbu, liel\u0101ku past\u0101v\u012bbu l\u0113mumu pie\u0146em\u0161an\u0101. \u201cJa agr\u0101k par ministru s\u016bt\u012b\u0161anu komand\u0113jum\u0101 bija viens vai divi paraksti, tad \u0161obr\u012bd tie ir k\u0101di asto\u0146i, un neviens negrib b\u016bt tas, kuram b\u016bs j\u0101atbild politi\u0137a viet\u0101,\u201d sac\u012bja M. Ku\u010dinskis.<\/p>\n<p>\t\t\t\t\t\tinfo<\/p>\n<p>Uzzini pirmais<br \/>kas interesants noticis Latvij\u0101 un pasaul\u0113,<br \/>pievienojoties mums <a href=\"https:\/\/t.me\/neatkariga\" rel=\"nofollow\">Telegram<\/a> vai <a href=\"https:\/\/whatsapp.com\/channel\/0029VaMLFUH5K3zLU5s4wm3y\" rel=\"nofollow noopener\" target=\"_blank\">Whatsapp<\/a> kan\u0101l\u0101<\/p>\n","protected":false},"excerpt":{"rendered":"Prokurat\u016bra nodevusi tiesai biju\u0161\u0101 ministru prezidenta Kri\u0161j\u0101\u0146a Kari\u0146a lidojumu lietu, kur vien\u012bgais aps\u016bdz\u0113tais ir biju\u0161ais Valsts kancelejas direktors&hellip;\n","protected":false},"author":2,"featured_media":39428,"comment_status":"","ping_status":"","sticky":false,"template":"","format":"standard","meta":{"footnotes":""},"categories":[12],"tags":[23,28,29,32,33,22,30,31,35,39,38,36,37,34,40,20,26,27,24,25,21],"class_list":{"0":"post-39427","1":"post","2":"type-post","3":"status-publish","4":"format-standard","5":"has-post-thumbnail","7":"category-latvija","8":"tag-aktualitates","9":"tag-breaking-news","10":"tag-breakingnews","11":"tag-featured-news","12":"tag-featurednews","13":"tag-headlines","14":"tag-latest-news","15":"tag-latestnews","16":"tag-latvia","17":"tag-latvian","18":"tag-latviesu","19":"tag-latviesu-valoda","20":"tag-latviesuvaloda","21":"tag-latvija","22":"tag-lv","23":"tag-news","24":"tag-popularakas-zinas","25":"tag-popularakaszinas","26":"tag-top-stories","27":"tag-topstories","28":"tag-zinas"},"share_on_mastodon":{"url":"https:\/\/pubeurope.com\/@lv\/115490040292807905","error":""},"_links":{"self":[{"href":"https:\/\/www.europesays.com\/lv\/wp-json\/wp\/v2\/posts\/39427","targetHints":{"allow":["GET"]}}],"collection":[{"href":"https:\/\/www.europesays.com\/lv\/wp-json\/wp\/v2\/posts"}],"about":[{"href":"https:\/\/www.europesays.com\/lv\/wp-json\/wp\/v2\/types\/post"}],"author":[{"embeddable":true,"href":"https:\/\/www.europesays.com\/lv\/wp-json\/wp\/v2\/users\/2"}],"replies":[{"embeddable":true,"href":"https:\/\/www.europesays.com\/lv\/wp-json\/wp\/v2\/comments?post=39427"}],"version-history":[{"count":0,"href":"https:\/\/www.europesays.com\/lv\/wp-json\/wp\/v2\/posts\/39427\/revisions"}],"wp:featuredmedia":[{"embeddable":true,"href":"https:\/\/www.europesays.com\/lv\/wp-json\/wp\/v2\/media\/39428"}],"wp:attachment":[{"href":"https:\/\/www.europesays.com\/lv\/wp-json\/wp\/v2\/media?parent=39427"}],"wp:term":[{"taxonomy":"category","embeddable":true,"href":"https:\/\/www.europesays.com\/lv\/wp-json\/wp\/v2\/categories?post=39427"},{"taxonomy":"post_tag","embeddable":true,"href":"https:\/\/www.europesays.com\/lv\/wp-json\/wp\/v2\/tags?post=39427"}],"curies":[{"name":"wp","href":"https:\/\/api.w.org\/{rel}","templated":true}]}}